{"id":9998,"date":"2021-11-23T09:19:12","date_gmt":"2021-11-23T08:19:12","guid":{"rendered":"https:\/\/www.kymco.es\/prensa\/?p=9998"},"modified":"2021-11-25T17:50:51","modified_gmt":"2021-11-25T16:50:51","slug":"allen-ko-la-nueva-generacion-ionex-podria-dar-el-salto-desde-asia-en-2022-si-se-calman-las-tensiones-comerciales-2","status":"publish","type":"post","link":"https:\/\/www.kymco.es\/prensa\/nota-de-prensa\/allen-ko-la-nueva-generacion-ionex-podria-dar-el-salto-desde-asia-en-2022-si-se-calman-las-tensiones-comerciales-2\/","title":{"rendered":"Allen Ko: \u00abLa nueva generaci\u00f3n IONEX podr\u00eda dar el salto desde Asia en 2022 si se calman las tensiones comerciales\u00bb"},"content":{"rendered":"<p><div class=\"video-shortcode\"><iframe title=\"KYMCO EICMA 2021 PREVIEW PRESS CONFERENCE Taiwan\/ November 23rd, English Channel\" width=\"1240\" height=\"698\" src=\"https:\/\/www.youtube.com\/embed\/ICziM4sE4_0?feature=oembed\" frameborder=\"0\" allow=\"accelerometer; autoplay; clipboard-write; encrypted-media; gyroscope; picture-in-picture\" allowfullscreen><\/iframe><\/div>\n<\/p>\n<ul>\n<li><strong>Allen Ko, presidente de KYMCO Global: \u201cKYMCO contin\u00faa a la vanguardia de la electrificaci\u00f3n de la industria mundial de motocicletas, liderando el desarrollo de la industria con nuevas tecnolog\u00edas y posicionamiento innovador\u201d<\/strong><\/li>\n<li><strong>\u201cA medida que el impacto de la epidemia sobre la actividad comercial disminuya, el despliegue de los veh\u00edculos el\u00e9ctricos KYMCO se acelerar\u00e1, esperamos que en 2022 d\u00e9 sus frutos y podamos mostrar al mundo nuestra fortaleza\u201d.<\/strong><\/li>\n<li><strong>Adem\u00e1s de repasar los avances de IONEX, presenta en primicia el nuevo AK 550 ST.\u00a0<\/strong><\/li>\n<\/ul>\n<p><strong>Changhua (Taiw\u00e1n), 23 de noviembre<\/strong><strong>. <\/strong>El presidente de KYMCO Global, <strong>Allen Ko<\/strong>, que este a\u00f1o no ha podido asistir presencialmente al Sal\u00f3n de la Moto de Mil\u00e1n (23 &#8211; 28 de noviembre) por las restricciones de la pandemia, ha subrayado en rueda de prensa previa a la <strong>presentaci\u00f3n de las novedades KYMCO 2022<\/strong>,\u00a0 que la nueva generaci\u00f3n de veh\u00edculos el\u00e9ctricos IONEX, que se exponen en Mil\u00e1n, podr\u00eda empezar a desplegarse por primera vez fuera de Asia en 2022, dentro del actual papel de liderazgo de la marca en la actual electrificaci\u00f3n mundial.https:\/\/youtu.be\/ICziM4sE4_0<\/p>\n<p>\u201cA medida que el impacto de la epidemia sobre la actividad comercial disminuya, el despliegue de los veh\u00edculos el\u00e9ctricos KYMCO se acelerar\u00e1,<strong> esperamos que en 2022 d\u00e9 sus frutos y podamos mostrar al mundo esta fortaleza\u201d<\/strong>, ha dicho Ko en la rueda de prensa celebrada en el Estadio Taifung, en Changhua (Taiw\u00e1n).<\/p>\n<p>\u201cEn Taiw\u00e1n, la llegada de una nueva generaci\u00f3n IONEX ha estimulado el deseo de todos de poseer una moto el\u00e9ctrica. El objetivo de establecer la red de intercambio de bater\u00edas m\u00e1s densa del pa\u00eds, el servicio VIP de intercambio de bater\u00edas, y las m\u00faltiples opciones de carga en red y versiones de intercambio de bater\u00edas, han superado por completo el patr\u00f3n existente del mercado de veh\u00edculos el\u00e9ctricos\u201d.<\/p>\n<p>Ko ha analizado el actual contexto macroecon\u00f3mico y el impacto en las operaciones comerciales, pero ha subrayado la necesidad de alcanzar la neutralidad de carbono, foco de atenci\u00f3n mundial, vital para el desarrollo sostenible. \u201c<strong>Se puede decir que 2021 es el primer a\u00f1o de la neutralidad de carbono.<\/strong> KYMCO contin\u00faa a la vanguardia liderando el desarrollo continuo de la industria con nuevas tecnolog\u00edas y posicionamiento innovador\u201d.<\/p>\n<div class='photonic-wp-stream photonic-stream ' id='photonic-wp-stream-1'>\n<div id='photonic-slideshow-1' class='photonic-slideshow strip-below title-display-hover-slideup-show photonic-slideshow-adapt-height-width' data-splide='{\"type\":\"fade\",\"perPage\":\"1\",\"autoplay\":true,\"speed\":\"1000\",\"drag\":true,\"pauseOnHover\":true,\"pagination\":true,\"slideFocus\":false,\"arrows\":true,\"direction\":\"ltr\",\"breakpoints\":{\"480\":{\"perPage\":1}}}'>\n\t<div class='splide__track'>\n\t\t<ul class='photonic-slideshow-content splide__list' data-photonic-layout=\"strip-below\" data-photonic-fx=\"fade\" data-photonic-timeout=\"4000\" data-photonic-speed=\"1000\" data-photonic-pause=\"1\" data-photonic-strip-style=\"button\" data-photonic-controls=\"show\" data-photonic-columns=\"1\" >\n\t\t\t<li class='photonic-slideshow-img splide__slide'>\n\t\t\t\t<div class='splide__slide__container'>\n\t\t\t\t<img src='https:\/\/www.kymco.es\/prensa\/wp-content\/uploads\/2021\/11\/20211123-kymco-global-allen-ko-4.jpg' alt='' title=''  id='photonic-slideshow-1-10142' \/>\n\t\t\t\t<\/div>\n\t\t\t<\/li>\n\t\t\t<li class='photonic-slideshow-img splide__slide'>\n\t\t\t\t<div class='splide__slide__container'>\n\t\t\t\t<img src='https:\/\/www.kymco.es\/prensa\/wp-content\/uploads\/2021\/11\/20211123-kymco-global-ionex-8.jpg' alt='' title=''  id='photonic-slideshow-1-10141' \/>\n\t\t\t\t<\/div>\n\t\t\t<\/li>\n\t\t\t<li class='photonic-slideshow-img splide__slide'>\n\t\t\t\t<div class='splide__slide__container'>\n\t\t\t\t<img src='https:\/\/www.kymco.es\/prensa\/wp-content\/uploads\/2021\/11\/20211123-kymco-global-ionex-7.jpg' alt='' title=''  id='photonic-slideshow-1-10140' \/>\n\t\t\t\t<\/div>\n\t\t\t<\/li>\n\t\t\t<li class='photonic-slideshow-img splide__slide'>\n\t\t\t\t<div class='splide__slide__container'>\n\t\t\t\t<img src='https:\/\/www.kymco.es\/prensa\/wp-content\/uploads\/2021\/11\/20211123-kymco-global-ionex-6.jpg' alt='' title=''  id='photonic-slideshow-1-10139' \/>\n\t\t\t\t<\/div>\n\t\t\t<\/li>\n\t\t\t<li class='photonic-slideshow-img splide__slide'>\n\t\t\t\t<div class='splide__slide__container'>\n\t\t\t\t<img src='https:\/\/www.kymco.es\/prensa\/wp-content\/uploads\/2021\/11\/20211123-kymco-global-ionex-5.jpg' alt='' title=''  id='photonic-slideshow-1-10138' \/>\n\t\t\t\t<\/div>\n\t\t\t<\/li>\n\t\t\t<li class='photonic-slideshow-img splide__slide'>\n\t\t\t\t<div class='splide__slide__container'>\n\t\t\t\t<img src='https:\/\/www.kymco.es\/prensa\/wp-content\/uploads\/2021\/11\/20211123-kymco-global-ionex-4.jpg' alt='' title=''  id='photonic-slideshow-1-10137' \/>\n\t\t\t\t<\/div>\n\t\t\t<\/li>\n\t\t\t<li class='photonic-slideshow-img splide__slide'>\n\t\t\t\t<div class='splide__slide__container'>\n\t\t\t\t<img src='https:\/\/www.kymco.es\/prensa\/wp-content\/uploads\/2021\/11\/20211123-kymco-global-ionex-3.jpg' alt='' title=''  id='photonic-slideshow-1-10136' \/>\n\t\t\t\t<\/div>\n\t\t\t<\/li>\n\t\t\t<li class='photonic-slideshow-img splide__slide'>\n\t\t\t\t<div class='splide__slide__container'>\n\t\t\t\t<img src='https:\/\/www.kymco.es\/prensa\/wp-content\/uploads\/2021\/11\/20211123-kymco-global-ionex-2.jpg' alt='' title=''  id='photonic-slideshow-1-10135' \/>\n\t\t\t\t<\/div>\n\t\t\t<\/li>\n\t\t\t<li class='photonic-slideshow-img splide__slide'>\n\t\t\t\t<div class='splide__slide__container'>\n\t\t\t\t<img src='https:\/\/www.kymco.es\/prensa\/wp-content\/uploads\/2021\/11\/20211123-kymco-global-ionex-1.jpg' alt='' title=''  id='photonic-slideshow-1-10134' \/>\n\t\t\t\t<\/div>\n\t\t\t<\/li>\n\t\t\t<li class='photonic-slideshow-img splide__slide'>\n\t\t\t\t<div class='splide__slide__container'>\n\t\t\t\t<img src='https:\/\/www.kymco.es\/prensa\/wp-content\/uploads\/2021\/11\/20211123-kymco-global-allen-ko-1.jpg' alt='' title=''  id='photonic-slideshow-1-10143' \/>\n\t\t\t\t<\/div>\n\t\t\t<\/li>\n\t\t<\/ul>\n\t<\/div><!-- splide__track -->\n<\/div><!-- .photonic-slideshow-->\n\n<\/div><!-- .photonic-stream or .photonic-panel -->\n\n<p>Adem\u00e1s de repasar las novedades IONEX, <strong>Ko ha desvelado el nuevo AK 550,<\/strong> el nuevo buque insignia de la marca, que se presenta en primicia en Mil\u00e1n. <strong>\u201cEl nuevo AK 550 simboliza el firme compromiso de KYMCO de perseguir la innovaci\u00f3n y los avances continuos\u201d.<\/strong><\/p>\n<div class='photonic-wp-stream photonic-stream ' id='photonic-wp-stream-2'>\n<div id='photonic-slideshow-2' class='photonic-slideshow strip-below title-display-hover-slideup-show photonic-slideshow-adapt-height-width' data-splide='{\"type\":\"fade\",\"perPage\":\"1\",\"autoplay\":true,\"speed\":\"1000\",\"drag\":true,\"pauseOnHover\":true,\"pagination\":true,\"slideFocus\":false,\"arrows\":true,\"direction\":\"ltr\",\"breakpoints\":{\"480\":{\"perPage\":1}}}'>\n\t<div class='splide__track'>\n\t\t<ul class='photonic-slideshow-content splide__list' data-photonic-layout=\"strip-below\" data-photonic-fx=\"fade\" data-photonic-timeout=\"4000\" data-photonic-speed=\"1000\" data-photonic-pause=\"1\" data-photonic-strip-style=\"button\" data-photonic-controls=\"show\" data-photonic-columns=\"1\" >\n\t\t\t<li class='photonic-slideshow-img splide__slide'>\n\t\t\t\t<div class='splide__slide__container'>\n\t\t\t\t<img src='https:\/\/www.kymco.es\/prensa\/wp-content\/uploads\/2021\/11\/20211123-kymco-global-ak-20.jpg' alt='' title=''  id='photonic-slideshow-2-10166' \/>\n\t\t\t\t<\/div>\n\t\t\t<\/li>\n\t\t\t<li class='photonic-slideshow-img splide__slide'>\n\t\t\t\t<div class='splide__slide__container'>\n\t\t\t\t<img src='https:\/\/www.kymco.es\/prensa\/wp-content\/uploads\/2021\/11\/20211123-kymco-global-ak-18.jpg' alt='' title=''  id='photonic-slideshow-2-10164' \/>\n\t\t\t\t<\/div>\n\t\t\t<\/li>\n\t\t\t<li class='photonic-slideshow-img splide__slide'>\n\t\t\t\t<div class='splide__slide__container'>\n\t\t\t\t<img src='https:\/\/www.kymco.es\/prensa\/wp-content\/uploads\/2021\/11\/20211123-kymco-global-ak-15.jpg' alt='' title=''  id='photonic-slideshow-2-10161' \/>\n\t\t\t\t<\/div>\n\t\t\t<\/li>\n\t\t\t<li class='photonic-slideshow-img splide__slide'>\n\t\t\t\t<div class='splide__slide__container'>\n\t\t\t\t<img src='https:\/\/www.kymco.es\/prensa\/wp-content\/uploads\/2021\/11\/20211123-kymco-global-ak-11.jpg' alt='' title=''  id='photonic-slideshow-2-10157' \/>\n\t\t\t\t<\/div>\n\t\t\t<\/li>\n\t\t\t<li class='photonic-slideshow-img splide__slide'>\n\t\t\t\t<div class='splide__slide__container'>\n\t\t\t\t<img src='https:\/\/www.kymco.es\/prensa\/wp-content\/uploads\/2021\/11\/20211123-kymco-global-ak-8.jpg' alt='' title=''  id='photonic-slideshow-2-10154' \/>\n\t\t\t\t<\/div>\n\t\t\t<\/li>\n\t\t\t<li class='photonic-slideshow-img splide__slide'>\n\t\t\t\t<div class='splide__slide__container'>\n\t\t\t\t<img src='https:\/\/www.kymco.es\/prensa\/wp-content\/uploads\/2021\/11\/20211123-kymco-global-ak-1.jpg' alt='' title=''  id='photonic-slideshow-2-10147' \/>\n\t\t\t\t<\/div>\n\t\t\t<\/li>\n\t\t\t<li class='photonic-slideshow-img splide__slide'>\n\t\t\t\t<div class='splide__slide__container'>\n\t\t\t\t<img src='https:\/\/www.kymco.es\/prensa\/wp-content\/uploads\/2021\/11\/20211123-kymco-global-ak-21.jpg' alt='' title=''  id='photonic-slideshow-2-10146' \/>\n\t\t\t\t<\/div>\n\t\t\t<\/li>\n\t\t\t<li class='photonic-slideshow-img splide__slide'>\n\t\t\t\t<div class='splide__slide__container'>\n\t\t\t\t<img src='https:\/\/www.kymco.es\/prensa\/wp-content\/uploads\/2021\/11\/20211123-kymco-global-allen-ko-3.jpg' alt='' title=''  id='photonic-slideshow-2-10145' \/>\n\t\t\t\t<\/div>\n\t\t\t<\/li>\n\t\t\t<li class='photonic-slideshow-img splide__slide'>\n\t\t\t\t<div class='splide__slide__container'>\n\t\t\t\t<img src='https:\/\/www.kymco.es\/prensa\/wp-content\/uploads\/2021\/11\/20211123-kymco-global-allen-ko-2.jpg' alt='' title=''  id='photonic-slideshow-2-10144' \/>\n\t\t\t\t<\/div>\n\t\t\t<\/li>\n\t\t<\/ul>\n\t<\/div><!-- splide__track -->\n<\/div><!-- .photonic-slideshow-->\n\n<\/div><!-- .photonic-stream or .photonic-panel -->\n\n<p>&nbsp;<\/p>\n<p>&nbsp;<\/p>\n<p>&nbsp;<\/p>\n<p>&nbsp;<\/p>\n","protected":false},"excerpt":{"rendered":"<p><span style=\"color: #ff0000;\"><strong>EICMA 2021.<\/strong><\/span>La nueva generaci\u00f3n de veh\u00edculos el\u00e9ctricos <strong>IONEX<\/strong>, que se exponen en Mil\u00e1n en EICMA 2021 (del 23 al 28 de noviembre), podr\u00eda empezar a <strong>desplegarse por primera vez fuera de Asia en 2022,<\/strong> una estrategia que se enmarca dentro del papel de liderazgo de la marca en la actual electrificaci\u00f3n mundial, seg\u00fan ha explicado el presidente de KYMCO Global, <strong>Allen Ko<\/strong>, en rueda de prensa este martes.\u00a0<\/p>\n","protected":false},"author":2,"featured_media":10142,"comment_status":"closed","ping_status":"closed","sticky":false,"template":"","format":"standard","meta":[],"categories":[520,512,449,443],"tags":[],"yoast_head":"<!-- This site is optimized with the Yoast SEO plugin v17.1 - https:\/\/yoast.com\/wordpress\/plugins\/seo\/ -->\n<title>Allen Ko: &quot;La nueva generaci\u00f3n IONEX podr\u00eda dar el salto desde Asia en 2022 si se calman las tensiones comerciales&quot; - KYMCO Espa\u00f1a<\/title>\n<meta name=\"robots\" content=\"index, follow, max-snippet:-1, max-image-preview:large, max-video-preview:-1\" \/>\n<link rel=\"canonical\" href=\"https:\/\/www.kymco.es\/prensa\/nota-de-prensa\/allen-ko-la-nueva-generacion-ionex-podria-dar-el-salto-desde-asia-en-2022-si-se-calman-las-tensiones-comerciales-2\/\" \/>\n<meta property=\"og:locale\" content=\"es_ES\" \/>\n<meta property=\"og:type\" content=\"article\" \/>\n<meta property=\"og:title\" content=\"Allen Ko: &quot;La nueva generaci\u00f3n IONEX podr\u00eda dar el salto desde Asia en 2022 si se calman las tensiones comerciales&quot; - KYMCO Espa\u00f1a\" \/>\n<meta property=\"og:description\" content=\"EICMA 2021.La nueva generaci\u00f3n de veh\u00edculos el\u00e9ctricos IONEX, que se exponen en Mil\u00e1n en EICMA 2021 (del 23 al 28 de noviembre), podr\u00eda empezar a desplegarse por primera vez fuera de Asia en 2022, una estrategia que se enmarca dentro del papel de liderazgo de la marca en la actual electrificaci\u00f3n mundial, seg\u00fan ha explicado el presidente de KYMCO Global, Allen Ko, en rueda de prensa este martes.\u00a0\" \/>\n<meta property=\"og:url\" content=\"https:\/\/www.kymco.es\/prensa\/nota-de-prensa\/allen-ko-la-nueva-generacion-ionex-podria-dar-el-salto-desde-asia-en-2022-si-se-calman-las-tensiones-comerciales-2\/\" \/>\n<meta property=\"og:site_name\" content=\"KYMCO Espa\u00f1a\" \/>\n<meta property=\"article:published_time\" content=\"2021-11-23T08:19:12+00:00\" \/>\n<meta property=\"article:modified_time\" content=\"2021-11-25T16:50:51+00:00\" \/>\n<meta property=\"og:image\" content=\"https:\/\/www.kymco.es\/prensa\/wp-content\/uploads\/2021\/11\/20211123-kymco-global-allen-ko-4.jpg\" \/>\n\t<meta property=\"og:image:width\" content=\"1200\" \/>\n\t<meta property=\"og:image:height\" content=\"800\" \/>\n<meta name=\"twitter:card\" content=\"summary_large_image\" \/>\n<meta name=\"twitter:label1\" content=\"Escrito por\" \/>\n\t<meta name=\"twitter:data1\" content=\"KYMCO Espa\u00f1a\" \/>\n\t<meta name=\"twitter:label2\" content=\"Tiempo de lectura\" \/>\n\t<meta name=\"twitter:data2\" content=\"2 minutos\" \/>\n<script type=\"application\/ld+json\" class=\"yoast-schema-graph\">{\"@context\":\"https:\/\/schema.org\",\"@graph\":[{\"@type\":\"WebSite\",\"@id\":\"https:\/\/www.kymco.es\/prensa\/#website\",\"url\":\"https:\/\/www.kymco.es\/prensa\/\",\"name\":\"KYMCO Espa\\u00f1a\",\"description\":\"Marca de movilidad personal\",\"potentialAction\":[{\"@type\":\"SearchAction\",\"target\":{\"@type\":\"EntryPoint\",\"urlTemplate\":\"https:\/\/www.kymco.es\/prensa\/?s={search_term_string}\"},\"query-input\":\"required name=search_term_string\"}],\"inLanguage\":\"es\"},{\"@type\":\"ImageObject\",\"@id\":\"https:\/\/www.kymco.es\/prensa\/nota-de-prensa\/allen-ko-la-nueva-generacion-ionex-podria-dar-el-salto-desde-asia-en-2022-si-se-calman-las-tensiones-comerciales-2\/#primaryimage\",\"inLanguage\":\"es\",\"url\":\"https:\/\/www.kymco.es\/prensa\/wp-content\/uploads\/2021\/11\/20211123-kymco-global-allen-ko-4.jpg\",\"contentUrl\":\"https:\/\/www.kymco.es\/prensa\/wp-content\/uploads\/2021\/11\/20211123-kymco-global-allen-ko-4.jpg\",\"width\":1200,\"height\":800},{\"@type\":\"WebPage\",\"@id\":\"https:\/\/www.kymco.es\/prensa\/nota-de-prensa\/allen-ko-la-nueva-generacion-ionex-podria-dar-el-salto-desde-asia-en-2022-si-se-calman-las-tensiones-comerciales-2\/#webpage\",\"url\":\"https:\/\/www.kymco.es\/prensa\/nota-de-prensa\/allen-ko-la-nueva-generacion-ionex-podria-dar-el-salto-desde-asia-en-2022-si-se-calman-las-tensiones-comerciales-2\/\",\"name\":\"Allen Ko: \\\"La nueva generaci\\u00f3n IONEX podr\\u00eda dar el salto desde Asia en 2022 si se calman las tensiones comerciales\\\" - KYMCO Espa\\u00f1a\",\"isPartOf\":{\"@id\":\"https:\/\/www.kymco.es\/prensa\/#website\"},\"primaryImageOfPage\":{\"@id\":\"https:\/\/www.kymco.es\/prensa\/nota-de-prensa\/allen-ko-la-nueva-generacion-ionex-podria-dar-el-salto-desde-asia-en-2022-si-se-calman-las-tensiones-comerciales-2\/#primaryimage\"},\"datePublished\":\"2021-11-23T08:19:12+00:00\",\"dateModified\":\"2021-11-25T16:50:51+00:00\",\"author\":{\"@id\":\"https:\/\/www.kymco.es\/prensa\/#\/schema\/person\/b315bb551f7fe40b3f8f1b4768f556c4\"},\"breadcrumb\":{\"@id\":\"https:\/\/www.kymco.es\/prensa\/nota-de-prensa\/allen-ko-la-nueva-generacion-ionex-podria-dar-el-salto-desde-asia-en-2022-si-se-calman-las-tensiones-comerciales-2\/#breadcrumb\"},\"inLanguage\":\"es\",\"potentialAction\":[{\"@type\":\"ReadAction\",\"target\":[\"https:\/\/www.kymco.es\/prensa\/nota-de-prensa\/allen-ko-la-nueva-generacion-ionex-podria-dar-el-salto-desde-asia-en-2022-si-se-calman-las-tensiones-comerciales-2\/\"]}]},{\"@type\":\"BreadcrumbList\",\"@id\":\"https:\/\/www.kymco.es\/prensa\/nota-de-prensa\/allen-ko-la-nueva-generacion-ionex-podria-dar-el-salto-desde-asia-en-2022-si-se-calman-las-tensiones-comerciales-2\/#breadcrumb\",\"itemListElement\":[{\"@type\":\"ListItem\",\"position\":1,\"name\":\"Portada\",\"item\":\"https:\/\/www.kymco.es\/prensa\/\"},{\"@type\":\"ListItem\",\"position\":2,\"name\":\"Allen Ko: \\u00abLa nueva generaci\\u00f3n IONEX podr\\u00eda dar el salto desde Asia en 2022 si se calman las tensiones comerciales\\u00bb\"}]},{\"@type\":\"Person\",\"@id\":\"https:\/\/www.kymco.es\/prensa\/#\/schema\/person\/b315bb551f7fe40b3f8f1b4768f556c4\",\"name\":\"KYMCO Espa\\u00f1a\",\"url\":\"https:\/\/www.kymco.es\/prensa\/author\/vanessasaedrin\/\"}]}<\/script>\n<!-- \/ Yoast SEO plugin. -->","yoast_head_json":{"title":"Allen Ko: \"La nueva generaci\u00f3n IONEX podr\u00eda dar el salto desde Asia en 2022 si se calman las tensiones comerciales\" - KYMCO Espa\u00f1a","robots":{"index":"index","follow":"follow","max-snippet":"max-snippet:-1","max-image-preview":"max-image-preview:large","max-video-preview":"max-video-preview:-1"},"canonical":"https:\/\/www.kymco.es\/prensa\/nota-de-prensa\/allen-ko-la-nueva-generacion-ionex-podria-dar-el-salto-desde-asia-en-2022-si-se-calman-las-tensiones-comerciales-2\/","og_locale":"es_ES","og_type":"article","og_title":"Allen Ko: \"La nueva generaci\u00f3n IONEX podr\u00eda dar el salto desde Asia en 2022 si se calman las tensiones comerciales\" - KYMCO Espa\u00f1a","og_description":"EICMA 2021.La nueva generaci\u00f3n de veh\u00edculos el\u00e9ctricos IONEX, que se exponen en Mil\u00e1n en EICMA 2021 (del 23 al 28 de noviembre), podr\u00eda empezar a desplegarse por primera vez fuera de Asia en 2022, una estrategia que se enmarca dentro del papel de liderazgo de la marca en la actual electrificaci\u00f3n mundial, seg\u00fan ha explicado el presidente de KYMCO Global, Allen Ko, en rueda de prensa este martes.\u00a0","og_url":"https:\/\/www.kymco.es\/prensa\/nota-de-prensa\/allen-ko-la-nueva-generacion-ionex-podria-dar-el-salto-desde-asia-en-2022-si-se-calman-las-tensiones-comerciales-2\/","og_site_name":"KYMCO Espa\u00f1a","article_published_time":"2021-11-23T08:19:12+00:00","article_modified_time":"2021-11-25T16:50:51+00:00","og_image":[{"width":1200,"height":800,"url":"https:\/\/www.kymco.es\/prensa\/wp-content\/uploads\/2021\/11\/20211123-kymco-global-allen-ko-4.jpg","path":"\/var\/www\/html\/kymco.es\/prensa\/wp-content\/uploads\/2021\/11\/20211123-kymco-global-allen-ko-4.jpg","size":"full","id":10142,"alt":"","pixels":960000,"type":"image\/jpeg"}],"twitter_card":"summary_large_image","twitter_misc":{"Escrito por":"KYMCO Espa\u00f1a","Tiempo de lectura":"2 minutos"},"schema":{"@context":"https:\/\/schema.org","@graph":[{"@type":"WebSite","@id":"https:\/\/www.kymco.es\/prensa\/#website","url":"https:\/\/www.kymco.es\/prensa\/","name":"KYMCO Espa\u00f1a","description":"Marca de movilidad personal","potentialAction":[{"@type":"SearchAction","target":{"@type":"EntryPoint","urlTemplate":"https:\/\/www.kymco.es\/prensa\/?s={search_term_string}"},"query-input":"required name=search_term_string"}],"inLanguage":"es"},{"@type":"ImageObject","@id":"https:\/\/www.kymco.es\/prensa\/nota-de-prensa\/allen-ko-la-nueva-generacion-ionex-podria-dar-el-salto-desde-asia-en-2022-si-se-calman-las-tensiones-comerciales-2\/#primaryimage","inLanguage":"es","url":"https:\/\/www.kymco.es\/prensa\/wp-content\/uploads\/2021\/11\/20211123-kymco-global-allen-ko-4.jpg","contentUrl":"https:\/\/www.kymco.es\/prensa\/wp-content\/uploads\/2021\/11\/20211123-kymco-global-allen-ko-4.jpg","width":1200,"height":800},{"@type":"WebPage","@id":"https:\/\/www.kymco.es\/prensa\/nota-de-prensa\/allen-ko-la-nueva-generacion-ionex-podria-dar-el-salto-desde-asia-en-2022-si-se-calman-las-tensiones-comerciales-2\/#webpage","url":"https:\/\/www.kymco.es\/prensa\/nota-de-prensa\/allen-ko-la-nueva-generacion-ionex-podria-dar-el-salto-desde-asia-en-2022-si-se-calman-las-tensiones-comerciales-2\/","name":"Allen Ko: \"La nueva generaci\u00f3n IONEX podr\u00eda dar el salto desde Asia en 2022 si se calman las tensiones comerciales\" - KYMCO Espa\u00f1a","isPartOf":{"@id":"https:\/\/www.kymco.es\/prensa\/#website"},"primaryImageOfPage":{"@id":"https:\/\/www.kymco.es\/prensa\/nota-de-prensa\/allen-ko-la-nueva-generacion-ionex-podria-dar-el-salto-desde-asia-en-2022-si-se-calman-las-tensiones-comerciales-2\/#primaryimage"},"datePublished":"2021-11-23T08:19:12+00:00","dateModified":"2021-11-25T16:50:51+00:00","author":{"@id":"https:\/\/www.kymco.es\/prensa\/#\/schema\/person\/b315bb551f7fe40b3f8f1b4768f556c4"},"breadcrumb":{"@id":"https:\/\/www.kymco.es\/prensa\/nota-de-prensa\/allen-ko-la-nueva-generacion-ionex-podria-dar-el-salto-desde-asia-en-2022-si-se-calman-las-tensiones-comerciales-2\/#breadcrumb"},"inLanguage":"es","potentialAction":[{"@type":"ReadAction","target":["https:\/\/www.kymco.es\/prensa\/nota-de-prensa\/allen-ko-la-nueva-generacion-ionex-podria-dar-el-salto-desde-asia-en-2022-si-se-calman-las-tensiones-comerciales-2\/"]}]},{"@type":"BreadcrumbList","@id":"https:\/\/www.kymco.es\/prensa\/nota-de-prensa\/allen-ko-la-nueva-generacion-ionex-podria-dar-el-salto-desde-asia-en-2022-si-se-calman-las-tensiones-comerciales-2\/#breadcrumb","itemListElement":[{"@type":"ListItem","position":1,"name":"Portada","item":"https:\/\/www.kymco.es\/prensa\/"},{"@type":"ListItem","position":2,"name":"Allen Ko: \u00abLa nueva generaci\u00f3n IONEX podr\u00eda dar el salto desde Asia en 2022 si se calman las tensiones comerciales\u00bb"}]},{"@type":"Person","@id":"https:\/\/www.kymco.es\/prensa\/#\/schema\/person\/b315bb551f7fe40b3f8f1b4768f556c4","name":"KYMCO Espa\u00f1a","url":"https:\/\/www.kymco.es\/prensa\/author\/vanessasaedrin\/"}]}},"_links":{"self":[{"href":"https:\/\/www.kymco.es\/prensa\/wp-json\/wp\/v2\/posts\/9998"}],"collection":[{"href":"https:\/\/www.kymco.es\/prensa\/wp-json\/wp\/v2\/posts"}],"about":[{"href":"https:\/\/www.kymco.es\/prensa\/wp-json\/wp\/v2\/types\/post"}],"author":[{"embeddable":true,"href":"https:\/\/www.kymco.es\/prensa\/wp-json\/wp\/v2\/users\/2"}],"replies":[{"embeddable":true,"href":"https:\/\/www.kymco.es\/prensa\/wp-json\/wp\/v2\/comments?post=9998"}],"version-history":[{"count":5,"href":"https:\/\/www.kymco.es\/prensa\/wp-json\/wp\/v2\/posts\/9998\/revisions"}],"predecessor-version":[{"id":10199,"href":"https:\/\/www.kymco.es\/prensa\/wp-json\/wp\/v2\/posts\/9998\/revisions\/10199"}],"wp:featuredmedia":[{"embeddable":true,"href":"https:\/\/www.kymco.es\/prensa\/wp-json\/wp\/v2\/media\/10142"}],"wp:attachment":[{"href":"https:\/\/www.kymco.es\/prensa\/wp-json\/wp\/v2\/media?parent=9998"}],"wp:term":[{"taxonomy":"category","embeddable":true,"href":"https:\/\/www.kymco.es\/prensa\/wp-json\/wp\/v2\/categories?post=9998"},{"taxonomy":"post_tag","embeddable":true,"href":"https:\/\/www.kymco.es\/prensa\/wp-json\/wp\/v2\/tags?post=9998"}],"curies":[{"name":"wp","href":"https:\/\/api.w.org\/{rel}","templated":true}]}}