{"id":9770,"date":"2021-10-27T11:47:12","date_gmt":"2021-10-27T09:47:12","guid":{"rendered":"https:\/\/www.kymco.es\/prensa\/?p=9770"},"modified":"2021-10-27T12:07:06","modified_gmt":"2021-10-27T10:07:06","slug":"mxu-550-inscrito-en-roma","status":"publish","type":"post","link":"https:\/\/www.kymco.es\/prensa\/nota-de-prensa\/mxu-550-inscrito-en-roma\/","title":{"rendered":"MXU 550, inscrito en ROMA"},"content":{"rendered":"<style type=\"text\/css\">.fusion-gallery-1 .fusion-gallery-image {border:0px solid #f6f6f6;}<\/style><div class=\"fusion-gallery fusion-gallery-container fusion-grid-1 fusion-columns-total-1 fusion-gallery-layout-grid fusion-gallery-1\" style=\"margin:-5px;\"><div style=\"padding:5px;\" class=\"fusion-grid-column fusion-gallery-column fusion-gallery-column-1 hover-type-zoomin\"><div class=\"fusion-gallery-image\"><a href=\"https:\/\/www.kymco.es\/prensa\/wp-content\/uploads\/2021\/07\/kymco-mxu-550-ambiente-azul-17.jpg\" rel=\"noreferrer\" data-rel=\"iLightbox[gallery_image_1]\" class=\"fusion-lightbox\" target=\"_self\"><img src=\"https:\/\/www.kymco.es\/prensa\/wp-content\/uploads\/2021\/07\/kymco-mxu-550-ambiente-azul-17.jpg\" width=\"1200\" height=\"800\" alt=\"\" title=\"KYMCO MXU 550 Ambiente Azul 17\" aria-label=\"KYMCO MXU 550 Ambiente Azul 17\" class=\"img-responsive wp-image-9559\" srcset=\"https:\/\/www.kymco.es\/prensa\/wp-content\/uploads\/2021\/07\/kymco-mxu-550-ambiente-azul-17-200x133.jpg 200w, https:\/\/www.kymco.es\/prensa\/wp-content\/uploads\/2021\/07\/kymco-mxu-550-ambiente-azul-17-400x267.jpg 400w, https:\/\/www.kymco.es\/prensa\/wp-content\/uploads\/2021\/07\/kymco-mxu-550-ambiente-azul-17-600x400.jpg 600w, https:\/\/www.kymco.es\/prensa\/wp-content\/uploads\/2021\/07\/kymco-mxu-550-ambiente-azul-17-800x533.jpg 800w, https:\/\/www.kymco.es\/prensa\/wp-content\/uploads\/2021\/07\/kymco-mxu-550-ambiente-azul-17.jpg 1200w\" sizes=\"(min-width: 2200px) 100vw, (min-width: 640px) 1240px, \" \/><\/a><\/div><\/div><div class=\"clearfix\"><\/div><\/div>\n<ul>\n<li><strong>El modelo m\u00e1s enfocado para uso profesional de la gama ATV de KYMCO figura en el Registro Oficial de Maquinaria Agr\u00edcola (ROMA) del Ministerio de Agricultura, Pesca y Alimentaci\u00f3n, requisito para solicitar ayudas p\u00fablicas del campo<\/strong><\/li>\n<li><strong>7.575,54 \u20ac es el PVR solo para profesionales del campo (IEDMT exento)<\/strong><\/li>\n<\/ul>\n<p><strong>Madrid, 27 de octubre.<\/strong> El nuevo MXU 550 de KYMCO, de enfoque m\u00e1s profesional, est\u00e1 ya inscrito en el Registro Oficial de Maquinaria Agr\u00edcola (ROMA) del Ministerio de Agricultura, Pesca y Alimentaci\u00f3n, al igual que el <a href=\"https:\/\/www.kymco.es\/prensa\/nota-de-prensa\/mxu-300-inscrito-en-roma\/\">modelo m\u00e1s peque\u00f1o de la gama MXU 300<\/a>. Este un hito es de gran importancia para los profesionales del campo o propietarios de una explotaci\u00f3n agr\u00edcola que podr\u00e1n beneficiarse de ayudas p\u00fablicas y exenciones fiscales.<\/p>\n<p>A partir de ahora, estos profesionales podr\u00e1n matricular el nuevo ATV <strong>MXU 300 como maquinaria agr\u00edcola,<\/strong> lo que les permitir\u00e1 un acceso a las subvenciones agr\u00edcolas y beneficiarse de la exenci\u00f3n del impuesto de matriculaci\u00f3n (IEMDT). As\u00ed constar\u00e1 en la ficha ITV del veh\u00edculo, con la clasificaci\u00f3n agr\u00edcola 5000.<\/p>\n<p>El precio de venta recomendado (PVR) del MXU 550 para profesionales del campo se sit\u00faa en 7.575,54 euros, frente al PVR de 8.499 que incluye 923,46 euros del impuesto de matriculaci\u00f3n (calculado al 14,75 %).\u00a0 La inscripci\u00f3n en s\u00ed misma del modelo en ROMA no implica exenci\u00f3n autom\u00e1tica del IEMDT. El usuario debe acreditar ser profesional del campo o propietario de una explotaci\u00f3n agr\u00edcola para poder matricularlo como maquinaria agr\u00edcola.<\/p>\n<p>La inscripci\u00f3n del nuevo MXU 700 en ROMA se encuentra en tr\u00e1mites administrativos.<\/p>\n<div class='photonic-wp-stream photonic-stream ' id='photonic-wp-stream-1'>\n<div id='photonic-slideshow-1' class='photonic-slideshow no-strip title-display-hover-slideup-show photonic-slideshow-adapt-height-width' data-splide='{\"type\":\"fade\",\"perPage\":\"1\",\"autoplay\":true,\"speed\":\"1000\",\"drag\":true,\"pauseOnHover\":true,\"pagination\":false,\"slideFocus\":false,\"arrows\":true,\"direction\":\"ltr\",\"breakpoints\":{\"480\":{\"perPage\":1}}}'>\n\t<div class='splide__track'>\n\t\t<ul class='photonic-slideshow-content splide__list' data-photonic-layout=\"no-strip\" data-photonic-fx=\"fade\" data-photonic-timeout=\"4000\" data-photonic-speed=\"1000\" data-photonic-pause=\"1\" data-photonic-strip-style=\"button\" data-photonic-controls=\"show\" data-photonic-columns=\"1\" >\n\t\t\t<li class='photonic-slideshow-img splide__slide'>\n\t\t\t\t<div class='splide__slide__container'>\n\t\t\t\t<img src='https:\/\/www.kymco.es\/prensa\/wp-content\/uploads\/2021\/07\/kymco-mxu-550-ambiente-azul-20.jpg' alt='' title=''  id='photonic-slideshow-1-9562' \/>\n\t\t\t\t<\/div>\n\t\t\t<\/li>\n\t\t\t<li class='photonic-slideshow-img splide__slide'>\n\t\t\t\t<div class='splide__slide__container'>\n\t\t\t\t<img src='https:\/\/www.kymco.es\/prensa\/wp-content\/uploads\/2021\/07\/kymco-mxu-550-ambiente-azul-22.jpg' alt='' title=''  id='photonic-slideshow-1-9564' \/>\n\t\t\t\t<\/div>\n\t\t\t<\/li>\n\t\t\t<li class='photonic-slideshow-img splide__slide'>\n\t\t\t\t<div class='splide__slide__container'>\n\t\t\t\t<img src='https:\/\/www.kymco.es\/prensa\/wp-content\/uploads\/2021\/07\/kymco-mxu-550-ambiente-azul-15.jpg' alt='' title=''  id='photonic-slideshow-1-9557' \/>\n\t\t\t\t<\/div>\n\t\t\t<\/li>\n\t\t\t<li class='photonic-slideshow-img splide__slide'>\n\t\t\t\t<div class='splide__slide__container'>\n\t\t\t\t<img src='https:\/\/www.kymco.es\/prensa\/wp-content\/uploads\/2021\/07\/kymco-mxu-550-ambiente-azul-14.jpg' alt='' title=''  id='photonic-slideshow-1-9556' \/>\n\t\t\t\t<\/div>\n\t\t\t<\/li>\n\t\t<\/ul>\n\t<\/div><!-- splide__track -->\n<\/div><!-- .photonic-slideshow-->\n\n<\/div><!-- .photonic-stream or .photonic-panel -->\n\n<p>&nbsp;<\/p>\n<p><a href=\"https:\/\/www.kymco.es\/prensa\/attachment_category\/mxu-550\/\"><strong>&gt;&gt; GALER\u00cdA MXU 550 &lt;&lt;<\/strong><\/a><\/p>\n","protected":false},"excerpt":{"rendered":"<p>Profesionales del campo se benefician ya de este importante hito, ya que gracias a este paso el <strong>ATV de KYMCO m\u00e1s profesional<\/strong> se convierte para ellos en un veh\u00edculo <strong>altamente competitivo<\/strong>, por su acceso a subvenciones p\u00fablicas para la adqusici\u00f3n como por su exenci\u00f3n al impuesto de matriculaci\u00f3n.\u00a0<\/p>\n<p>&nbsp;<\/p>\n","protected":false},"author":2,"featured_media":9559,"comment_status":"closed","ping_status":"closed","sticky":false,"template":"","format":"standard","meta":[],"categories":[520,449],"tags":[],"yoast_head":"<!-- This site is optimized with the Yoast SEO plugin v17.1 - https:\/\/yoast.com\/wordpress\/plugins\/seo\/ -->\n<title>MXU 550, inscrito en ROMA - KYMCO Espa\u00f1a<\/title>\n<meta name=\"robots\" content=\"index, follow, max-snippet:-1, max-image-preview:large, max-video-preview:-1\" \/>\n<link rel=\"canonical\" href=\"https:\/\/www.kymco.es\/prensa\/nota-de-prensa\/mxu-550-inscrito-en-roma\/\" \/>\n<meta property=\"og:locale\" content=\"es_ES\" \/>\n<meta property=\"og:type\" content=\"article\" \/>\n<meta property=\"og:title\" content=\"MXU 550, inscrito en ROMA - KYMCO Espa\u00f1a\" \/>\n<meta property=\"og:description\" content=\"Profesionales del campo se benefician ya de este importante hito, ya que gracias a este paso el ATV de KYMCO m\u00e1s profesional se convierte para ellos en un veh\u00edculo altamente competitivo, por su acceso a subvenciones p\u00fablicas para la adqusici\u00f3n como por su exenci\u00f3n al impuesto de matriculaci\u00f3n.\u00a0 &nbsp;\" \/>\n<meta property=\"og:url\" content=\"https:\/\/www.kymco.es\/prensa\/nota-de-prensa\/mxu-550-inscrito-en-roma\/\" \/>\n<meta property=\"og:site_name\" content=\"KYMCO Espa\u00f1a\" \/>\n<meta property=\"article:published_time\" content=\"2021-10-27T09:47:12+00:00\" \/>\n<meta property=\"article:modified_time\" content=\"2021-10-27T10:07:06+00:00\" \/>\n<meta property=\"og:image\" content=\"https:\/\/www.kymco.es\/prensa\/wp-content\/uploads\/2021\/07\/kymco-mxu-550-ambiente-azul-17.jpg\" \/>\n\t<meta property=\"og:image:width\" content=\"1200\" \/>\n\t<meta property=\"og:image:height\" content=\"800\" \/>\n<meta name=\"twitter:card\" content=\"summary_large_image\" \/>\n<meta name=\"twitter:label1\" content=\"Escrito por\" \/>\n\t<meta name=\"twitter:data1\" content=\"KYMCO Espa\u00f1a\" \/>\n\t<meta name=\"twitter:label2\" content=\"Tiempo de lectura\" \/>\n\t<meta name=\"twitter:data2\" content=\"2 minutos\" \/>\n<script type=\"application\/ld+json\" class=\"yoast-schema-graph\">{\"@context\":\"https:\/\/schema.org\",\"@graph\":[{\"@type\":\"WebSite\",\"@id\":\"https:\/\/www.kymco.es\/prensa\/#website\",\"url\":\"https:\/\/www.kymco.es\/prensa\/\",\"name\":\"KYMCO Espa\\u00f1a\",\"description\":\"Marca de movilidad personal\",\"potentialAction\":[{\"@type\":\"SearchAction\",\"target\":{\"@type\":\"EntryPoint\",\"urlTemplate\":\"https:\/\/www.kymco.es\/prensa\/?s={search_term_string}\"},\"query-input\":\"required name=search_term_string\"}],\"inLanguage\":\"es\"},{\"@type\":\"ImageObject\",\"@id\":\"https:\/\/www.kymco.es\/prensa\/nota-de-prensa\/mxu-550-inscrito-en-roma\/#primaryimage\",\"inLanguage\":\"es\",\"url\":\"https:\/\/www.kymco.es\/prensa\/wp-content\/uploads\/2021\/07\/kymco-mxu-550-ambiente-azul-17.jpg\",\"contentUrl\":\"https:\/\/www.kymco.es\/prensa\/wp-content\/uploads\/2021\/07\/kymco-mxu-550-ambiente-azul-17.jpg\",\"width\":1200,\"height\":800},{\"@type\":\"WebPage\",\"@id\":\"https:\/\/www.kymco.es\/prensa\/nota-de-prensa\/mxu-550-inscrito-en-roma\/#webpage\",\"url\":\"https:\/\/www.kymco.es\/prensa\/nota-de-prensa\/mxu-550-inscrito-en-roma\/\",\"name\":\"MXU 550, inscrito en ROMA - KYMCO Espa\\u00f1a\",\"isPartOf\":{\"@id\":\"https:\/\/www.kymco.es\/prensa\/#website\"},\"primaryImageOfPage\":{\"@id\":\"https:\/\/www.kymco.es\/prensa\/nota-de-prensa\/mxu-550-inscrito-en-roma\/#primaryimage\"},\"datePublished\":\"2021-10-27T09:47:12+00:00\",\"dateModified\":\"2021-10-27T10:07:06+00:00\",\"author\":{\"@id\":\"https:\/\/www.kymco.es\/prensa\/#\/schema\/person\/b315bb551f7fe40b3f8f1b4768f556c4\"},\"breadcrumb\":{\"@id\":\"https:\/\/www.kymco.es\/prensa\/nota-de-prensa\/mxu-550-inscrito-en-roma\/#breadcrumb\"},\"inLanguage\":\"es\",\"potentialAction\":[{\"@type\":\"ReadAction\",\"target\":[\"https:\/\/www.kymco.es\/prensa\/nota-de-prensa\/mxu-550-inscrito-en-roma\/\"]}]},{\"@type\":\"BreadcrumbList\",\"@id\":\"https:\/\/www.kymco.es\/prensa\/nota-de-prensa\/mxu-550-inscrito-en-roma\/#breadcrumb\",\"itemListElement\":[{\"@type\":\"ListItem\",\"position\":1,\"name\":\"Portada\",\"item\":\"https:\/\/www.kymco.es\/prensa\/\"},{\"@type\":\"ListItem\",\"position\":2,\"name\":\"MXU 550, inscrito en ROMA\"}]},{\"@type\":\"Person\",\"@id\":\"https:\/\/www.kymco.es\/prensa\/#\/schema\/person\/b315bb551f7fe40b3f8f1b4768f556c4\",\"name\":\"KYMCO Espa\\u00f1a\",\"url\":\"https:\/\/www.kymco.es\/prensa\/author\/vanessasaedrin\/\"}]}<\/script>\n<!-- \/ Yoast SEO plugin. -->","yoast_head_json":{"title":"MXU 550, inscrito en ROMA - KYMCO Espa\u00f1a","robots":{"index":"index","follow":"follow","max-snippet":"max-snippet:-1","max-image-preview":"max-image-preview:large","max-video-preview":"max-video-preview:-1"},"canonical":"https:\/\/www.kymco.es\/prensa\/nota-de-prensa\/mxu-550-inscrito-en-roma\/","og_locale":"es_ES","og_type":"article","og_title":"MXU 550, inscrito en ROMA - KYMCO Espa\u00f1a","og_description":"Profesionales del campo se benefician ya de este importante hito, ya que gracias a este paso el ATV de KYMCO m\u00e1s profesional se convierte para ellos en un veh\u00edculo altamente competitivo, por su acceso a subvenciones p\u00fablicas para la adqusici\u00f3n como por su exenci\u00f3n al impuesto de matriculaci\u00f3n.\u00a0 &nbsp;","og_url":"https:\/\/www.kymco.es\/prensa\/nota-de-prensa\/mxu-550-inscrito-en-roma\/","og_site_name":"KYMCO Espa\u00f1a","article_published_time":"2021-10-27T09:47:12+00:00","article_modified_time":"2021-10-27T10:07:06+00:00","og_image":[{"width":1200,"height":800,"url":"https:\/\/www.kymco.es\/prensa\/wp-content\/uploads\/2021\/07\/kymco-mxu-550-ambiente-azul-17.jpg","path":"\/var\/www\/html\/kymco.es\/prensa\/wp-content\/uploads\/2021\/07\/kymco-mxu-550-ambiente-azul-17.jpg","size":"full","id":9559,"alt":"","pixels":960000,"type":"image\/jpeg"}],"twitter_card":"summary_large_image","twitter_misc":{"Escrito por":"KYMCO Espa\u00f1a","Tiempo de lectura":"2 minutos"},"schema":{"@context":"https:\/\/schema.org","@graph":[{"@type":"WebSite","@id":"https:\/\/www.kymco.es\/prensa\/#website","url":"https:\/\/www.kymco.es\/prensa\/","name":"KYMCO Espa\u00f1a","description":"Marca de movilidad personal","potentialAction":[{"@type":"SearchAction","target":{"@type":"EntryPoint","urlTemplate":"https:\/\/www.kymco.es\/prensa\/?s={search_term_string}"},"query-input":"required name=search_term_string"}],"inLanguage":"es"},{"@type":"ImageObject","@id":"https:\/\/www.kymco.es\/prensa\/nota-de-prensa\/mxu-550-inscrito-en-roma\/#primaryimage","inLanguage":"es","url":"https:\/\/www.kymco.es\/prensa\/wp-content\/uploads\/2021\/07\/kymco-mxu-550-ambiente-azul-17.jpg","contentUrl":"https:\/\/www.kymco.es\/prensa\/wp-content\/uploads\/2021\/07\/kymco-mxu-550-ambiente-azul-17.jpg","width":1200,"height":800},{"@type":"WebPage","@id":"https:\/\/www.kymco.es\/prensa\/nota-de-prensa\/mxu-550-inscrito-en-roma\/#webpage","url":"https:\/\/www.kymco.es\/prensa\/nota-de-prensa\/mxu-550-inscrito-en-roma\/","name":"MXU 550, inscrito en ROMA - KYMCO Espa\u00f1a","isPartOf":{"@id":"https:\/\/www.kymco.es\/prensa\/#website"},"primaryImageOfPage":{"@id":"https:\/\/www.kymco.es\/prensa\/nota-de-prensa\/mxu-550-inscrito-en-roma\/#primaryimage"},"datePublished":"2021-10-27T09:47:12+00:00","dateModified":"2021-10-27T10:07:06+00:00","author":{"@id":"https:\/\/www.kymco.es\/prensa\/#\/schema\/person\/b315bb551f7fe40b3f8f1b4768f556c4"},"breadcrumb":{"@id":"https:\/\/www.kymco.es\/prensa\/nota-de-prensa\/mxu-550-inscrito-en-roma\/#breadcrumb"},"inLanguage":"es","potentialAction":[{"@type":"ReadAction","target":["https:\/\/www.kymco.es\/prensa\/nota-de-prensa\/mxu-550-inscrito-en-roma\/"]}]},{"@type":"BreadcrumbList","@id":"https:\/\/www.kymco.es\/prensa\/nota-de-prensa\/mxu-550-inscrito-en-roma\/#breadcrumb","itemListElement":[{"@type":"ListItem","position":1,"name":"Portada","item":"https:\/\/www.kymco.es\/prensa\/"},{"@type":"ListItem","position":2,"name":"MXU 550, inscrito en ROMA"}]},{"@type":"Person","@id":"https:\/\/www.kymco.es\/prensa\/#\/schema\/person\/b315bb551f7fe40b3f8f1b4768f556c4","name":"KYMCO Espa\u00f1a","url":"https:\/\/www.kymco.es\/prensa\/author\/vanessasaedrin\/"}]}},"_links":{"self":[{"href":"https:\/\/www.kymco.es\/prensa\/wp-json\/wp\/v2\/posts\/9770"}],"collection":[{"href":"https:\/\/www.kymco.es\/prensa\/wp-json\/wp\/v2\/posts"}],"about":[{"href":"https:\/\/www.kymco.es\/prensa\/wp-json\/wp\/v2\/types\/post"}],"author":[{"embeddable":true,"href":"https:\/\/www.kymco.es\/prensa\/wp-json\/wp\/v2\/users\/2"}],"replies":[{"embeddable":true,"href":"https:\/\/www.kymco.es\/prensa\/wp-json\/wp\/v2\/comments?post=9770"}],"version-history":[{"count":4,"href":"https:\/\/www.kymco.es\/prensa\/wp-json\/wp\/v2\/posts\/9770\/revisions"}],"predecessor-version":[{"id":9789,"href":"https:\/\/www.kymco.es\/prensa\/wp-json\/wp\/v2\/posts\/9770\/revisions\/9789"}],"wp:featuredmedia":[{"embeddable":true,"href":"https:\/\/www.kymco.es\/prensa\/wp-json\/wp\/v2\/media\/9559"}],"wp:attachment":[{"href":"https:\/\/www.kymco.es\/prensa\/wp-json\/wp\/v2\/media?parent=9770"}],"wp:term":[{"taxonomy":"category","embeddable":true,"href":"https:\/\/www.kymco.es\/prensa\/wp-json\/wp\/v2\/categories?post=9770"},{"taxonomy":"post_tag","embeddable":true,"href":"https:\/\/www.kymco.es\/prensa\/wp-json\/wp\/v2\/tags?post=9770"}],"curies":[{"name":"wp","href":"https:\/\/api.w.org\/{rel}","templated":true}]}}