{"id":8962,"date":"2021-05-17T08:56:03","date_gmt":"2021-05-17T06:56:03","guid":{"rendered":"https:\/\/www.kymco.es\/prensa\/?p=8962"},"modified":"2021-05-17T14:17:14","modified_gmt":"2021-05-17T12:17:14","slug":"el-nuevo-miler-125-el-urbano-kymco-mas-refinado-viene-con-abs-mas-potencia-de-frenada-y-un-consumo-minimo","status":"publish","type":"post","link":"https:\/\/www.kymco.es\/prensa\/nota-de-prensa\/el-nuevo-miler-125-el-urbano-kymco-mas-refinado-viene-con-abs-mas-potencia-de-frenada-y-un-consumo-minimo\/","title":{"rendered":"El nuevo Miler 125, el urbano KYMCO m\u00e1s refinado, viene con ABS, m\u00e1s potencia de frenada y un consumo m\u00ednimo"},"content":{"rendered":"<style type=\"text\/css\">.fusion-gallery-1 .fusion-gallery-image {border:0px solid #f6f6f6;}<\/style><div class=\"fusion-gallery fusion-gallery-container fusion-grid-1 fusion-columns-total-1 fusion-gallery-layout-grid fusion-gallery-1\" style=\"margin:-5px;\"><div style=\"padding:5px;\" class=\"fusion-grid-column fusion-gallery-column fusion-gallery-column-1 hover-type-zoomin\"><div class=\"fusion-gallery-image\"><a href=\"https:\/\/www.kymco.es\/prensa\/wp-content\/uploads\/2021\/05\/miler125abs-general-marron-2.jpg\" rel=\"noreferrer\" data-rel=\"iLightbox[gallery_image_1]\" class=\"fusion-lightbox\" target=\"_self\"><img src=\"https:\/\/www.kymco.es\/prensa\/wp-content\/uploads\/2021\/05\/miler125abs-general-marron-2.jpg\" width=\"1200\" height=\"799\" alt=\"\" title=\"Miler125ABS_General Marr\u00f3n 2\" aria-label=\"Miler125ABS_General Marr\u00f3n 2\" class=\"img-responsive wp-image-8964\" srcset=\"https:\/\/www.kymco.es\/prensa\/wp-content\/uploads\/2021\/05\/miler125abs-general-marron-2-200x133.jpg 200w, https:\/\/www.kymco.es\/prensa\/wp-content\/uploads\/2021\/05\/miler125abs-general-marron-2-400x266.jpg 400w, https:\/\/www.kymco.es\/prensa\/wp-content\/uploads\/2021\/05\/miler125abs-general-marron-2-600x400.jpg 600w, https:\/\/www.kymco.es\/prensa\/wp-content\/uploads\/2021\/05\/miler125abs-general-marron-2-800x533.jpg 800w, https:\/\/www.kymco.es\/prensa\/wp-content\/uploads\/2021\/05\/miler125abs-general-marron-2.jpg 1200w\" sizes=\"(min-width: 2200px) 100vw, (min-width: 640px) 1240px, \" \/><\/a><\/div><\/div><div class=\"clearfix\"><\/div><\/div>\n<ul>\n<li><strong>El scooter KYMCO de 125 cc de est\u00e9tica sumamente cuidada ofrece la m\u00e1xima seguridad en la frenada en su versi\u00f3n supereficiente<\/strong><\/li>\n<li><strong>Disponible en la red de KYMCO Espa\u00f1a en la \u00faltima semana de mayo a un precio de venta recomendado muy competitivo y con el primer a\u00f1o de seguro incluido<\/strong><\/li>\n<\/ul>\n<p><strong>Madrid, 17 mayo.<\/strong><strong> \u00a0<\/strong>KYMCO Espa\u00f1a ha anunciado el nuevo <strong>modelo Miler 125<\/strong>, el scooter <strong>urbano<\/strong> KYMCO de <strong>est\u00e9tica sumamente cuidada<\/strong>, con el sistema de <strong>frenado m\u00e1s seguro<\/strong> que todos los usuarios desean para conseguir una total confianza y tranquilidad. El nuevo modelo se convierte en la tercera propuesta KYMCO de rueda alta, veh\u00edculos cada vez m\u00e1s seguros y eficientes, de bajas emisiones y consumos muy reducidos (<a href=\"https:\/\/www.kymco.es\/prensa\/nota-de-prensa\/el-nuevo-people-s-125-ofrece-la-maxima-iluminacion\/\">People S 125<\/a> y <a href=\"https:\/\/www.kymco.es\/prensa\/nota-de-prensa\/kymco-anuncia-la-nueva-generacion-de-scooters-urbanos-mas-eficientes-y-en-promocion\/\">Agility City 125<\/a>).\u00a0<\/p>\n<p>Est\u00e1 disponible en dos colores, que se adaptan a cada estilo personal, blanco brillo y marr\u00f3n satinado. El modelo saldr\u00e1 a la venta en la<strong> \u00faltima semana de mayo<\/strong> a un precio de venta recomendado muy competitivo, que incluir\u00e1<strong> un a\u00f1o de seguro a terceros de serie,<\/strong> y prev\u00e9, adem\u00e1s, un plan de financiaci\u00f3n flexible (Plan D\u00fao KYMCO).<\/p>\n<p><strong>Gran potencia de frenada y control total<\/strong><\/p>\n<p>El nuevo Miler 125 equipa el elemento que m\u00e1s confianza proporciona a los usuarios de motocicletas de entornos urbanos, el sistema <strong>antibloqueo de frenos ABS.<\/strong> \u00a0Es elemento de seguridad activo que mejor responde ante una frenada de emergencia. De entre todas las posibles opciones, KYMCO ha optado por equipar el veh\u00edculo con centralita <strong>Bosch<\/strong>, del fabricante de ABS de mayor prestigio, y con su sistema m\u00e1s avanzado que act\u00faa sobre<strong> ambas ruedas<\/strong>. \u00a0<\/p>\n<p>Esta confianza y tranquilidad es a\u00fan mayor en el nuevo Miler 125 ABS porque el modelo cuenta con una<strong> potencia de frenada muy superior<\/strong> y precisa, gracias al <strong>nuevo disco de freno delantero de di\u00e1metro 260 mm, un 15% m\u00e1s grande<\/strong> (\u00d8 226 mm en la versi\u00f3n anterior). Este aumento de la potencia de frenada en el tren delantero, encargado de aplicar la mayor fuerza de frenado, es relevante en los veh\u00edculos con ABS.<\/p>\n<p>Con estos dos nuevos refuerzos, los usuarios del nuevo Miler 125 tendr\u00e1n la confianza y seguridad que necesitan para sus desplazamientos urbanos; y, ante una posible situaci\u00f3n que exija detener el veh\u00edculo de manera urgente e imprevista, tendr\u00e1n el <strong>control total<\/strong> sobre la motocicleta.<\/p>\n<p><strong>Muy eficiente<\/strong><\/p>\n<p>El nuevo Miler 125 ABS ha evolucionado hacia una generaci\u00f3n supereficiente con una <strong>motorizaci\u00f3n<\/strong> <strong>urbana m\u00e1s sostenible<\/strong> y <strong>cuidadosa con el medio ambiente<\/strong>, que ha logrado reducir el consumo en un 4% -solo necesita<strong> 2,4 litros<\/strong> para recorrer 100 kil\u00f3metros-. Adem\u00e1s, sus niveles de emisiones se sit\u00faan muy por debajo de los l\u00edmites permitidos en la normativa Euro 5.<\/p>\n<style type=\"text\/css\">.fusion-gallery-2 .fusion-gallery-image {border:0px solid #f6f6f6;}<\/style><div class=\"fusion-gallery fusion-gallery-container fusion-grid-1 fusion-columns-total-1 fusion-gallery-layout-grid fusion-gallery-2\" style=\"margin:-5px;\"><div style=\"padding:5px;\" class=\"fusion-grid-column fusion-gallery-column fusion-gallery-column-1 hover-type-zoomin\"><div class=\"fusion-gallery-image\"><a href=\"https:\/\/www.kymco.es\/prensa\/wp-content\/uploads\/2021\/05\/emisiones-miler-125-abs.jpg\" rel=\"noreferrer\" data-rel=\"iLightbox[gallery_image_2]\" class=\"fusion-lightbox\" target=\"_self\"><img src=\"https:\/\/www.kymco.es\/prensa\/wp-content\/uploads\/2021\/05\/emisiones-miler-125-abs.jpg\" width=\"1200\" height=\"800\" alt=\"\" title=\"Emisiones Miler 125 ABS\" aria-label=\"Emisiones Miler 125 ABS\" class=\"img-responsive wp-image-8968\" srcset=\"https:\/\/www.kymco.es\/prensa\/wp-content\/uploads\/2021\/05\/emisiones-miler-125-abs-200x133.jpg 200w, https:\/\/www.kymco.es\/prensa\/wp-content\/uploads\/2021\/05\/emisiones-miler-125-abs-400x267.jpg 400w, https:\/\/www.kymco.es\/prensa\/wp-content\/uploads\/2021\/05\/emisiones-miler-125-abs-600x400.jpg 600w, https:\/\/www.kymco.es\/prensa\/wp-content\/uploads\/2021\/05\/emisiones-miler-125-abs-800x533.jpg 800w, https:\/\/www.kymco.es\/prensa\/wp-content\/uploads\/2021\/05\/emisiones-miler-125-abs.jpg 1200w\" sizes=\"(min-width: 2200px) 100vw, (min-width: 640px) 1240px, \" \/><\/a><\/div><\/div><div class=\"clearfix\"><\/div><\/div>\n<p>Sus bajos niveles de emisiones de hidrocarburos (THC), que representan solo el 60% de lo permitido, determinan la gran eficiencia del motor. Las emisiones de \u00f3xido de nitr\u00f3geno (NOx), relacionadas con la capa de ozono, se sit\u00faan al 40% del l\u00edmite, y las de mon\u00f3xido de carbono (CO) solo al 20%.<\/p>\n<p><strong>Sofisticado y detallista<\/strong><\/p>\n<p>Miler 125 ABS es el modelo con mayor n\u00famero de piezas pintadas de todo el cat\u00e1logo KYMCO, lo que da una idea del esmero y la excelencia de sus acabados. \u00a0<\/p>\n<p>De l\u00edneas suaves y redondeadas, es sumamente llamativo, elegante y moderno. En la nueva versi\u00f3n Euro 5, cuenta con numerosos <strong>detalles cromados y terminaciones de calidad nuevas<\/strong>; por ejemplo, las nuevas manetas acabadas en cromo, a juego con los amplios retrovisores y con las estriberas (desplegables y antideslizante). Otros elementos destacados de la carrocer\u00eda cuentan con nuevos acabados en negro piano y las nuevas llantas con bordes pulidos de alto contraste.<\/p>\n<p>La iluminaci\u00f3n, adem\u00e1s de ser un elemento de seguridad, forma parte de esta est\u00e9tica cuidada: intermitentes integrados en la carrocer\u00eda y Gu\u00eda Luminosa led en la luz de posici\u00f3n trasera.<\/p>\n<p><strong>Ligero y \u00e1gil<\/strong><\/p>\n<p>El nuevo Miler 125 ABS es un scooter fundamentalmente urbano, y muestra de ello son sus dimensiones compactas, su ligereza y agilidad. Solo pesa 124 kilos, y esto tiene un impacto muy positivo en su rendimiento en v\u00edas urbanas. \u00a0<\/p>\n<p>El acceso a la moto es muy c\u00f3modo gracias al suelo plano; adem\u00e1s, con el veh\u00edculo detenido, el usuario\u00a0 se sentir\u00e1 muy seguro ya que el asiento de Miler 125 es muy bajo (800 mm es la distancia al suelo) y sus bordes est\u00e1n rebajados lo que facilita el apoyo del pie al suelo a todos los usuarios. <strong>F\u00e1cil acceso y control del veh\u00edculo en parado<\/strong> son dos atributos muy valorados tambi\u00e9n por los veteranos y nuevos usuarios que se incorporan a la nueva movilidad urbana personal, una tendencia en alza en el actual contexto de reordenaci\u00f3n de las ciudades hacia modelos m\u00e1s saludables, limpios y menos ruidosos.<\/p>\n<p style=\"text-align: center;\"><i class=\"fb-icon-element-1 fb-icon-element fontawesome-icon fa-file far circle-yes fusion-text-flow\" style=\"font-size:28.16px;line-height:54.32px;height:56.32px;width:56.32px;border-width:1px;margin-right:16px;\"><\/i><style>i.fb-icon-element.fontawesome-icon.fb-icon-element-1{ color: #ffffff; background-color: #333338; border-color: #333338;}i.fb-icon-element.fontawesome-icon.fb-icon-element-1:hover { color: #ffffff; background-color: #333338; border-color: #333338;}<\/style>\u00a0 <a href=\"https:\/\/www.kymco.es\/prensa\/wp-content\/uploads\/2021\/05\/20210427-ft-miler-125-abs-e5.pdf\">Ver Ficha T\u00e9cnica Miler 125 ABS<\/a><\/p>\n<div class='photonic-wp-stream photonic-stream ' id='photonic-wp-stream-1'>\n<div id='photonic-slideshow-1' class='photonic-slideshow strip-below title-display-hover-slideup-show photonic-slideshow-adapt-height-width' data-splide='{\"type\":\"fade\",\"perPage\":\"1\",\"autoplay\":true,\"speed\":\"1000\",\"drag\":true,\"pauseOnHover\":true,\"pagination\":true,\"slideFocus\":false,\"arrows\":true,\"direction\":\"ltr\",\"breakpoints\":{\"480\":{\"perPage\":1}}}'>\n\t<div class='splide__track'>\n\t\t<ul class='photonic-slideshow-content splide__list' data-photonic-layout=\"strip-below\" data-photonic-fx=\"fade\" data-photonic-timeout=\"4000\" data-photonic-speed=\"1000\" data-photonic-pause=\"1\" data-photonic-strip-style=\"button\" data-photonic-controls=\"show\" data-photonic-columns=\"1\" >\n\t\t\t<li class='photonic-slideshow-img splide__slide'>\n\t\t\t\t<div class='splide__slide__container'>\n\t\t\t\t<img src='https:\/\/www.kymco.es\/prensa\/wp-content\/uploads\/2021\/05\/miler125abs-general-marron-3.jpg' alt='' title=''  id='photonic-slideshow-1-8985' \/>\n\t\t\t\t<\/div>\n\t\t\t<\/li>\n\t\t\t<li class='photonic-slideshow-img splide__slide'>\n\t\t\t\t<div class='splide__slide__container'>\n\t\t\t\t<img src='https:\/\/www.kymco.es\/prensa\/wp-content\/uploads\/2021\/05\/miler125abs-general-marron-5.jpg' alt='' title=''  id='photonic-slideshow-1-8984' \/>\n\t\t\t\t<\/div>\n\t\t\t<\/li>\n\t\t\t<li class='photonic-slideshow-img splide__slide'>\n\t\t\t\t<div class='splide__slide__container'>\n\t\t\t\t<img src='https:\/\/www.kymco.es\/prensa\/wp-content\/uploads\/2021\/05\/miler125abs-general-marron-2.jpg' alt='' title=''  id='photonic-slideshow-1-8964' \/>\n\t\t\t\t<\/div>\n\t\t\t<\/li>\n\t\t\t<li class='photonic-slideshow-img splide__slide'>\n\t\t\t\t<div class='splide__slide__container'>\n\t\t\t\t<img src='https:\/\/www.kymco.es\/prensa\/wp-content\/uploads\/2021\/05\/miler125abs-general-marron-1.jpg' alt='' title=''  id='photonic-slideshow-1-8967' \/>\n\t\t\t\t<\/div>\n\t\t\t<\/li>\n\t\t\t<li class='photonic-slideshow-img splide__slide'>\n\t\t\t\t<div class='splide__slide__container'>\n\t\t\t\t<img src='https:\/\/www.kymco.es\/prensa\/wp-content\/uploads\/2021\/05\/miler125abs-general-blanco-5.jpg' alt='' title=''  id='photonic-slideshow-1-8981' \/>\n\t\t\t\t<\/div>\n\t\t\t<\/li>\n\t\t\t<li class='photonic-slideshow-img splide__slide'>\n\t\t\t\t<div class='splide__slide__container'>\n\t\t\t\t<img src='https:\/\/www.kymco.es\/prensa\/wp-content\/uploads\/2021\/05\/miler125abs-general-blanco-4.jpg' alt='' title=''  id='photonic-slideshow-1-8983' \/>\n\t\t\t\t<\/div>\n\t\t\t<\/li>\n\t\t\t<li class='photonic-slideshow-img splide__slide'>\n\t\t\t\t<div class='splide__slide__container'>\n\t\t\t\t<img src='https:\/\/www.kymco.es\/prensa\/wp-content\/uploads\/2021\/05\/miler125abs-general-blanco-2.jpg' alt='' title=''  id='photonic-slideshow-1-8966' \/>\n\t\t\t\t<\/div>\n\t\t\t<\/li>\n\t\t\t<li class='photonic-slideshow-img splide__slide'>\n\t\t\t\t<div class='splide__slide__container'>\n\t\t\t\t<img src='https:\/\/www.kymco.es\/prensa\/wp-content\/uploads\/2021\/05\/miler125abs-general-blanco-1.jpg' alt='' title=''  id='photonic-slideshow-1-8965' \/>\n\t\t\t\t<\/div>\n\t\t\t<\/li>\n\t\t<\/ul>\n\t<\/div><!-- splide__track -->\n<\/div><!-- .photonic-slideshow-->\n\n<\/div><!-- .photonic-stream or .photonic-panel -->\n\n","protected":false},"excerpt":{"rendered":"<p>Nueva propuesta KYMCO de rueda alta eficiente, de muy bajas emisiones y consumo, ofrece<strong>\u00a0el control total<\/strong> del veh\u00edculo que todos los usuarios desean en sus desplazamientos a diario. Estar\u00e1 disponible en blanco brillo y marr\u00f3n satinado, en la <strong>\u00faltima semana de mayo<\/strong> y a un precio de venta recomendado muy competitivo (incluir\u00e1 de serie un a\u00f1o de seguro a terceros). Prev\u00e9 tambi\u00e9n un plan de financiaci\u00f3n flexible (<a href=\"https:\/\/www.kymco.es\/genius\/plan-duo\">Plan D\u00fao de KYMCO<\/a>).\u00a0<\/p>\n","protected":false},"author":2,"featured_media":8964,"comment_status":"closed","ping_status":"closed","sticky":false,"template":"","format":"standard","meta":[],"categories":[520,449],"tags":[],"yoast_head":"<!-- This site is optimized with the Yoast SEO plugin v17.1 - https:\/\/yoast.com\/wordpress\/plugins\/seo\/ -->\n<title>El nuevo Miler 125, el urbano KYMCO m\u00e1s refinado, viene con ABS, m\u00e1s potencia de frenada y un consumo m\u00ednimo - KYMCO Espa\u00f1a<\/title>\n<meta name=\"robots\" content=\"index, follow, max-snippet:-1, max-image-preview:large, max-video-preview:-1\" \/>\n<link rel=\"canonical\" href=\"https:\/\/www.kymco.es\/prensa\/nota-de-prensa\/el-nuevo-miler-125-el-urbano-kymco-mas-refinado-viene-con-abs-mas-potencia-de-frenada-y-un-consumo-minimo\/\" \/>\n<meta property=\"og:locale\" content=\"es_ES\" \/>\n<meta property=\"og:type\" content=\"article\" \/>\n<meta property=\"og:title\" content=\"El nuevo Miler 125, el urbano KYMCO m\u00e1s refinado, viene con ABS, m\u00e1s potencia de frenada y un consumo m\u00ednimo - KYMCO Espa\u00f1a\" \/>\n<meta property=\"og:description\" content=\"Nueva propuesta KYMCO de rueda alta eficiente, de muy bajas emisiones y consumo, ofrece\u00a0el control total del veh\u00edculo que todos los usuarios desean en sus desplazamientos a diario. Estar\u00e1 disponible en blanco brillo y marr\u00f3n satinado, en la \u00faltima semana de mayo y a un precio de venta recomendado muy competitivo (incluir\u00e1 de serie un a\u00f1o de seguro a terceros). Prev\u00e9 tambi\u00e9n un plan de financiaci\u00f3n flexible (Plan D\u00fao de KYMCO).\u00a0\" \/>\n<meta property=\"og:url\" content=\"https:\/\/www.kymco.es\/prensa\/nota-de-prensa\/el-nuevo-miler-125-el-urbano-kymco-mas-refinado-viene-con-abs-mas-potencia-de-frenada-y-un-consumo-minimo\/\" \/>\n<meta property=\"og:site_name\" content=\"KYMCO Espa\u00f1a\" \/>\n<meta property=\"article:published_time\" content=\"2021-05-17T06:56:03+00:00\" \/>\n<meta property=\"article:modified_time\" content=\"2021-05-17T12:17:14+00:00\" \/>\n<meta property=\"og:image\" content=\"https:\/\/www.kymco.es\/prensa\/wp-content\/uploads\/2021\/05\/miler125abs-general-marron-2.jpg\" \/>\n\t<meta property=\"og:image:width\" content=\"1200\" \/>\n\t<meta property=\"og:image:height\" content=\"799\" \/>\n<meta name=\"twitter:card\" content=\"summary_large_image\" \/>\n<meta name=\"twitter:label1\" content=\"Escrito por\" \/>\n\t<meta name=\"twitter:data1\" content=\"KYMCO Espa\u00f1a\" \/>\n\t<meta name=\"twitter:label2\" content=\"Tiempo de lectura\" \/>\n\t<meta name=\"twitter:data2\" content=\"4 minutos\" \/>\n<script type=\"application\/ld+json\" class=\"yoast-schema-graph\">{\"@context\":\"https:\/\/schema.org\",\"@graph\":[{\"@type\":\"WebSite\",\"@id\":\"https:\/\/www.kymco.es\/prensa\/#website\",\"url\":\"https:\/\/www.kymco.es\/prensa\/\",\"name\":\"KYMCO Espa\\u00f1a\",\"description\":\"Marca de movilidad personal\",\"potentialAction\":[{\"@type\":\"SearchAction\",\"target\":{\"@type\":\"EntryPoint\",\"urlTemplate\":\"https:\/\/www.kymco.es\/prensa\/?s={search_term_string}\"},\"query-input\":\"required name=search_term_string\"}],\"inLanguage\":\"es\"},{\"@type\":\"ImageObject\",\"@id\":\"https:\/\/www.kymco.es\/prensa\/nota-de-prensa\/el-nuevo-miler-125-el-urbano-kymco-mas-refinado-viene-con-abs-mas-potencia-de-frenada-y-un-consumo-minimo\/#primaryimage\",\"inLanguage\":\"es\",\"url\":\"https:\/\/www.kymco.es\/prensa\/wp-content\/uploads\/2021\/05\/miler125abs-general-marron-2.jpg\",\"contentUrl\":\"https:\/\/www.kymco.es\/prensa\/wp-content\/uploads\/2021\/05\/miler125abs-general-marron-2.jpg\",\"width\":1200,\"height\":799,\"caption\":\"Stacked from 2 images. Method=A (R=8,S=4)\"},{\"@type\":\"WebPage\",\"@id\":\"https:\/\/www.kymco.es\/prensa\/nota-de-prensa\/el-nuevo-miler-125-el-urbano-kymco-mas-refinado-viene-con-abs-mas-potencia-de-frenada-y-un-consumo-minimo\/#webpage\",\"url\":\"https:\/\/www.kymco.es\/prensa\/nota-de-prensa\/el-nuevo-miler-125-el-urbano-kymco-mas-refinado-viene-con-abs-mas-potencia-de-frenada-y-un-consumo-minimo\/\",\"name\":\"El nuevo Miler 125, el urbano KYMCO m\\u00e1s refinado, viene con ABS, m\\u00e1s potencia de frenada y un consumo m\\u00ednimo - KYMCO Espa\\u00f1a\",\"isPartOf\":{\"@id\":\"https:\/\/www.kymco.es\/prensa\/#website\"},\"primaryImageOfPage\":{\"@id\":\"https:\/\/www.kymco.es\/prensa\/nota-de-prensa\/el-nuevo-miler-125-el-urbano-kymco-mas-refinado-viene-con-abs-mas-potencia-de-frenada-y-un-consumo-minimo\/#primaryimage\"},\"datePublished\":\"2021-05-17T06:56:03+00:00\",\"dateModified\":\"2021-05-17T12:17:14+00:00\",\"author\":{\"@id\":\"https:\/\/www.kymco.es\/prensa\/#\/schema\/person\/b315bb551f7fe40b3f8f1b4768f556c4\"},\"breadcrumb\":{\"@id\":\"https:\/\/www.kymco.es\/prensa\/nota-de-prensa\/el-nuevo-miler-125-el-urbano-kymco-mas-refinado-viene-con-abs-mas-potencia-de-frenada-y-un-consumo-minimo\/#breadcrumb\"},\"inLanguage\":\"es\",\"potentialAction\":[{\"@type\":\"ReadAction\",\"target\":[\"https:\/\/www.kymco.es\/prensa\/nota-de-prensa\/el-nuevo-miler-125-el-urbano-kymco-mas-refinado-viene-con-abs-mas-potencia-de-frenada-y-un-consumo-minimo\/\"]}]},{\"@type\":\"BreadcrumbList\",\"@id\":\"https:\/\/www.kymco.es\/prensa\/nota-de-prensa\/el-nuevo-miler-125-el-urbano-kymco-mas-refinado-viene-con-abs-mas-potencia-de-frenada-y-un-consumo-minimo\/#breadcrumb\",\"itemListElement\":[{\"@type\":\"ListItem\",\"position\":1,\"name\":\"Portada\",\"item\":\"https:\/\/www.kymco.es\/prensa\/\"},{\"@type\":\"ListItem\",\"position\":2,\"name\":\"El nuevo Miler 125, el urbano KYMCO m\\u00e1s refinado, viene con ABS, m\\u00e1s potencia de frenada y un consumo m\\u00ednimo\"}]},{\"@type\":\"Person\",\"@id\":\"https:\/\/www.kymco.es\/prensa\/#\/schema\/person\/b315bb551f7fe40b3f8f1b4768f556c4\",\"name\":\"KYMCO Espa\\u00f1a\",\"url\":\"https:\/\/www.kymco.es\/prensa\/author\/vanessasaedrin\/\"}]}<\/script>\n<!-- \/ Yoast SEO plugin. -->","yoast_head_json":{"title":"El nuevo Miler 125, el urbano KYMCO m\u00e1s refinado, viene con ABS, m\u00e1s potencia de frenada y un consumo m\u00ednimo - KYMCO Espa\u00f1a","robots":{"index":"index","follow":"follow","max-snippet":"max-snippet:-1","max-image-preview":"max-image-preview:large","max-video-preview":"max-video-preview:-1"},"canonical":"https:\/\/www.kymco.es\/prensa\/nota-de-prensa\/el-nuevo-miler-125-el-urbano-kymco-mas-refinado-viene-con-abs-mas-potencia-de-frenada-y-un-consumo-minimo\/","og_locale":"es_ES","og_type":"article","og_title":"El nuevo Miler 125, el urbano KYMCO m\u00e1s refinado, viene con ABS, m\u00e1s potencia de frenada y un consumo m\u00ednimo - KYMCO Espa\u00f1a","og_description":"Nueva propuesta KYMCO de rueda alta eficiente, de muy bajas emisiones y consumo, ofrece\u00a0el control total del veh\u00edculo que todos los usuarios desean en sus desplazamientos a diario. Estar\u00e1 disponible en blanco brillo y marr\u00f3n satinado, en la \u00faltima semana de mayo y a un precio de venta recomendado muy competitivo (incluir\u00e1 de serie un a\u00f1o de seguro a terceros). Prev\u00e9 tambi\u00e9n un plan de financiaci\u00f3n flexible (Plan D\u00fao de KYMCO).\u00a0","og_url":"https:\/\/www.kymco.es\/prensa\/nota-de-prensa\/el-nuevo-miler-125-el-urbano-kymco-mas-refinado-viene-con-abs-mas-potencia-de-frenada-y-un-consumo-minimo\/","og_site_name":"KYMCO Espa\u00f1a","article_published_time":"2021-05-17T06:56:03+00:00","article_modified_time":"2021-05-17T12:17:14+00:00","og_image":[{"width":1200,"height":799,"url":"https:\/\/www.kymco.es\/prensa\/wp-content\/uploads\/2021\/05\/miler125abs-general-marron-2.jpg","path":"\/var\/www\/html\/kymco.es\/prensa\/wp-content\/uploads\/2021\/05\/miler125abs-general-marron-2.jpg","size":"full","id":8964,"alt":"","pixels":958800,"type":"image\/jpeg"}],"twitter_card":"summary_large_image","twitter_misc":{"Escrito por":"KYMCO Espa\u00f1a","Tiempo de lectura":"4 minutos"},"schema":{"@context":"https:\/\/schema.org","@graph":[{"@type":"WebSite","@id":"https:\/\/www.kymco.es\/prensa\/#website","url":"https:\/\/www.kymco.es\/prensa\/","name":"KYMCO Espa\u00f1a","description":"Marca de movilidad personal","potentialAction":[{"@type":"SearchAction","target":{"@type":"EntryPoint","urlTemplate":"https:\/\/www.kymco.es\/prensa\/?s={search_term_string}"},"query-input":"required name=search_term_string"}],"inLanguage":"es"},{"@type":"ImageObject","@id":"https:\/\/www.kymco.es\/prensa\/nota-de-prensa\/el-nuevo-miler-125-el-urbano-kymco-mas-refinado-viene-con-abs-mas-potencia-de-frenada-y-un-consumo-minimo\/#primaryimage","inLanguage":"es","url":"https:\/\/www.kymco.es\/prensa\/wp-content\/uploads\/2021\/05\/miler125abs-general-marron-2.jpg","contentUrl":"https:\/\/www.kymco.es\/prensa\/wp-content\/uploads\/2021\/05\/miler125abs-general-marron-2.jpg","width":1200,"height":799,"caption":"Stacked from 2 images. Method=A (R=8,S=4)"},{"@type":"WebPage","@id":"https:\/\/www.kymco.es\/prensa\/nota-de-prensa\/el-nuevo-miler-125-el-urbano-kymco-mas-refinado-viene-con-abs-mas-potencia-de-frenada-y-un-consumo-minimo\/#webpage","url":"https:\/\/www.kymco.es\/prensa\/nota-de-prensa\/el-nuevo-miler-125-el-urbano-kymco-mas-refinado-viene-con-abs-mas-potencia-de-frenada-y-un-consumo-minimo\/","name":"El nuevo Miler 125, el urbano KYMCO m\u00e1s refinado, viene con ABS, m\u00e1s potencia de frenada y un consumo m\u00ednimo - KYMCO Espa\u00f1a","isPartOf":{"@id":"https:\/\/www.kymco.es\/prensa\/#website"},"primaryImageOfPage":{"@id":"https:\/\/www.kymco.es\/prensa\/nota-de-prensa\/el-nuevo-miler-125-el-urbano-kymco-mas-refinado-viene-con-abs-mas-potencia-de-frenada-y-un-consumo-minimo\/#primaryimage"},"datePublished":"2021-05-17T06:56:03+00:00","dateModified":"2021-05-17T12:17:14+00:00","author":{"@id":"https:\/\/www.kymco.es\/prensa\/#\/schema\/person\/b315bb551f7fe40b3f8f1b4768f556c4"},"breadcrumb":{"@id":"https:\/\/www.kymco.es\/prensa\/nota-de-prensa\/el-nuevo-miler-125-el-urbano-kymco-mas-refinado-viene-con-abs-mas-potencia-de-frenada-y-un-consumo-minimo\/#breadcrumb"},"inLanguage":"es","potentialAction":[{"@type":"ReadAction","target":["https:\/\/www.kymco.es\/prensa\/nota-de-prensa\/el-nuevo-miler-125-el-urbano-kymco-mas-refinado-viene-con-abs-mas-potencia-de-frenada-y-un-consumo-minimo\/"]}]},{"@type":"BreadcrumbList","@id":"https:\/\/www.kymco.es\/prensa\/nota-de-prensa\/el-nuevo-miler-125-el-urbano-kymco-mas-refinado-viene-con-abs-mas-potencia-de-frenada-y-un-consumo-minimo\/#breadcrumb","itemListElement":[{"@type":"ListItem","position":1,"name":"Portada","item":"https:\/\/www.kymco.es\/prensa\/"},{"@type":"ListItem","position":2,"name":"El nuevo Miler 125, el urbano KYMCO m\u00e1s refinado, viene con ABS, m\u00e1s potencia de frenada y un consumo m\u00ednimo"}]},{"@type":"Person","@id":"https:\/\/www.kymco.es\/prensa\/#\/schema\/person\/b315bb551f7fe40b3f8f1b4768f556c4","name":"KYMCO Espa\u00f1a","url":"https:\/\/www.kymco.es\/prensa\/author\/vanessasaedrin\/"}]}},"_links":{"self":[{"href":"https:\/\/www.kymco.es\/prensa\/wp-json\/wp\/v2\/posts\/8962"}],"collection":[{"href":"https:\/\/www.kymco.es\/prensa\/wp-json\/wp\/v2\/posts"}],"about":[{"href":"https:\/\/www.kymco.es\/prensa\/wp-json\/wp\/v2\/types\/post"}],"author":[{"embeddable":true,"href":"https:\/\/www.kymco.es\/prensa\/wp-json\/wp\/v2\/users\/2"}],"replies":[{"embeddable":true,"href":"https:\/\/www.kymco.es\/prensa\/wp-json\/wp\/v2\/comments?post=8962"}],"version-history":[{"count":5,"href":"https:\/\/www.kymco.es\/prensa\/wp-json\/wp\/v2\/posts\/8962\/revisions"}],"predecessor-version":[{"id":8990,"href":"https:\/\/www.kymco.es\/prensa\/wp-json\/wp\/v2\/posts\/8962\/revisions\/8990"}],"wp:featuredmedia":[{"embeddable":true,"href":"https:\/\/www.kymco.es\/prensa\/wp-json\/wp\/v2\/media\/8964"}],"wp:attachment":[{"href":"https:\/\/www.kymco.es\/prensa\/wp-json\/wp\/v2\/media?parent=8962"}],"wp:term":[{"taxonomy":"category","embeddable":true,"href":"https:\/\/www.kymco.es\/prensa\/wp-json\/wp\/v2\/categories?post=8962"},{"taxonomy":"post_tag","embeddable":true,"href":"https:\/\/www.kymco.es\/prensa\/wp-json\/wp\/v2\/tags?post=8962"}],"curies":[{"name":"wp","href":"https:\/\/api.w.org\/{rel}","templated":true}]}}