{"id":8712,"date":"2021-04-19T09:34:26","date_gmt":"2021-04-19T07:34:26","guid":{"rendered":"https:\/\/www.kymco.es\/prensa\/?p=8712"},"modified":"2021-05-11T11:31:59","modified_gmt":"2021-05-11T09:31:59","slug":"el-motosharing-abre-la-mente-a-este-financiero-en-cuatro-meses-compra-dos-agility-city-125","status":"publish","type":"post","link":"https:\/\/www.kymco.es\/prensa\/kymco-stories\/el-motosharing-abre-la-mente-a-este-financiero-en-cuatro-meses-compra-dos-agility-city-125\/","title":{"rendered":"El \u00b4motosharing\u2019 abre la mente a este financiero: compra dos Agility City 125 en cuatro meses"},"content":{"rendered":"<style type=\"text\/css\">.fusion-gallery-1 .fusion-gallery-image {border:0px solid #f6f6f6;}<\/style><div class=\"fusion-gallery fusion-gallery-container fusion-grid-1 fusion-columns-total-1 fusion-gallery-layout-grid fusion-gallery-1\" style=\"margin:-5px;\"><div style=\"padding:5px;\" class=\"fusion-grid-column fusion-gallery-column fusion-gallery-column-1 hover-type-zoomin\"><div class=\"fusion-gallery-image\"><a href=\"https:\/\/www.kymco.es\/prensa\/wp-content\/uploads\/2021\/04\/20201-kymco-stories-albertopeon-1.jpg\" rel=\"noreferrer\" data-rel=\"iLightbox[gallery_image_1]\" class=\"fusion-lightbox\" target=\"_self\"><img src=\"https:\/\/www.kymco.es\/prensa\/wp-content\/uploads\/2021\/04\/20201-kymco-stories-albertopeon-1.jpg\" width=\"1200\" height=\"800\" alt=\"\" title=\"20201 KYMCO Stories_AlbertoPe\u00f3n 1\" aria-label=\"20201 KYMCO Stories_AlbertoPe\u00f3n 1\" class=\"img-responsive wp-image-8720\" srcset=\"https:\/\/www.kymco.es\/prensa\/wp-content\/uploads\/2021\/04\/20201-kymco-stories-albertopeon-1-200x133.jpg 200w, https:\/\/www.kymco.es\/prensa\/wp-content\/uploads\/2021\/04\/20201-kymco-stories-albertopeon-1-400x267.jpg 400w, https:\/\/www.kymco.es\/prensa\/wp-content\/uploads\/2021\/04\/20201-kymco-stories-albertopeon-1-600x400.jpg 600w, https:\/\/www.kymco.es\/prensa\/wp-content\/uploads\/2021\/04\/20201-kymco-stories-albertopeon-1-800x533.jpg 800w, https:\/\/www.kymco.es\/prensa\/wp-content\/uploads\/2021\/04\/20201-kymco-stories-albertopeon-1.jpg 1200w\" sizes=\"(min-width: 2200px) 100vw, (min-width: 640px) 1240px, \" \/><\/a><\/div><\/div><div class=\"clearfix\"><\/div><\/div>\n<p>Sin la moto le era impensable sacar tiempo a diario para compaginar las visitas a su padre con la jornada laboral. Sab\u00eda que lo ten\u00eda que hacer, que su padre le necesitaba m\u00e1s que nunca y no le iba a fallar. Ni el coche ni el autob\u00fas le daban la <strong>agilidad de la moto<\/strong>, en lo que se refiere al <strong>ahorro de tiempo<\/strong>, aparcamiento garantizado y gratuito, y seguridad ante la Covid-19. La moto era su salvaci\u00f3n.<\/p>\n<p>Alberto, economista de 49 a\u00f1os, trabaja en el centro de Madrid para un fondo de <strong>capital riesgo fotovoltaico<\/strong> y se confiesa defensor de la <strong>nueva movilidad<\/strong> de alquiler, de pago por uso a trav\u00e9s de los <strong>tel\u00e9fonos inteligentes,<\/strong> y de las <strong>energ\u00edas limpias<\/strong>. El modelo de <em>sharing<\/em> en general (turismos, motos el\u00e9ctricas, bicicletas\u2026) est\u00e1 muy extendido en Madrid y pronto se convirti\u00f3 en un usuario habitual.<\/p>\n<p>Empez\u00f3 utilizando turismos y motos de alquiler en sustituci\u00f3n del autob\u00fas. En su tel\u00e9fono ten\u00eda todas las aplicaciones. Por un tema de practicidad. Si en una no encontraba el veh\u00edculo disponible que necesitaba, tiraba de otra. \u201cAun as\u00ed, me he encontrado en ocasiones sin posibilidad de alquiler por falta de moto\u201d.<\/p>\n<p>Entre esta incomodidad y que un d\u00eda ech\u00f3 n\u00fameros, Alberto opt\u00f3 por comprar. Lo que gastaba en movilidad de alquiler sumaba el doble que si financiaba<a href=\"https:\/\/www.kymco.es\/prensa\/nota-de-prensa\/record-kymco-2020-agility-city-125-moto-mas-vendida-en-espana\/\"> la moto m\u00e1s vendida en Espa\u00f1a: <strong>Agility City 125<\/strong><\/a>. \u201cEl cambio era de libro: <strong>100 euros de <em>motosharin<\/em>g frente a la cuota de 47 euros de Agility City 125<\/strong>; gasto menos y tengo toda la <strong>comodidad<\/strong> de tener la moto a mi disposici\u00f3n\u201d.<\/p>\n<p><span style=\"font-size: 24px; color: #000000;\"><i class=\"fb-icon-element-1 fb-icon-element fontawesome-icon fa-angle-double-left fas circle-yes fusion-text-flow fusion-animated\" style=\"font-size:28.16px;line-height:54.32px;height:56.32px;width:56.32px;border-width:1px;margin-right:16px;\" data-animationType=\"fadeInLeft\" data-animationDuration=\"0.3\" data-animationOffset=\"100%\"><\/i><style>i.fb-icon-element.fontawesome-icon.fb-icon-element-1{ color: #ffffff; background-color: #333338; border-color: #333338;}i.fb-icon-element.fontawesome-icon.fb-icon-element-1:hover { color: #ffffff; background-color: #333338; border-color: #333338;}<\/style>\u00a0 El cambio era de libro: <strong>100 euros de &#8216;motosharing&#8217; frente a la cuota de 47 euros de Agility City 125&#8243;<\/strong>-. <span style=\"font-size: 16px;\">Alberto (49), Madrid.<\/span><\/span><\/p>\n<p>Pero un domingo por la ma\u00f1ana, al ir a coger su moto se encontr\u00f3 con que \u00a1no estaba! Solo hab\u00eda pasado<strong> 4 meses<\/strong> desde que la compr\u00f3. Lejos de entrar en p\u00e1nico, como buen gestor de riesgos e inversiones a gran escala, acept\u00f3 la situaci\u00f3n: estaba m\u00e1s que cubierto. Alberto ten\u00eda la <a href=\"https:\/\/www.kymco.es\/genius\/seguro-de-robo\"><strong>cobertura de robo del seguro KYMCO<\/strong><\/a> que contrat\u00f3 cuando compr\u00f3 la moto. Por 41 euros hab\u00eda ampliado la p\u00f3liza de seguro incluido de KYMCO. Ese mismo lunes, sin dudarlo, <strong>compr\u00f3 otra Agility City 125<\/strong>. \u201cMe hab\u00eda acostumbrado a la buena vida\u201d, comenta. <a href=\"https:\/\/www.kymco.es\/prensa\/nota-de-prensa\/nuevo-agility-city-50-de-bajisimas-emisiones-y-por-solo-2-099-e-hasta-el-31-de-marzo\/\">Esta vez la eligi\u00f3 de color<strong> azul<\/strong><\/a> con <a href=\"https:\/\/www.kymco.es\/prensa\/nota-de-prensa\/nuevo-baul-para-el-casco-integral-ultracompacto-elegante-y-en-todos-los-colores-kymco\/\">el ba\u00fal haciendo juego<\/a>.<\/p>\n<p>La primera era de color blanco \u201cpara hacerme ver mejor ante los coches\u201d. Esta sensaci\u00f3n de vulnerabilidad la tiene muy presente. Por ello es escrupulosamente <strong>respetuoso y prudente<\/strong> con las normas, su forma de conducci\u00f3n es responsable, sin sobrepasar la velocidad urbana. La <strong>reordenaci\u00f3n de las ciudades<\/strong>, cada vez m\u00e1s saludables, sostenibles y menos ruidosas, y los nuevos l\u00edmites de velocidad para <strong>calmar el tr\u00e1fico<\/strong> le ofrecen grandes <strong>garant\u00edas para circular cada vez m\u00e1s seguro<\/strong>. Esta forma de moverse es su aportaci\u00f3n por una ciudad <strong>m\u00e1s saludable, m\u00e1s limpia<\/strong> y menos dependiente de los coches.<\/p>\n<p>Por cierto, el seguro que contrat\u00f3 en KYMCO le abon\u00f3<strong> el valor a nuevo<\/strong> del Agility City 125 y los accesorios (<strong>el ba\u00fal KY30)<\/strong>.<\/p>\n<style type=\"text\/css\">.fusion-gallery-2 .fusion-gallery-image {border:0px solid #f6f6f6;}<\/style><div class=\"fusion-gallery fusion-gallery-container fusion-grid-1 fusion-columns-total-1 fusion-gallery-layout-grid fusion-gallery-2\" style=\"margin:-5px;\"><div style=\"padding:5px;\" class=\"fusion-grid-column fusion-gallery-column fusion-gallery-column-1 hover-type-zoomin\"><div class=\"fusion-gallery-image\"><a href=\"https:\/\/www.kymco.es\/prensa\/wp-content\/uploads\/2021\/04\/20201-kymco-stories-albertopeon-3.jpg\" rel=\"noreferrer\" data-rel=\"iLightbox[gallery_image_2]\" class=\"fusion-lightbox\" target=\"_self\"><img src=\"https:\/\/www.kymco.es\/prensa\/wp-content\/uploads\/2021\/04\/20201-kymco-stories-albertopeon-3.jpg\" width=\"1200\" height=\"800\" alt=\"\" title=\"20201 KYMCO Stories_AlbertoPe\u00f3n 3\" aria-label=\"20201 KYMCO Stories_AlbertoPe\u00f3n 3\" class=\"img-responsive wp-image-8716\" srcset=\"https:\/\/www.kymco.es\/prensa\/wp-content\/uploads\/2021\/04\/20201-kymco-stories-albertopeon-3-200x133.jpg 200w, https:\/\/www.kymco.es\/prensa\/wp-content\/uploads\/2021\/04\/20201-kymco-stories-albertopeon-3-400x267.jpg 400w, https:\/\/www.kymco.es\/prensa\/wp-content\/uploads\/2021\/04\/20201-kymco-stories-albertopeon-3-600x400.jpg 600w, https:\/\/www.kymco.es\/prensa\/wp-content\/uploads\/2021\/04\/20201-kymco-stories-albertopeon-3-800x533.jpg 800w, https:\/\/www.kymco.es\/prensa\/wp-content\/uploads\/2021\/04\/20201-kymco-stories-albertopeon-3.jpg 1200w\" sizes=\"(min-width: 2200px) 100vw, (min-width: 640px) 1240px, \" \/><\/a><\/div><\/div><div class=\"clearfix\"><\/div><\/div>\n<p>&nbsp;<\/p>\n<div class='photonic-wp-stream photonic-stream ' id='photonic-wp-stream-1'>\n\t<div id='photonic-wp-stream-1-container' class='title-display-hover-slideup-show photonic-level-1-container photonic-mosaic-layout photonic-thumbnail-effect-zoom sizes-present'  data-photonic-platform=\"wp\" data-photonic-query=\"order=ASC&amp;orderby=post__in&amp;id=8712&amp;itemtag=dl&amp;icontag=dt&amp;captiontag=dd&amp;size=thumbnail&amp;include=8716,8391,8353,8352,8351,8350,8332,8277&amp;exclude=&amp;link=post&amp;layout=mosaic&amp;more=&amp;display=in-page&amp;panel=&amp;filter=&amp;filter_type=include&amp;fx=slide&amp;timeout=4000&amp;speed=1000&amp;pause=1&amp;strip-style=thumbs&amp;controls=hide&amp;popup=hide&amp;custom_classes=&amp;alignment=&amp;caption=none&amp;page=1&amp;count=-1&amp;thumb_width=75&amp;thumb_height=75&amp;thumb_size=thumbnail&amp;slide_size=large&amp;slideshow_height=500&amp;type=default&amp;style=mosaic&amp;main_size=full&amp;tile_size=full&amp;columns=auto&amp;ids=8716,8391,8353,8352,8351,8350,8332,8277\"  data-photonic-gallery-columns=\"auto\" style='--tile-min-height: 200px'>\n<figure class='photonic-pad-photos photonic-level-1 photonic-thumb'  style='--dw: 1200; --dh: 800' >\n\t\t\t<a  class='photonic-launch-gallery launch-gallery-swipebox swipebox'  rel='lightbox-photonic-wp-stream-1'  href=\"https:\/\/www.kymco.es\/prensa\/wp-content\/uploads\/2021\/04\/20201-kymco-stories-albertopeon-3.jpg\" title=\"\" data-title=\"&lt;a href=&#039;https:\/\/www.kymco.es\/prensa\/kymco-stories\/el-motosharing-abre-la-mente-a-este-financiero-en-cuatro-meses-compra-dos-agility-city-125\/attachment\/20201-kymco-stories_albertopeon-3\/&#039; &gt;Ver&lt;\/a&gt;\"   data-photonic-media-type=\"image\"   data-photonic-deep=\"gallery[photonic-wp-stream-1]\/8716\/\" >\n\t\t\t\t<img alt=\"20201 KYMCO Stories_AlbertoPe\u00f3n 3\" src=\"https:\/\/www.kymco.es\/prensa\/wp-content\/uploads\/2021\/04\/20201-kymco-stories-albertopeon-3.jpg\"  class='mosaic'  loading='eager'  width='1200' height='800' \/>\n\t\t\t\t\n\t\t\t<\/a>\n\t\t<\/figure>\n\t\t<figure class='photonic-pad-photos photonic-level-1 photonic-thumb'  style='--dw: 1200; --dh: 800' >\n\t\t\t<a  class='photonic-launch-gallery launch-gallery-swipebox swipebox'  rel='lightbox-photonic-wp-stream-1'  href=\"https:\/\/www.kymco.es\/prensa\/wp-content\/uploads\/2021\/03\/kymco-agility-city-125-ambiente-azul-marron-5.jpg\" title=\"\" data-title=\"&lt;a href=&#039;https:\/\/www.kymco.es\/prensa\/kymco-agility-city-125_ambiente-azul-marron-5\/&#039; &gt;Ver&lt;\/a&gt;\"   data-photonic-media-type=\"image\"   data-photonic-deep=\"gallery[photonic-wp-stream-1]\/8391\/\" >\n\t\t\t\t<img alt=\"KYMCO Agility City 125_Ambiente Azul Marr\u00f3n 5\" src=\"https:\/\/www.kymco.es\/prensa\/wp-content\/uploads\/2021\/03\/kymco-agility-city-125-ambiente-azul-marron-5.jpg\"  class='mosaic'  loading='eager'  width='1200' height='800' \/>\n\t\t\t\t\n\t\t\t<\/a>\n\t\t<\/figure>\n\t\t<figure class='photonic-pad-photos photonic-level-1 photonic-thumb'  style='--dw: 1200; --dh: 800' >\n\t\t\t<a  class='photonic-launch-gallery launch-gallery-swipebox swipebox'  rel='lightbox-photonic-wp-stream-1'  href=\"https:\/\/www.kymco.es\/prensa\/wp-content\/uploads\/2021\/03\/kymco-agility-city-125-ambiente-azul-5.jpg\" title=\"\" data-title=\"&lt;a href=&#039;https:\/\/www.kymco.es\/prensa\/kymco-agility-city-125_ambiente-azul-5\/&#039; &gt;Ver&lt;\/a&gt;\"   data-photonic-media-type=\"image\"   data-photonic-deep=\"gallery[photonic-wp-stream-1]\/8353\/\" >\n\t\t\t\t<img alt=\"KYMCO Agility City 125_Ambiente Azul 5\" src=\"https:\/\/www.kymco.es\/prensa\/wp-content\/uploads\/2021\/03\/kymco-agility-city-125-ambiente-azul-5.jpg\"  class='mosaic'  loading='eager'  width='1200' height='800' \/>\n\t\t\t\t\n\t\t\t<\/a>\n\t\t<\/figure>\n\t\t<figure class='photonic-pad-photos photonic-level-1 photonic-thumb'  style='--dw: 1200; --dh: 800' >\n\t\t\t<a  class='photonic-launch-gallery launch-gallery-swipebox swipebox'  rel='lightbox-photonic-wp-stream-1'  href=\"https:\/\/www.kymco.es\/prensa\/wp-content\/uploads\/2021\/03\/kymco-agility-city-125-ambiente-azul-4.jpg\" title=\"\" data-title=\"&lt;a href=&#039;https:\/\/www.kymco.es\/prensa\/kymco-agility-city-125_ambiente-azul-4\/&#039; &gt;Ver&lt;\/a&gt;\"   data-photonic-media-type=\"image\"   data-photonic-deep=\"gallery[photonic-wp-stream-1]\/8352\/\" >\n\t\t\t\t<img alt=\"KYMCO Agility City 125_Ambiente Azul 4\" src=\"https:\/\/www.kymco.es\/prensa\/wp-content\/uploads\/2021\/03\/kymco-agility-city-125-ambiente-azul-4.jpg\"  class='mosaic'  loading='eager'  width='1200' height='800' \/>\n\t\t\t\t\n\t\t\t<\/a>\n\t\t<\/figure>\n\t\t<figure class='photonic-pad-photos photonic-level-1 photonic-thumb'  style='--dw: 1200; --dh: 800' >\n\t\t\t<a  class='photonic-launch-gallery launch-gallery-swipebox swipebox'  rel='lightbox-photonic-wp-stream-1'  href=\"https:\/\/www.kymco.es\/prensa\/wp-content\/uploads\/2021\/03\/kymco-agility-city-125-ambiente-azul-3.jpg\" title=\"\" data-title=\"&lt;a href=&#039;https:\/\/www.kymco.es\/prensa\/kymco-agility-city-125_ambiente-azul-3\/&#039; &gt;Ver&lt;\/a&gt;\"   data-photonic-media-type=\"image\"   data-photonic-deep=\"gallery[photonic-wp-stream-1]\/8351\/\" >\n\t\t\t\t<img alt=\"KYMCO Agility City 125_Ambiente Azul 3\" src=\"https:\/\/www.kymco.es\/prensa\/wp-content\/uploads\/2021\/03\/kymco-agility-city-125-ambiente-azul-3.jpg\"  class='mosaic'  loading='eager'  width='1200' height='800' \/>\n\t\t\t\t\n\t\t\t<\/a>\n\t\t<\/figure>\n\t\t<figure class='photonic-pad-photos photonic-level-1 photonic-thumb'  style='--dw: 1200; --dh: 800' >\n\t\t\t<a  class='photonic-launch-gallery launch-gallery-swipebox swipebox'  rel='lightbox-photonic-wp-stream-1'  href=\"https:\/\/www.kymco.es\/prensa\/wp-content\/uploads\/2021\/03\/kymco-agility-city-125-ambiente-azul-2.jpg\" title=\"\" data-title=\"&lt;a href=&#039;https:\/\/www.kymco.es\/prensa\/kymco-agility-city-125_ambiente-azul-2\/&#039; &gt;Ver&lt;\/a&gt;\"   data-photonic-media-type=\"image\"   data-photonic-deep=\"gallery[photonic-wp-stream-1]\/8350\/\" >\n\t\t\t\t<img alt=\"KYMCO Agility City 125_Ambiente Azul 2\" src=\"https:\/\/www.kymco.es\/prensa\/wp-content\/uploads\/2021\/03\/kymco-agility-city-125-ambiente-azul-2.jpg\"  class='mosaic'  loading='eager'  width='1200' height='800' \/>\n\t\t\t\t\n\t\t\t<\/a>\n\t\t<\/figure>\n\t\t<figure class='photonic-pad-photos photonic-level-1 photonic-thumb'  style='--dw: 1200; --dh: 800' >\n\t\t\t<a  class='photonic-launch-gallery launch-gallery-swipebox swipebox'  rel='lightbox-photonic-wp-stream-1'  href=\"https:\/\/www.kymco.es\/prensa\/wp-content\/uploads\/2021\/03\/agility-city-125-accion-azul-3.jpg\" title=\"\" data-title=\"&lt;a href=&#039;https:\/\/www.kymco.es\/prensa\/agility-city-125_accion-azul-3\/&#039; &gt;Ver&lt;\/a&gt;\"   data-photonic-media-type=\"image\"   data-photonic-deep=\"gallery[photonic-wp-stream-1]\/8332\/\" >\n\t\t\t\t<img alt=\"Agility City 125_Acci\u00f3n Azul 3\" src=\"https:\/\/www.kymco.es\/prensa\/wp-content\/uploads\/2021\/03\/agility-city-125-accion-azul-3.jpg\"  class='mosaic'  loading='eager'  width='1200' height='800' \/>\n\t\t\t\t\n\t\t\t<\/a>\n\t\t<\/figure>\n\t\t<figure class='photonic-pad-photos photonic-level-1 photonic-thumb'  style='--dw: 2161; --dh: 1440' >\n\t\t\t<a  class='photonic-launch-gallery launch-gallery-swipebox swipebox'  rel='lightbox-photonic-wp-stream-1'  href=\"https:\/\/www.kymco.es\/prensa\/wp-content\/uploads\/2021\/02\/agility-city-50-general-blanco-4-1.jpg\" title=\"\" data-title=\"&lt;a href=&#039;https:\/\/www.kymco.es\/prensa\/nota-de-prensa\/nuevo-agility-city-50-de-bajisimas-emisiones-y-por-solo-2-099-e-hasta-el-31-de-marzo\/attachment\/agility-city-50_general-blanco-4-3\/&#039; &gt;Ver&lt;\/a&gt;\"   data-photonic-media-type=\"image\"   data-photonic-deep=\"gallery[photonic-wp-stream-1]\/8277\/\" >\n\t\t\t\t<img alt=\"Agility City 50_General Blanco 4\" src=\"https:\/\/www.kymco.es\/prensa\/wp-content\/uploads\/2021\/02\/agility-city-50-general-blanco-4-1.jpg\"  class='mosaic'  loading='eager'  width='2161' height='1440' \/>\n\t\t\t\t\n\t\t\t<\/a>\n\t\t<\/figure>\n\t<\/div> <!-- .\/photonic-level-1-container -->\n<span id='photonic-wp-stream-1-container-end'><\/span>\n<\/div><!-- .photonic-stream or .photonic-panel -->\n\n","protected":false},"excerpt":{"rendered":"<p>Conoce la historia de este economista de 49 a\u00f1os que vive y trabaja en el centro de Madrid y consigue reunirse con su padre a diario y <strong>ofrecerle la compa\u00f1\u00eda y la sensaci\u00f3n de bienestar<\/strong> que necesita gracias a la moto. Lo que en principio fue pensado para un uso puntual, ahora se ha convertido en algo<strong> imprescindible<\/strong>; pero, no solo para este <strong>momento especial del d\u00eda,<\/strong> sino para <strong>todo.<\/strong><\/p>\n","protected":false},"author":2,"featured_media":8716,"comment_status":"closed","ping_status":"closed","sticky":false,"template":"","format":"standard","meta":[],"categories":[441,517,740],"tags":[],"yoast_head":"<!-- This site is optimized with the Yoast SEO plugin v17.1 - https:\/\/yoast.com\/wordpress\/plugins\/seo\/ -->\n<title>El \u00b4motosharing\u2019 abre la mente a este financiero: compra dos Agility City 125 en cuatro meses - KYMCO Espa\u00f1a<\/title>\n<meta name=\"robots\" content=\"index, follow, max-snippet:-1, max-image-preview:large, max-video-preview:-1\" \/>\n<link rel=\"canonical\" href=\"https:\/\/www.kymco.es\/prensa\/kymco-stories\/el-motosharing-abre-la-mente-a-este-financiero-en-cuatro-meses-compra-dos-agility-city-125\/\" \/>\n<meta property=\"og:locale\" content=\"es_ES\" \/>\n<meta property=\"og:type\" content=\"article\" \/>\n<meta property=\"og:title\" content=\"El \u00b4motosharing\u2019 abre la mente a este financiero: compra dos Agility City 125 en cuatro meses - KYMCO Espa\u00f1a\" \/>\n<meta property=\"og:description\" content=\"Conoce la historia de este economista de 49 a\u00f1os que vive y trabaja en el centro de Madrid y consigue reunirse con su padre a diario y ofrecerle la compa\u00f1\u00eda y la sensaci\u00f3n de bienestar que necesita gracias a la moto. Lo que en principio fue pensado para un uso puntual, ahora se ha convertido en algo imprescindible; pero, no solo para este momento especial del d\u00eda, sino para todo.\" \/>\n<meta property=\"og:url\" content=\"https:\/\/www.kymco.es\/prensa\/kymco-stories\/el-motosharing-abre-la-mente-a-este-financiero-en-cuatro-meses-compra-dos-agility-city-125\/\" \/>\n<meta property=\"og:site_name\" content=\"KYMCO Espa\u00f1a\" \/>\n<meta property=\"article:published_time\" content=\"2021-04-19T07:34:26+00:00\" \/>\n<meta property=\"article:modified_time\" content=\"2021-05-11T09:31:59+00:00\" \/>\n<meta property=\"og:image\" content=\"https:\/\/www.kymco.es\/prensa\/wp-content\/uploads\/2021\/04\/20201-kymco-stories-albertopeon-3.jpg\" \/>\n\t<meta property=\"og:image:width\" content=\"1200\" \/>\n\t<meta property=\"og:image:height\" content=\"800\" \/>\n<meta name=\"twitter:card\" content=\"summary_large_image\" \/>\n<meta name=\"twitter:label1\" content=\"Escrito por\" \/>\n\t<meta name=\"twitter:data1\" content=\"KYMCO Espa\u00f1a\" \/>\n\t<meta name=\"twitter:label2\" content=\"Tiempo de lectura\" \/>\n\t<meta name=\"twitter:data2\" content=\"3 minutos\" \/>\n<script type=\"application\/ld+json\" class=\"yoast-schema-graph\">{\"@context\":\"https:\/\/schema.org\",\"@graph\":[{\"@type\":\"WebSite\",\"@id\":\"https:\/\/www.kymco.es\/prensa\/#website\",\"url\":\"https:\/\/www.kymco.es\/prensa\/\",\"name\":\"KYMCO Espa\\u00f1a\",\"description\":\"Marca de movilidad personal\",\"potentialAction\":[{\"@type\":\"SearchAction\",\"target\":{\"@type\":\"EntryPoint\",\"urlTemplate\":\"https:\/\/www.kymco.es\/prensa\/?s={search_term_string}\"},\"query-input\":\"required name=search_term_string\"}],\"inLanguage\":\"es\"},{\"@type\":\"ImageObject\",\"@id\":\"https:\/\/www.kymco.es\/prensa\/kymco-stories\/el-motosharing-abre-la-mente-a-este-financiero-en-cuatro-meses-compra-dos-agility-city-125\/#primaryimage\",\"inLanguage\":\"es\",\"url\":\"https:\/\/www.kymco.es\/prensa\/wp-content\/uploads\/2021\/04\/20201-kymco-stories-albertopeon-3.jpg\",\"contentUrl\":\"https:\/\/www.kymco.es\/prensa\/wp-content\/uploads\/2021\/04\/20201-kymco-stories-albertopeon-3.jpg\",\"width\":1200,\"height\":800},{\"@type\":\"WebPage\",\"@id\":\"https:\/\/www.kymco.es\/prensa\/kymco-stories\/el-motosharing-abre-la-mente-a-este-financiero-en-cuatro-meses-compra-dos-agility-city-125\/#webpage\",\"url\":\"https:\/\/www.kymco.es\/prensa\/kymco-stories\/el-motosharing-abre-la-mente-a-este-financiero-en-cuatro-meses-compra-dos-agility-city-125\/\",\"name\":\"El \\u00b4motosharing\\u2019 abre la mente a este financiero: compra dos Agility City 125 en cuatro meses - KYMCO Espa\\u00f1a\",\"isPartOf\":{\"@id\":\"https:\/\/www.kymco.es\/prensa\/#website\"},\"primaryImageOfPage\":{\"@id\":\"https:\/\/www.kymco.es\/prensa\/kymco-stories\/el-motosharing-abre-la-mente-a-este-financiero-en-cuatro-meses-compra-dos-agility-city-125\/#primaryimage\"},\"datePublished\":\"2021-04-19T07:34:26+00:00\",\"dateModified\":\"2021-05-11T09:31:59+00:00\",\"author\":{\"@id\":\"https:\/\/www.kymco.es\/prensa\/#\/schema\/person\/b315bb551f7fe40b3f8f1b4768f556c4\"},\"breadcrumb\":{\"@id\":\"https:\/\/www.kymco.es\/prensa\/kymco-stories\/el-motosharing-abre-la-mente-a-este-financiero-en-cuatro-meses-compra-dos-agility-city-125\/#breadcrumb\"},\"inLanguage\":\"es\",\"potentialAction\":[{\"@type\":\"ReadAction\",\"target\":[\"https:\/\/www.kymco.es\/prensa\/kymco-stories\/el-motosharing-abre-la-mente-a-este-financiero-en-cuatro-meses-compra-dos-agility-city-125\/\"]}]},{\"@type\":\"BreadcrumbList\",\"@id\":\"https:\/\/www.kymco.es\/prensa\/kymco-stories\/el-motosharing-abre-la-mente-a-este-financiero-en-cuatro-meses-compra-dos-agility-city-125\/#breadcrumb\",\"itemListElement\":[{\"@type\":\"ListItem\",\"position\":1,\"name\":\"Portada\",\"item\":\"https:\/\/www.kymco.es\/prensa\/\"},{\"@type\":\"ListItem\",\"position\":2,\"name\":\"El \\u00b4motosharing\\u2019 abre la mente a este financiero: compra dos Agility City 125 en cuatro meses\"}]},{\"@type\":\"Person\",\"@id\":\"https:\/\/www.kymco.es\/prensa\/#\/schema\/person\/b315bb551f7fe40b3f8f1b4768f556c4\",\"name\":\"KYMCO Espa\\u00f1a\",\"url\":\"https:\/\/www.kymco.es\/prensa\/author\/vanessasaedrin\/\"}]}<\/script>\n<!-- \/ Yoast SEO plugin. -->","yoast_head_json":{"title":"El \u00b4motosharing\u2019 abre la mente a este financiero: compra dos Agility City 125 en cuatro meses - KYMCO Espa\u00f1a","robots":{"index":"index","follow":"follow","max-snippet":"max-snippet:-1","max-image-preview":"max-image-preview:large","max-video-preview":"max-video-preview:-1"},"canonical":"https:\/\/www.kymco.es\/prensa\/kymco-stories\/el-motosharing-abre-la-mente-a-este-financiero-en-cuatro-meses-compra-dos-agility-city-125\/","og_locale":"es_ES","og_type":"article","og_title":"El \u00b4motosharing\u2019 abre la mente a este financiero: compra dos Agility City 125 en cuatro meses - KYMCO Espa\u00f1a","og_description":"Conoce la historia de este economista de 49 a\u00f1os que vive y trabaja en el centro de Madrid y consigue reunirse con su padre a diario y ofrecerle la compa\u00f1\u00eda y la sensaci\u00f3n de bienestar que necesita gracias a la moto. Lo que en principio fue pensado para un uso puntual, ahora se ha convertido en algo imprescindible; pero, no solo para este momento especial del d\u00eda, sino para todo.","og_url":"https:\/\/www.kymco.es\/prensa\/kymco-stories\/el-motosharing-abre-la-mente-a-este-financiero-en-cuatro-meses-compra-dos-agility-city-125\/","og_site_name":"KYMCO Espa\u00f1a","article_published_time":"2021-04-19T07:34:26+00:00","article_modified_time":"2021-05-11T09:31:59+00:00","og_image":[{"width":1200,"height":800,"url":"https:\/\/www.kymco.es\/prensa\/wp-content\/uploads\/2021\/04\/20201-kymco-stories-albertopeon-3.jpg","path":"\/var\/www\/html\/kymco.es\/prensa\/wp-content\/uploads\/2021\/04\/20201-kymco-stories-albertopeon-3.jpg","size":"full","id":8716,"alt":"","pixels":960000,"type":"image\/jpeg"}],"twitter_card":"summary_large_image","twitter_misc":{"Escrito por":"KYMCO Espa\u00f1a","Tiempo de lectura":"3 minutos"},"schema":{"@context":"https:\/\/schema.org","@graph":[{"@type":"WebSite","@id":"https:\/\/www.kymco.es\/prensa\/#website","url":"https:\/\/www.kymco.es\/prensa\/","name":"KYMCO Espa\u00f1a","description":"Marca de movilidad personal","potentialAction":[{"@type":"SearchAction","target":{"@type":"EntryPoint","urlTemplate":"https:\/\/www.kymco.es\/prensa\/?s={search_term_string}"},"query-input":"required name=search_term_string"}],"inLanguage":"es"},{"@type":"ImageObject","@id":"https:\/\/www.kymco.es\/prensa\/kymco-stories\/el-motosharing-abre-la-mente-a-este-financiero-en-cuatro-meses-compra-dos-agility-city-125\/#primaryimage","inLanguage":"es","url":"https:\/\/www.kymco.es\/prensa\/wp-content\/uploads\/2021\/04\/20201-kymco-stories-albertopeon-3.jpg","contentUrl":"https:\/\/www.kymco.es\/prensa\/wp-content\/uploads\/2021\/04\/20201-kymco-stories-albertopeon-3.jpg","width":1200,"height":800},{"@type":"WebPage","@id":"https:\/\/www.kymco.es\/prensa\/kymco-stories\/el-motosharing-abre-la-mente-a-este-financiero-en-cuatro-meses-compra-dos-agility-city-125\/#webpage","url":"https:\/\/www.kymco.es\/prensa\/kymco-stories\/el-motosharing-abre-la-mente-a-este-financiero-en-cuatro-meses-compra-dos-agility-city-125\/","name":"El \u00b4motosharing\u2019 abre la mente a este financiero: compra dos Agility City 125 en cuatro meses - KYMCO Espa\u00f1a","isPartOf":{"@id":"https:\/\/www.kymco.es\/prensa\/#website"},"primaryImageOfPage":{"@id":"https:\/\/www.kymco.es\/prensa\/kymco-stories\/el-motosharing-abre-la-mente-a-este-financiero-en-cuatro-meses-compra-dos-agility-city-125\/#primaryimage"},"datePublished":"2021-04-19T07:34:26+00:00","dateModified":"2021-05-11T09:31:59+00:00","author":{"@id":"https:\/\/www.kymco.es\/prensa\/#\/schema\/person\/b315bb551f7fe40b3f8f1b4768f556c4"},"breadcrumb":{"@id":"https:\/\/www.kymco.es\/prensa\/kymco-stories\/el-motosharing-abre-la-mente-a-este-financiero-en-cuatro-meses-compra-dos-agility-city-125\/#breadcrumb"},"inLanguage":"es","potentialAction":[{"@type":"ReadAction","target":["https:\/\/www.kymco.es\/prensa\/kymco-stories\/el-motosharing-abre-la-mente-a-este-financiero-en-cuatro-meses-compra-dos-agility-city-125\/"]}]},{"@type":"BreadcrumbList","@id":"https:\/\/www.kymco.es\/prensa\/kymco-stories\/el-motosharing-abre-la-mente-a-este-financiero-en-cuatro-meses-compra-dos-agility-city-125\/#breadcrumb","itemListElement":[{"@type":"ListItem","position":1,"name":"Portada","item":"https:\/\/www.kymco.es\/prensa\/"},{"@type":"ListItem","position":2,"name":"El \u00b4motosharing\u2019 abre la mente a este financiero: compra dos Agility City 125 en cuatro meses"}]},{"@type":"Person","@id":"https:\/\/www.kymco.es\/prensa\/#\/schema\/person\/b315bb551f7fe40b3f8f1b4768f556c4","name":"KYMCO Espa\u00f1a","url":"https:\/\/www.kymco.es\/prensa\/author\/vanessasaedrin\/"}]}},"_links":{"self":[{"href":"https:\/\/www.kymco.es\/prensa\/wp-json\/wp\/v2\/posts\/8712"}],"collection":[{"href":"https:\/\/www.kymco.es\/prensa\/wp-json\/wp\/v2\/posts"}],"about":[{"href":"https:\/\/www.kymco.es\/prensa\/wp-json\/wp\/v2\/types\/post"}],"author":[{"embeddable":true,"href":"https:\/\/www.kymco.es\/prensa\/wp-json\/wp\/v2\/users\/2"}],"replies":[{"embeddable":true,"href":"https:\/\/www.kymco.es\/prensa\/wp-json\/wp\/v2\/comments?post=8712"}],"version-history":[{"count":5,"href":"https:\/\/www.kymco.es\/prensa\/wp-json\/wp\/v2\/posts\/8712\/revisions"}],"predecessor-version":[{"id":8730,"href":"https:\/\/www.kymco.es\/prensa\/wp-json\/wp\/v2\/posts\/8712\/revisions\/8730"}],"wp:featuredmedia":[{"embeddable":true,"href":"https:\/\/www.kymco.es\/prensa\/wp-json\/wp\/v2\/media\/8716"}],"wp:attachment":[{"href":"https:\/\/www.kymco.es\/prensa\/wp-json\/wp\/v2\/media?parent=8712"}],"wp:term":[{"taxonomy":"category","embeddable":true,"href":"https:\/\/www.kymco.es\/prensa\/wp-json\/wp\/v2\/categories?post=8712"},{"taxonomy":"post_tag","embeddable":true,"href":"https:\/\/www.kymco.es\/prensa\/wp-json\/wp\/v2\/tags?post=8712"}],"curies":[{"name":"wp","href":"https:\/\/api.w.org\/{rel}","templated":true}]}}