{"id":8644,"date":"2021-03-26T08:00:39","date_gmt":"2021-03-26T07:00:39","guid":{"rendered":"https:\/\/www.kymco.es\/prensa\/?p=8644"},"modified":"2021-06-08T16:38:33","modified_gmt":"2021-06-08T14:38:33","slug":"nuevo-mxu-300-diversion-asegurada-en-un-diseno-muy-aventurero","status":"publish","type":"post","link":"https:\/\/www.kymco.es\/prensa\/nota-de-prensa\/nuevo-mxu-300-diversion-asegurada-en-un-diseno-muy-aventurero\/","title":{"rendered":"Nuevo MXU 300: diversi\u00f3n asegurada en un dise\u00f1o muy aventurero"},"content":{"rendered":"<style type=\"text\/css\">.fusion-gallery-1 .fusion-gallery-image {border:0px solid #f6f6f6;}<\/style><div class=\"fusion-gallery fusion-gallery-container fusion-grid-1 fusion-columns-total-1 fusion-gallery-layout-grid fusion-gallery-1\" style=\"margin:-5px;\"><div style=\"padding:5px;\" class=\"fusion-grid-column fusion-gallery-column fusion-gallery-column-1 hover-type-zoomin\"><div class=\"fusion-gallery-image\"><a href=\"https:\/\/www.kymco.es\/prensa\/wp-content\/uploads\/2021\/03\/kymco-mxu-300-ambiente-amarillo-1.jpg\" rel=\"noreferrer\" data-rel=\"iLightbox[gallery_image_1]\" class=\"fusion-lightbox\" target=\"_self\"><img src=\"https:\/\/www.kymco.es\/prensa\/wp-content\/uploads\/2021\/03\/kymco-mxu-300-ambiente-amarillo-1.jpg\" width=\"1200\" height=\"800\" alt=\"\" title=\"KYMCO MXU 300_Ambiente Amarillo 1\" aria-label=\"KYMCO MXU 300_Ambiente Amarillo 1\" class=\"img-responsive wp-image-8406\" srcset=\"https:\/\/www.kymco.es\/prensa\/wp-content\/uploads\/2021\/03\/kymco-mxu-300-ambiente-amarillo-1-200x133.jpg 200w, https:\/\/www.kymco.es\/prensa\/wp-content\/uploads\/2021\/03\/kymco-mxu-300-ambiente-amarillo-1-400x267.jpg 400w, https:\/\/www.kymco.es\/prensa\/wp-content\/uploads\/2021\/03\/kymco-mxu-300-ambiente-amarillo-1-600x400.jpg 600w, https:\/\/www.kymco.es\/prensa\/wp-content\/uploads\/2021\/03\/kymco-mxu-300-ambiente-amarillo-1-800x533.jpg 800w, https:\/\/www.kymco.es\/prensa\/wp-content\/uploads\/2021\/03\/kymco-mxu-300-ambiente-amarillo-1.jpg 1200w\" sizes=\"(min-width: 2200px) 100vw, (min-width: 640px) 1240px, \" \/><\/a><\/div><\/div><div class=\"clearfix\"><\/div><\/div>\n<ul>\n<li>Polivalente, muy divertido, de gran solidez, c\u00f3modo y de f\u00e1cil <strong>conducci\u00f3n<\/strong><\/li>\n<li><strong>Reinventado de arriba abajo, con una nueva y potente defensa delantera de acero, de gran robustez<\/strong><\/li>\n<li><strong>Disponible en la red KYMCO en abril a un precio de venta recomendado muy competitivo<\/strong><\/li>\n<\/ul>\n<p>&nbsp;<\/p>\n<p><strong>Madrid, 26 de marzo. <\/strong>KYMCO Espa\u00f1a ha confirmado el <strong>lanzamiento del nuevo modelo MXU 300<\/strong>, que estar\u00e1 disponible el pr\u00f3ximo mes de <strong>abril en la red de concesionarios de Espa\u00f1a<\/strong>, seg\u00fan la hoja de ruta del plan \u2018ATV 21\/22\u2019 previsto para liderar de nuevo el segmento ATV.<\/p>\n<p>El nuevo MXU 300 es la nueva generaci\u00f3n del <strong>modelo m\u00e1s peque\u00f1o y compacto<\/strong> de la gama MXU, la m\u00e1s popular y aclamada desde hace m\u00e1s de una d\u00e9cada, y una de las <strong>referencias del mercado de mayor prestigio<\/strong>. El nuevo modelo presenta un <strong>dise\u00f1o compacto<\/strong> que se ha reinventado de arriba abajo para dotarle de un esp\u00edritu <strong>m\u00e1s aventurero<\/strong>. El nuevo MXU 300 gana en funcionalidad, capacidad de carga y protecci\u00f3n en ruta, gracias a la <strong>nueva defensa delantera de gran solidez<\/strong> y los nuevos portabultos delanteros y traseros de mayor superficie. El nuevo veh\u00edculo estar\u00e1 disponible en una combinaci\u00f3n de color de alto contraste, amarillo y negro, y tendr\u00e1 un <strong>posicionamiento de precio altamente competitivo. <\/strong><\/p>\n<p>MXU 300 destaca por su <strong>gran polivalencia<\/strong> y <strong>maniobrabilidad<\/strong>. Est\u00e1 dirigido a todos los usuarios, incluidos los m\u00e1s expertos en la conducci\u00f3n <em>off road, <\/em>y pensado para todos los usos, ocio y profesional (requiere carn\u00e9 de coche B).<\/p>\n<p><strong>Muy compacto y s\u00f3lido<\/strong><\/p>\n<p>Mantiene las l\u00edneas maestras y el gran encanto y evidente solidez del dise\u00f1o de la familia MXU. Cuenta con unas medidas muy compactas, que le otorgan una enorme maniobrabilidad en ruta <em>off road.<\/em> Su anchura m\u00e1xima es de 1.030 mm, su longitud de 1.900 mm y su altura de 1.180 mm; la distancia entre ejes se sit\u00faa en 1.160 mm y la altura del asiento en los 875 mm.<\/p>\n<p>Cuenta con un <strong>bastidor de acero de doble cuna cerrada<\/strong>, de gran calidad y resistencia, y llantas de acero.<\/p>\n<p>La parte delantera del MXU 300 ha evolucionado con un esp\u00edritu m\u00e1s aventurero gracias al nuevo <strong>parachoques de gran solidez<\/strong> que viene a cubrir el radiador de grandes dimensiones. Dos potentes faros monobloques completan el dise\u00f1o frontal y por encima, se encuentra una parrilla que avanza hasta el manillar. El cabestrante y la bola de remolque de serie son ejemplos de su doble vocaci\u00f3n (ocio y trabajo).<\/p>\n<div class='photonic-wp-stream photonic-stream ' id='photonic-wp-stream-1'>\n<div id='photonic-slideshow-1' class='photonic-slideshow strip-below title-display-hover-slideup-show photonic-slideshow-adapt-height-width' data-splide='{\"type\":\"fade\",\"perPage\":\"1\",\"autoplay\":true,\"speed\":\"1000\",\"drag\":true,\"pauseOnHover\":true,\"pagination\":true,\"slideFocus\":false,\"arrows\":true,\"direction\":\"ltr\",\"breakpoints\":{\"480\":{\"perPage\":1}}}'>\n\t<div class='splide__track'>\n\t\t<ul class='photonic-slideshow-content splide__list' data-photonic-layout=\"strip-below\" data-photonic-fx=\"fade\" data-photonic-timeout=\"4000\" data-photonic-speed=\"1000\" data-photonic-pause=\"1\" data-photonic-strip-style=\"button\" data-photonic-controls=\"show\" data-photonic-columns=\"1\" >\n\t\t\t<li class='photonic-slideshow-img splide__slide'>\n\t\t\t\t<div class='splide__slide__container'>\n\t\t\t\t<img src='https:\/\/www.kymco.es\/prensa\/wp-content\/uploads\/2021\/03\/kymco-mxu-300-ambiente-amarillo-12.jpg' alt='' title=''  id='photonic-slideshow-1-8416' \/>\n\t\t\t\t<\/div>\n\t\t\t<\/li>\n\t\t\t<li class='photonic-slideshow-img splide__slide'>\n\t\t\t\t<div class='splide__slide__container'>\n\t\t\t\t<img src='https:\/\/www.kymco.es\/prensa\/wp-content\/uploads\/2021\/03\/kymco-mxu-300-ambiente-amarillo-10.jpg' alt='' title=''  id='photonic-slideshow-1-8414' \/>\n\t\t\t\t<\/div>\n\t\t\t<\/li>\n\t\t\t<li class='photonic-slideshow-img splide__slide'>\n\t\t\t\t<div class='splide__slide__container'>\n\t\t\t\t<img src='https:\/\/www.kymco.es\/prensa\/wp-content\/uploads\/2021\/03\/kymco-mxu-300-ambiente-amarillo-9.jpg' alt='' title=''  id='photonic-slideshow-1-8413' \/>\n\t\t\t\t<\/div>\n\t\t\t<\/li>\n\t\t\t<li class='photonic-slideshow-img splide__slide'>\n\t\t\t\t<div class='splide__slide__container'>\n\t\t\t\t<img src='https:\/\/www.kymco.es\/prensa\/wp-content\/uploads\/2021\/03\/kymco-mxu-300-ambiente-amarillo-8.jpg' alt='' title=''  id='photonic-slideshow-1-8412' \/>\n\t\t\t\t<\/div>\n\t\t\t<\/li>\n\t\t\t<li class='photonic-slideshow-img splide__slide'>\n\t\t\t\t<div class='splide__slide__container'>\n\t\t\t\t<img src='https:\/\/www.kymco.es\/prensa\/wp-content\/uploads\/2021\/03\/kymco-mxu-300-ambiente-amarillo-5.jpg' alt='' title=''  id='photonic-slideshow-1-8409' \/>\n\t\t\t\t<\/div>\n\t\t\t<\/li>\n\t\t\t<li class='photonic-slideshow-img splide__slide'>\n\t\t\t\t<div class='splide__slide__container'>\n\t\t\t\t<img src='https:\/\/www.kymco.es\/prensa\/wp-content\/uploads\/2021\/03\/kymco-mxu-300-ambiente-amarillo-3.jpg' alt='' title=''  id='photonic-slideshow-1-8408' \/>\n\t\t\t\t<\/div>\n\t\t\t<\/li>\n\t\t\t<li class='photonic-slideshow-img splide__slide'>\n\t\t\t\t<div class='splide__slide__container'>\n\t\t\t\t<img src='https:\/\/www.kymco.es\/prensa\/wp-content\/uploads\/2021\/03\/kymco-mxu-300-ambiente-amarillo-2.jpg' alt='' title=''  id='photonic-slideshow-1-8407' \/>\n\t\t\t\t<\/div>\n\t\t\t<\/li>\n\t\t\t<li class='photonic-slideshow-img splide__slide'>\n\t\t\t\t<div class='splide__slide__container'>\n\t\t\t\t<img src='https:\/\/www.kymco.es\/prensa\/wp-content\/uploads\/2021\/03\/kymco-mxu-300-ambiente-amarillo-13.jpg' alt='' title=''  id='photonic-slideshow-1-8405' \/>\n\t\t\t\t<\/div>\n\t\t\t<\/li>\n\t\t<\/ul>\n\t<\/div><!-- splide__track -->\n<\/div><!-- .photonic-slideshow-->\n\n<\/div><!-- .photonic-stream or .photonic-panel -->\n\n<p><strong>Gran manejabilidad <em>off road<\/em><\/strong><\/p>\n<p>El conductor de MXU 300 se enfrentar\u00e1 con enorme confianza y seguridad a rutas divertidas, de dificultad media-baja. MXU 300 tiene una enorme capacidad de tracci\u00f3n gracias a su peso tan reducido (330 kilos en orden de marcha); con tracci\u00f3n 4&#215;2, las ruedas de bal\u00f3n se reparten el peso de manera extraordinaria en terrenos embarrados y trialeras ligeras.<\/p>\n<p>El modelo incorpora un variador continuo de transmisi\u00f3n, card\u00e1n y marcha atr\u00e1s. Adem\u00e1s, MXU 300 equipa suspensiones flexibles y c\u00f3modas: <strong>dobles paralelogramos con amortiguadores ajustables en 5 posiciones en la suspensi\u00f3n delantera, con un recorrido extraordinario de 52 mm; y amortiguador hidr\u00e1ulico<\/strong> con precarga ajustable en 5 posiciones en la suspensi\u00f3n trasera, con recorrido de 90 mm. Ambas responden con progresividad, acorde al terreno y a la velocidad. Dispone de <strong>dos discos de freno de 180 mm<\/strong> de di\u00e1metro en la parte delantera; y disco de 180 mm en el freno trasero.<\/p>\n<p>MXU 300, de 271 cc, es un monocil\u00edndrico de 4T, de refrigeraci\u00f3n l\u00edquida, con un nuevo sistema de inyecci\u00f3n electr\u00f3nica, y un propulsor de 21,86 CV (16,3 Kw) a 7.500 r.p.m.<\/p>\n<p><strong>Para dos personas y gran equipamiento<\/strong><\/p>\n<p>El MXU 300 est\u00e1 homologado para dos personas y dispone de todo el equipamiento y comodidades necesarios. Cuenta con dos portaequipajes delantero y trasero (con capacidad de carga de 20 y 30 kilos, respectivamente) y una toma de corriente de 12 voltios y entrada USB.<\/p>\n<p style=\"text-align: center;\"><i class=\"fb-icon-element-1 fb-icon-element fontawesome-icon fa-file far circle-yes fusion-text-flow\" style=\"font-size:28.16px;line-height:54.32px;height:56.32px;width:56.32px;border-width:1px;margin-right:16px;\"><\/i><style>i.fb-icon-element.fontawesome-icon.fb-icon-element-1{ color: #ffffff; background-color: #333338; border-color: #333338;}i.fb-icon-element.fontawesome-icon.fb-icon-element-1:hover { color: #ffffff; background-color: #333338; border-color: #333338;}<\/style>\u00a0 <a href=\"https:\/\/www.kymco.es\/prensa\/wp-content\/uploads\/2021\/06\/20210101-ft-mxu-300.pdf\">Ver Ficha T\u00e9cnica MXU 300<\/a><\/p>\n<style type=\"text\/css\">.fusion-gallery-2 .fusion-gallery-image {border:0px solid #f6f6f6;}<\/style><div class=\"fusion-gallery fusion-gallery-container fusion-grid-1 fusion-columns-total-1 fusion-gallery-layout-grid fusion-gallery-2\" style=\"margin:-5px;\"><div style=\"padding:5px;\" class=\"fusion-grid-column fusion-gallery-column fusion-gallery-column-1 hover-type-zoomin\"><div class=\"fusion-gallery-image\"><a href=\"https:\/\/www.kymco.es\/prensa\/wp-content\/uploads\/2021\/03\/kymco-mxu-300-ambiente-amarillo-7.jpg\" rel=\"noreferrer\" data-rel=\"iLightbox[gallery_image_2]\" class=\"fusion-lightbox\" target=\"_self\"><img src=\"https:\/\/www.kymco.es\/prensa\/wp-content\/uploads\/2021\/03\/kymco-mxu-300-ambiente-amarillo-7.jpg\" width=\"1200\" height=\"800\" alt=\"\" title=\"KYMCO MXU 300_Ambiente Amarillo 7\" aria-label=\"KYMCO MXU 300_Ambiente Amarillo 7\" class=\"img-responsive wp-image-8411\" srcset=\"https:\/\/www.kymco.es\/prensa\/wp-content\/uploads\/2021\/03\/kymco-mxu-300-ambiente-amarillo-7-200x133.jpg 200w, https:\/\/www.kymco.es\/prensa\/wp-content\/uploads\/2021\/03\/kymco-mxu-300-ambiente-amarillo-7-400x267.jpg 400w, https:\/\/www.kymco.es\/prensa\/wp-content\/uploads\/2021\/03\/kymco-mxu-300-ambiente-amarillo-7-600x400.jpg 600w, https:\/\/www.kymco.es\/prensa\/wp-content\/uploads\/2021\/03\/kymco-mxu-300-ambiente-amarillo-7-800x533.jpg 800w, https:\/\/www.kymco.es\/prensa\/wp-content\/uploads\/2021\/03\/kymco-mxu-300-ambiente-amarillo-7.jpg 1200w\" sizes=\"(min-width: 2200px) 100vw, (min-width: 640px) 1240px, \" \/><\/a><\/div><\/div><div class=\"clearfix\"><\/div><\/div>\n<p><span style=\"font-size: 12px;\"><strong>Fotos: KYMCO Espa\u00f1a.<\/strong> Agradecimiento al Ayuntamiento de San Miguel de Bernuy (Segovia).<\/span><\/p>\n","protected":false},"excerpt":{"rendered":"<p>El m\u00e1s compacto de la gama m\u00e1s popular e ic\u00f3nica MXU de KYMCO llegar\u00e1 el pr\u00f3ximo mes de abril a Espa\u00f1a. Muy <strong>polivalente y divertido<\/strong> en rutas de dificultad media-baja y trialeras ligeras. Gran <strong>capacidad de tracci\u00f3n<\/strong> gracias a su <strong>reducido peso<\/strong>. El modelo se\u00a0ha reinventado de arriba a abajo para dotarle de un esp\u00edritu <strong>m\u00e1s aventurero y de mayor<\/strong>\u00a0funcionalidad, capacidad de carga y protecci\u00f3n en ruta, gracias a la <strong>nueva defensa delantera de acero gran solidez.\u00a0<\/strong><\/p>\n","protected":false},"author":2,"featured_media":8406,"comment_status":"closed","ping_status":"closed","sticky":false,"template":"","format":"standard","meta":[],"categories":[520,449],"tags":[],"yoast_head":"<!-- This site is optimized with the Yoast SEO plugin v17.1 - https:\/\/yoast.com\/wordpress\/plugins\/seo\/ -->\n<title>Nuevo MXU 300: diversi\u00f3n asegurada en un dise\u00f1o muy aventurero - KYMCO Espa\u00f1a<\/title>\n<meta name=\"robots\" content=\"index, follow, max-snippet:-1, max-image-preview:large, max-video-preview:-1\" \/>\n<link rel=\"canonical\" href=\"https:\/\/www.kymco.es\/prensa\/nota-de-prensa\/nuevo-mxu-300-diversion-asegurada-en-un-diseno-muy-aventurero\/\" \/>\n<meta property=\"og:locale\" content=\"es_ES\" \/>\n<meta property=\"og:type\" content=\"article\" \/>\n<meta property=\"og:title\" content=\"Nuevo MXU 300: diversi\u00f3n asegurada en un dise\u00f1o muy aventurero - KYMCO Espa\u00f1a\" \/>\n<meta property=\"og:description\" content=\"El m\u00e1s compacto de la gama m\u00e1s popular e ic\u00f3nica MXU de KYMCO llegar\u00e1 el pr\u00f3ximo mes de abril a Espa\u00f1a. Muy polivalente y divertido en rutas de dificultad media-baja y trialeras ligeras. Gran capacidad de tracci\u00f3n gracias a su reducido peso. El modelo se\u00a0ha reinventado de arriba a abajo para dotarle de un esp\u00edritu m\u00e1s aventurero y de mayor\u00a0funcionalidad, capacidad de carga y protecci\u00f3n en ruta, gracias a la nueva defensa delantera de acero gran solidez.\u00a0\" \/>\n<meta property=\"og:url\" content=\"https:\/\/www.kymco.es\/prensa\/nota-de-prensa\/nuevo-mxu-300-diversion-asegurada-en-un-diseno-muy-aventurero\/\" \/>\n<meta property=\"og:site_name\" content=\"KYMCO Espa\u00f1a\" \/>\n<meta property=\"article:published_time\" content=\"2021-03-26T07:00:39+00:00\" \/>\n<meta property=\"article:modified_time\" content=\"2021-06-08T14:38:33+00:00\" \/>\n<meta property=\"og:image\" content=\"https:\/\/www.kymco.es\/prensa\/wp-content\/uploads\/2021\/03\/kymco-mxu-300-ambiente-amarillo-1.jpg\" \/>\n\t<meta property=\"og:image:width\" content=\"1200\" \/>\n\t<meta property=\"og:image:height\" content=\"800\" \/>\n<meta name=\"twitter:card\" content=\"summary_large_image\" \/>\n<meta name=\"twitter:label1\" content=\"Escrito por\" \/>\n\t<meta name=\"twitter:data1\" content=\"KYMCO Espa\u00f1a\" \/>\n\t<meta name=\"twitter:label2\" content=\"Tiempo de lectura\" \/>\n\t<meta name=\"twitter:data2\" content=\"4 minutos\" \/>\n<script type=\"application\/ld+json\" class=\"yoast-schema-graph\">{\"@context\":\"https:\/\/schema.org\",\"@graph\":[{\"@type\":\"WebSite\",\"@id\":\"https:\/\/www.kymco.es\/prensa\/#website\",\"url\":\"https:\/\/www.kymco.es\/prensa\/\",\"name\":\"KYMCO Espa\\u00f1a\",\"description\":\"Marca de movilidad personal\",\"potentialAction\":[{\"@type\":\"SearchAction\",\"target\":{\"@type\":\"EntryPoint\",\"urlTemplate\":\"https:\/\/www.kymco.es\/prensa\/?s={search_term_string}\"},\"query-input\":\"required name=search_term_string\"}],\"inLanguage\":\"es\"},{\"@type\":\"ImageObject\",\"@id\":\"https:\/\/www.kymco.es\/prensa\/nota-de-prensa\/nuevo-mxu-300-diversion-asegurada-en-un-diseno-muy-aventurero\/#primaryimage\",\"inLanguage\":\"es\",\"url\":\"https:\/\/www.kymco.es\/prensa\/wp-content\/uploads\/2021\/03\/kymco-mxu-300-ambiente-amarillo-1.jpg\",\"contentUrl\":\"https:\/\/www.kymco.es\/prensa\/wp-content\/uploads\/2021\/03\/kymco-mxu-300-ambiente-amarillo-1.jpg\",\"width\":1200,\"height\":800},{\"@type\":\"WebPage\",\"@id\":\"https:\/\/www.kymco.es\/prensa\/nota-de-prensa\/nuevo-mxu-300-diversion-asegurada-en-un-diseno-muy-aventurero\/#webpage\",\"url\":\"https:\/\/www.kymco.es\/prensa\/nota-de-prensa\/nuevo-mxu-300-diversion-asegurada-en-un-diseno-muy-aventurero\/\",\"name\":\"Nuevo MXU 300: diversi\\u00f3n asegurada en un dise\\u00f1o muy aventurero - KYMCO Espa\\u00f1a\",\"isPartOf\":{\"@id\":\"https:\/\/www.kymco.es\/prensa\/#website\"},\"primaryImageOfPage\":{\"@id\":\"https:\/\/www.kymco.es\/prensa\/nota-de-prensa\/nuevo-mxu-300-diversion-asegurada-en-un-diseno-muy-aventurero\/#primaryimage\"},\"datePublished\":\"2021-03-26T07:00:39+00:00\",\"dateModified\":\"2021-06-08T14:38:33+00:00\",\"author\":{\"@id\":\"https:\/\/www.kymco.es\/prensa\/#\/schema\/person\/b315bb551f7fe40b3f8f1b4768f556c4\"},\"breadcrumb\":{\"@id\":\"https:\/\/www.kymco.es\/prensa\/nota-de-prensa\/nuevo-mxu-300-diversion-asegurada-en-un-diseno-muy-aventurero\/#breadcrumb\"},\"inLanguage\":\"es\",\"potentialAction\":[{\"@type\":\"ReadAction\",\"target\":[\"https:\/\/www.kymco.es\/prensa\/nota-de-prensa\/nuevo-mxu-300-diversion-asegurada-en-un-diseno-muy-aventurero\/\"]}]},{\"@type\":\"BreadcrumbList\",\"@id\":\"https:\/\/www.kymco.es\/prensa\/nota-de-prensa\/nuevo-mxu-300-diversion-asegurada-en-un-diseno-muy-aventurero\/#breadcrumb\",\"itemListElement\":[{\"@type\":\"ListItem\",\"position\":1,\"name\":\"Portada\",\"item\":\"https:\/\/www.kymco.es\/prensa\/\"},{\"@type\":\"ListItem\",\"position\":2,\"name\":\"Nuevo MXU 300: diversi\\u00f3n asegurada en un dise\\u00f1o muy aventurero\"}]},{\"@type\":\"Person\",\"@id\":\"https:\/\/www.kymco.es\/prensa\/#\/schema\/person\/b315bb551f7fe40b3f8f1b4768f556c4\",\"name\":\"KYMCO Espa\\u00f1a\",\"url\":\"https:\/\/www.kymco.es\/prensa\/author\/vanessasaedrin\/\"}]}<\/script>\n<!-- \/ Yoast SEO plugin. -->","yoast_head_json":{"title":"Nuevo MXU 300: diversi\u00f3n asegurada en un dise\u00f1o muy aventurero - KYMCO Espa\u00f1a","robots":{"index":"index","follow":"follow","max-snippet":"max-snippet:-1","max-image-preview":"max-image-preview:large","max-video-preview":"max-video-preview:-1"},"canonical":"https:\/\/www.kymco.es\/prensa\/nota-de-prensa\/nuevo-mxu-300-diversion-asegurada-en-un-diseno-muy-aventurero\/","og_locale":"es_ES","og_type":"article","og_title":"Nuevo MXU 300: diversi\u00f3n asegurada en un dise\u00f1o muy aventurero - KYMCO Espa\u00f1a","og_description":"El m\u00e1s compacto de la gama m\u00e1s popular e ic\u00f3nica MXU de KYMCO llegar\u00e1 el pr\u00f3ximo mes de abril a Espa\u00f1a. Muy polivalente y divertido en rutas de dificultad media-baja y trialeras ligeras. Gran capacidad de tracci\u00f3n gracias a su reducido peso. El modelo se\u00a0ha reinventado de arriba a abajo para dotarle de un esp\u00edritu m\u00e1s aventurero y de mayor\u00a0funcionalidad, capacidad de carga y protecci\u00f3n en ruta, gracias a la nueva defensa delantera de acero gran solidez.\u00a0","og_url":"https:\/\/www.kymco.es\/prensa\/nota-de-prensa\/nuevo-mxu-300-diversion-asegurada-en-un-diseno-muy-aventurero\/","og_site_name":"KYMCO Espa\u00f1a","article_published_time":"2021-03-26T07:00:39+00:00","article_modified_time":"2021-06-08T14:38:33+00:00","og_image":[{"width":1200,"height":800,"url":"https:\/\/www.kymco.es\/prensa\/wp-content\/uploads\/2021\/03\/kymco-mxu-300-ambiente-amarillo-1.jpg","path":"\/var\/www\/html\/kymco.es\/prensa\/wp-content\/uploads\/2021\/03\/kymco-mxu-300-ambiente-amarillo-1.jpg","size":"full","id":8406,"alt":"","pixels":960000,"type":"image\/jpeg"}],"twitter_card":"summary_large_image","twitter_misc":{"Escrito por":"KYMCO Espa\u00f1a","Tiempo de lectura":"4 minutos"},"schema":{"@context":"https:\/\/schema.org","@graph":[{"@type":"WebSite","@id":"https:\/\/www.kymco.es\/prensa\/#website","url":"https:\/\/www.kymco.es\/prensa\/","name":"KYMCO Espa\u00f1a","description":"Marca de movilidad personal","potentialAction":[{"@type":"SearchAction","target":{"@type":"EntryPoint","urlTemplate":"https:\/\/www.kymco.es\/prensa\/?s={search_term_string}"},"query-input":"required name=search_term_string"}],"inLanguage":"es"},{"@type":"ImageObject","@id":"https:\/\/www.kymco.es\/prensa\/nota-de-prensa\/nuevo-mxu-300-diversion-asegurada-en-un-diseno-muy-aventurero\/#primaryimage","inLanguage":"es","url":"https:\/\/www.kymco.es\/prensa\/wp-content\/uploads\/2021\/03\/kymco-mxu-300-ambiente-amarillo-1.jpg","contentUrl":"https:\/\/www.kymco.es\/prensa\/wp-content\/uploads\/2021\/03\/kymco-mxu-300-ambiente-amarillo-1.jpg","width":1200,"height":800},{"@type":"WebPage","@id":"https:\/\/www.kymco.es\/prensa\/nota-de-prensa\/nuevo-mxu-300-diversion-asegurada-en-un-diseno-muy-aventurero\/#webpage","url":"https:\/\/www.kymco.es\/prensa\/nota-de-prensa\/nuevo-mxu-300-diversion-asegurada-en-un-diseno-muy-aventurero\/","name":"Nuevo MXU 300: diversi\u00f3n asegurada en un dise\u00f1o muy aventurero - KYMCO Espa\u00f1a","isPartOf":{"@id":"https:\/\/www.kymco.es\/prensa\/#website"},"primaryImageOfPage":{"@id":"https:\/\/www.kymco.es\/prensa\/nota-de-prensa\/nuevo-mxu-300-diversion-asegurada-en-un-diseno-muy-aventurero\/#primaryimage"},"datePublished":"2021-03-26T07:00:39+00:00","dateModified":"2021-06-08T14:38:33+00:00","author":{"@id":"https:\/\/www.kymco.es\/prensa\/#\/schema\/person\/b315bb551f7fe40b3f8f1b4768f556c4"},"breadcrumb":{"@id":"https:\/\/www.kymco.es\/prensa\/nota-de-prensa\/nuevo-mxu-300-diversion-asegurada-en-un-diseno-muy-aventurero\/#breadcrumb"},"inLanguage":"es","potentialAction":[{"@type":"ReadAction","target":["https:\/\/www.kymco.es\/prensa\/nota-de-prensa\/nuevo-mxu-300-diversion-asegurada-en-un-diseno-muy-aventurero\/"]}]},{"@type":"BreadcrumbList","@id":"https:\/\/www.kymco.es\/prensa\/nota-de-prensa\/nuevo-mxu-300-diversion-asegurada-en-un-diseno-muy-aventurero\/#breadcrumb","itemListElement":[{"@type":"ListItem","position":1,"name":"Portada","item":"https:\/\/www.kymco.es\/prensa\/"},{"@type":"ListItem","position":2,"name":"Nuevo MXU 300: diversi\u00f3n asegurada en un dise\u00f1o muy aventurero"}]},{"@type":"Person","@id":"https:\/\/www.kymco.es\/prensa\/#\/schema\/person\/b315bb551f7fe40b3f8f1b4768f556c4","name":"KYMCO Espa\u00f1a","url":"https:\/\/www.kymco.es\/prensa\/author\/vanessasaedrin\/"}]}},"_links":{"self":[{"href":"https:\/\/www.kymco.es\/prensa\/wp-json\/wp\/v2\/posts\/8644"}],"collection":[{"href":"https:\/\/www.kymco.es\/prensa\/wp-json\/wp\/v2\/posts"}],"about":[{"href":"https:\/\/www.kymco.es\/prensa\/wp-json\/wp\/v2\/types\/post"}],"author":[{"embeddable":true,"href":"https:\/\/www.kymco.es\/prensa\/wp-json\/wp\/v2\/users\/2"}],"replies":[{"embeddable":true,"href":"https:\/\/www.kymco.es\/prensa\/wp-json\/wp\/v2\/comments?post=8644"}],"version-history":[{"count":5,"href":"https:\/\/www.kymco.es\/prensa\/wp-json\/wp\/v2\/posts\/8644\/revisions"}],"predecessor-version":[{"id":9209,"href":"https:\/\/www.kymco.es\/prensa\/wp-json\/wp\/v2\/posts\/8644\/revisions\/9209"}],"wp:featuredmedia":[{"embeddable":true,"href":"https:\/\/www.kymco.es\/prensa\/wp-json\/wp\/v2\/media\/8406"}],"wp:attachment":[{"href":"https:\/\/www.kymco.es\/prensa\/wp-json\/wp\/v2\/media?parent=8644"}],"wp:term":[{"taxonomy":"category","embeddable":true,"href":"https:\/\/www.kymco.es\/prensa\/wp-json\/wp\/v2\/categories?post=8644"},{"taxonomy":"post_tag","embeddable":true,"href":"https:\/\/www.kymco.es\/prensa\/wp-json\/wp\/v2\/tags?post=8644"}],"curies":[{"name":"wp","href":"https:\/\/api.w.org\/{rel}","templated":true}]}}