{"id":8253,"date":"2021-02-15T10:06:45","date_gmt":"2021-02-15T09:06:45","guid":{"rendered":"https:\/\/www.kymco.es\/prensa\/?p=8253"},"modified":"2021-02-15T13:05:32","modified_gmt":"2021-02-15T12:05:32","slug":"nuevo-agility-city-50-de-bajisimas-emisiones-y-por-solo-2-099-e-hasta-el-31-de-marzo","status":"publish","type":"post","link":"https:\/\/www.kymco.es\/prensa\/nota-de-prensa\/nuevo-agility-city-50-de-bajisimas-emisiones-y-por-solo-2-099-e-hasta-el-31-de-marzo\/","title":{"rendered":"Nuevo Agility City 50, de baj\u00edsimas emisiones y por solo 2.099 \u20ac hasta el 31 de marzo"},"content":{"rendered":"<style type=\"text\/css\">.fusion-gallery-1 .fusion-gallery-image {border:0px solid #f6f6f6;}<\/style><div class=\"fusion-gallery fusion-gallery-container fusion-grid-1 fusion-columns-total-1 fusion-gallery-layout-grid fusion-gallery-1\" style=\"margin:-5px;\"><div style=\"padding:5px;\" class=\"fusion-grid-column fusion-gallery-column fusion-gallery-column-1 hover-type-zoomin\"><div class=\"fusion-gallery-image\"><a href=\"https:\/\/www.kymco.es\/prensa\/wp-content\/uploads\/2021\/02\/agility-city-50-general-azul-2.jpg\" rel=\"noreferrer\" data-rel=\"iLightbox[gallery_image_1]\" class=\"fusion-lightbox\" target=\"_self\"><img src=\"https:\/\/www.kymco.es\/prensa\/wp-content\/uploads\/2021\/02\/agility-city-50-general-azul-2.jpg\" width=\"1200\" height=\"800\" alt=\"\" title=\"Agility City 50_General_Azul 2\" aria-label=\"Agility City 50_General_Azul 2\" class=\"img-responsive wp-image-8257\" srcset=\"https:\/\/www.kymco.es\/prensa\/wp-content\/uploads\/2021\/02\/agility-city-50-general-azul-2-200x133.jpg 200w, https:\/\/www.kymco.es\/prensa\/wp-content\/uploads\/2021\/02\/agility-city-50-general-azul-2-400x267.jpg 400w, https:\/\/www.kymco.es\/prensa\/wp-content\/uploads\/2021\/02\/agility-city-50-general-azul-2-600x400.jpg 600w, https:\/\/www.kymco.es\/prensa\/wp-content\/uploads\/2021\/02\/agility-city-50-general-azul-2-800x533.jpg 800w, https:\/\/www.kymco.es\/prensa\/wp-content\/uploads\/2021\/02\/agility-city-50-general-azul-2.jpg 1200w\" sizes=\"(min-width: 2200px) 100vw, (min-width: 640px) 1240px, \" \/><\/a><\/div><\/div><div class=\"clearfix\"><\/div><\/div>\n<p><span style=\"font-size: 10px;\"><strong>El nuevo Agility City 50, en el nuevo color azul, para una movilidad urbana m\u00e1s inteligente.<\/strong> KYMCO Espa\u00f1a<\/span><\/p>\n<p>&nbsp;<\/p>\n<ul>\n<li><strong>M\u00e1s eficiencia y nuevos acabados atractivos en el ciclomotor m\u00e1s aclamado por los usuarios particulares en Espa\u00f1a en 2020, y \u00fanico del mercado en superar las 1.000 unidades comercializadas desde 2017 (Canal Particular)<\/strong><\/li>\n<li><strong>Descuento de <\/strong><strong>100 euros sobre el precio de venta recomendado (PVR, 2.199 euros) hasta el 31 de marzo<\/strong><\/li>\n<li><strong>Incluido de serie un a\u00f1o de seguro obligatorio y garant\u00eda ampliable 2 a\u00f1os m\u00e1s por solo 77 euros<\/strong><\/li>\n<\/ul>\n<p>&nbsp;<\/p>\n<p><strong>Madrid, 15 de febrero. <\/strong>KYMCO Espa\u00f1a ha actualizado con tecnolog\u00eda propia el ciclomotor m\u00e1s popular del mercado, Agility City 50, con su <strong>motor m\u00e1s eficiente y de bajo consumo<\/strong>, de modo que los usuarios pueden moverse de forma segura por ciudad, en menos tiempo y con el mayor ahorro posible. Adem\u00e1s, el nuevo modelo, caracterizado por su <strong>f\u00e1cil y sencillo manejo,<\/strong> llega con <strong>acabados m\u00e1s atractivos<\/strong> y en <strong>promoci\u00f3n hasta el 31 de marzo<\/strong>, por solo 2.099 euros (PVR).<\/p>\n<p>Con esta propuesta, KYMCO mantiene el objetivo de mantenerse nuevamente durante este ejercicio en <strong>primera posici\u00f3n del Canal Particular.<\/strong> En 2020 los usuarios particulares adquirieron 1.072 unidades de Agility City 50, una cifra que permite hablar de <strong>liderazgo absoluto del mercado del ciclomotor <\/strong>(el segundo ciclomotor m\u00e1s demandado matricul\u00f3 828 unidades); y adem\u00e1s, <strong>de un gran fortalecimiento<\/strong>, ya que desde 2017, ning\u00fan modelo de ciclomotor hab\u00eda logrado superar las 1.000 unidades vendidas (Canal Particular).<\/p>\n<p>Agility City 50 confirma el regreso triunfal de KYMCO a este segmento de gran valor para los usuarios, que aspiran a una movilidad urbana inteligente, en el actual contexto de ordenaci\u00f3n de las ciudades que vivimos, m\u00e1s sostenibles, seguras y saludables.<\/p>\n<p><strong>Movilidad urbana m\u00e1s eficiente<\/strong><\/p>\n<p>Agility City es la familia KYMCO de prestaciones urbanas por excelencia. Ofrece f\u00e1cil manejo y maniobrabilidad; es fiable, segura, \u00e1gil, de suelo plano, con llanta delantera de 16\u201d; cuenta con una gran capacidad de almacenaje, LED en luces de posici\u00f3n, freno de disco delantero de 260 mm de di\u00e1metro\u2026<\/p>\n<p>En cuanto a su motor, el nuevo Agility City 50 incorpora un propulsor evolucionado de rendimientos extraordinarios y de m\u00e1xima eficiencia. Sus emisiones se sit\u00faan muy por debajo de los l\u00edmites europeos de la nueva homologaci\u00f3n Euro 5, como se observa en el siguiente gr\u00e1fico.<\/p>\n<style type=\"text\/css\">.fusion-gallery-2 .fusion-gallery-image {border:0px solid #f6f6f6;}<\/style><div class=\"fusion-gallery fusion-gallery-container fusion-grid-1 fusion-columns-total-1 fusion-gallery-layout-grid fusion-gallery-2\" style=\"margin:-5px;\"><div style=\"padding:5px;\" class=\"fusion-grid-column fusion-gallery-column fusion-gallery-column-1 hover-type-zoomin\"><div class=\"fusion-gallery-image\"><a href=\"https:\/\/www.kymco.es\/prensa\/wp-content\/uploads\/2021\/02\/emisiones-agility-city-50.png\" rel=\"noreferrer\" data-rel=\"iLightbox[gallery_image_2]\" class=\"fusion-lightbox\" target=\"_self\"><img src=\"https:\/\/www.kymco.es\/prensa\/wp-content\/uploads\/2021\/02\/emisiones-agility-city-50.png\" width=\"1600\" height=\"900\" alt=\"\" title=\"Emisiones Agility City 50\" aria-label=\"Emisiones Agility City 50\" class=\"img-responsive wp-image-8267\" srcset=\"https:\/\/www.kymco.es\/prensa\/wp-content\/uploads\/2021\/02\/emisiones-agility-city-50-200x113.png 200w, https:\/\/www.kymco.es\/prensa\/wp-content\/uploads\/2021\/02\/emisiones-agility-city-50-400x225.png 400w, https:\/\/www.kymco.es\/prensa\/wp-content\/uploads\/2021\/02\/emisiones-agility-city-50-600x338.png 600w, https:\/\/www.kymco.es\/prensa\/wp-content\/uploads\/2021\/02\/emisiones-agility-city-50-800x450.png 800w, https:\/\/www.kymco.es\/prensa\/wp-content\/uploads\/2021\/02\/emisiones-agility-city-50-1200x675.png 1200w, https:\/\/www.kymco.es\/prensa\/wp-content\/uploads\/2021\/02\/emisiones-agility-city-50.png 1600w\" sizes=\"(min-width: 2200px) 100vw, (min-width: 640px) 1240px, \" \/><\/a><\/div><\/div><div class=\"clearfix\"><\/div><\/div>\n<p>Sus emisiones de mon\u00f3xido de carbono (CO) se han reducido a los 98 mg\/km, es decir, equivalente a solo un 9,8% de lo permitido; los hidrocarburos (HC) ascienden a solo 66 mg\/km, es decir, un 66% del l\u00edmite; y, por \u00faltimo, sus emisiones de \u00f3xido de nitr\u00f3geno (NOx) son de solo 27 mg\/km, equivalentes al 45% de lo exigido.\u00a0<\/p>\n<p><strong>Tres estilos urbanos<\/strong><\/p>\n<p>KYMCO ofrece en su nueva gama el acabado en color azul, un dise\u00f1o m\u00e1s moderno y de estilo m\u00e1s atrevido. Adem\u00e1s, mantiene el acabado elegante en marr\u00f3n con nuevos detalles (nueva combinaci\u00f3n bitono marr\u00f3n oscuro-negro en el asiento), y en color blanco con asiento gris.<\/p>\n<div class='photonic-wp-stream photonic-stream ' id='photonic-wp-stream-1'>\n<div id='photonic-slideshow-1' class='photonic-slideshow strip-below title-display-hover-slideup-show photonic-slideshow-adapt-height-width' data-splide='{\"type\":\"fade\",\"perPage\":\"1\",\"autoplay\":true,\"speed\":\"1000\",\"drag\":true,\"pauseOnHover\":true,\"pagination\":true,\"slideFocus\":false,\"arrows\":true,\"direction\":\"ltr\",\"breakpoints\":{\"480\":{\"perPage\":1}}}'>\n\t<div class='splide__track'>\n\t\t<ul class='photonic-slideshow-content splide__list' data-photonic-layout=\"strip-below\" data-photonic-fx=\"fade\" data-photonic-timeout=\"4000\" data-photonic-speed=\"1000\" data-photonic-pause=\"1\" data-photonic-strip-style=\"button\" data-photonic-controls=\"show\" data-photonic-columns=\"1\" >\n\t\t\t<li class='photonic-slideshow-img splide__slide'>\n\t\t\t\t<div class='splide__slide__container'>\n\t\t\t\t<img src='https:\/\/www.kymco.es\/prensa\/wp-content\/uploads\/2021\/02\/agility-city-50-general-blanco-4-1.jpg' alt='' title=''  id='photonic-slideshow-1-8277' \/>\n\t\t\t\t<\/div>\n\t\t\t<\/li>\n\t\t\t<li class='photonic-slideshow-img splide__slide'>\n\t\t\t\t<div class='splide__slide__container'>\n\t\t\t\t<img src='https:\/\/www.kymco.es\/prensa\/wp-content\/uploads\/2021\/02\/agility-city-50-general-azul-2.jpg' alt='' title=''  id='photonic-slideshow-1-8257' \/>\n\t\t\t\t<\/div>\n\t\t\t<\/li>\n\t\t\t<li class='photonic-slideshow-img splide__slide'>\n\t\t\t\t<div class='splide__slide__container'>\n\t\t\t\t<img src='https:\/\/www.kymco.es\/prensa\/wp-content\/uploads\/2021\/02\/agility-city-50-general-marron-1.jpg' alt='' title=''  id='photonic-slideshow-1-8260' \/>\n\t\t\t\t<\/div>\n\t\t\t<\/li>\n\t\t\t<li class='photonic-slideshow-img splide__slide'>\n\t\t\t\t<div class='splide__slide__container'>\n\t\t\t\t<img src='https:\/\/www.kymco.es\/prensa\/wp-content\/uploads\/2021\/02\/agility-city-50-general-blanco-3-1.jpg' alt='' title=''  id='photonic-slideshow-1-8276' \/>\n\t\t\t\t<\/div>\n\t\t\t<\/li>\n\t\t\t<li class='photonic-slideshow-img splide__slide'>\n\t\t\t\t<div class='splide__slide__container'>\n\t\t\t\t<img src='https:\/\/www.kymco.es\/prensa\/wp-content\/uploads\/2021\/02\/agility-city-50-general-azul-3.jpg' alt='' title=''  id='photonic-slideshow-1-8258' \/>\n\t\t\t\t<\/div>\n\t\t\t<\/li>\n\t\t\t<li class='photonic-slideshow-img splide__slide'>\n\t\t\t\t<div class='splide__slide__container'>\n\t\t\t\t<img src='https:\/\/www.kymco.es\/prensa\/wp-content\/uploads\/2021\/02\/agility-city-50-general-marron-4.jpg' alt='' title=''  id='photonic-slideshow-1-8263' \/>\n\t\t\t\t<\/div>\n\t\t\t<\/li>\n\t\t\t<li class='photonic-slideshow-img splide__slide'>\n\t\t\t\t<div class='splide__slide__container'>\n\t\t\t\t<img src='https:\/\/www.kymco.es\/prensa\/wp-content\/uploads\/2021\/02\/agility-city-50-general-blanco-1-1.jpg' alt='' title=''  id='photonic-slideshow-1-8274' \/>\n\t\t\t\t<\/div>\n\t\t\t<\/li>\n\t\t\t<li class='photonic-slideshow-img splide__slide'>\n\t\t\t\t<div class='splide__slide__container'>\n\t\t\t\t<img src='https:\/\/www.kymco.es\/prensa\/wp-content\/uploads\/2021\/02\/agility-city-50-general-azul-4.jpg' alt='' title=''  id='photonic-slideshow-1-8259' \/>\n\t\t\t\t<\/div>\n\t\t\t<\/li>\n\t\t\t<li class='photonic-slideshow-img splide__slide'>\n\t\t\t\t<div class='splide__slide__container'>\n\t\t\t\t<img src='https:\/\/www.kymco.es\/prensa\/wp-content\/uploads\/2021\/02\/agility-city-50-general-marron-3.jpg' alt='' title=''  id='photonic-slideshow-1-8262' \/>\n\t\t\t\t<\/div>\n\t\t\t<\/li>\n\t\t\t<li class='photonic-slideshow-img splide__slide'>\n\t\t\t\t<div class='splide__slide__container'>\n\t\t\t\t<img src='https:\/\/www.kymco.es\/prensa\/wp-content\/uploads\/2021\/02\/agility-city-50-general-blanco-2-1.jpg' alt='' title=''  id='photonic-slideshow-1-8275' \/>\n\t\t\t\t<\/div>\n\t\t\t<\/li>\n\t\t\t<li class='photonic-slideshow-img splide__slide'>\n\t\t\t\t<div class='splide__slide__container'>\n\t\t\t\t<img src='https:\/\/www.kymco.es\/prensa\/wp-content\/uploads\/2021\/02\/agility-city-50-general-azul-1.jpg' alt='' title=''  id='photonic-slideshow-1-8256' \/>\n\t\t\t\t<\/div>\n\t\t\t<\/li>\n\t\t\t<li class='photonic-slideshow-img splide__slide'>\n\t\t\t\t<div class='splide__slide__container'>\n\t\t\t\t<img src='https:\/\/www.kymco.es\/prensa\/wp-content\/uploads\/2021\/02\/agility-city-50-general-marron-2.jpg' alt='' title=''  id='photonic-slideshow-1-8261' \/>\n\t\t\t\t<\/div>\n\t\t\t<\/li>\n\t\t<\/ul>\n\t<\/div><!-- splide__track -->\n<\/div><!-- .photonic-slideshow-->\n\n<\/div><!-- .photonic-stream or .photonic-panel -->\n\n<p><strong>Muy competitivo<\/strong><\/p>\n<p>El nuevo Agility City 50 se comercializa en toda la red KYMCO a un precio de lanzamiento de solo 2.099 euros (Precio de Venta Recomendado), que incluye un descuento de 100 euros sobre el precio habitual hasta el 31 de marzo.<\/p>\n<p>Adem\u00e1s, en l\u00ednea con el compromiso KYMCO por la seguridad, la marca incluye <strong>de serie una p\u00f3liza anual de seguro<\/strong> obligatorio (Aseguradora Allianz). Los usuarios pueden ampliar la garant\u00eda de serie de la marca dos a\u00f1os adicionales por solo 77 euros.<\/p>\n<p>&nbsp;<\/p>\n<p>&nbsp;<\/p>\n","protected":false},"excerpt":{"rendered":"<p>El nuevo Agility City 50 equipa el <strong>motor m\u00e1s eficiente<\/strong>, de tecnolog\u00eda propia,de muy <strong>bajo consumo<\/strong>. Se incorporan nuevos acabados a la gama de ciclomotores, la propuesta KYMCO por excelencia de entorno urbano, caracterizada por su agilidad, f\u00e1cil manejo y segura. La marca prev\u00e9 este a\u00f1o situar el modelo de nuevo como el <a href=\"https:\/\/www.kymco.es\/prensa\/nota-de-prensa\/record-kymco-2020-agility-city-125-moto-mas-vendida-en-espana\/\">m\u00e1s demandado entre los usuarios particulares, como en 2020.<\/a><\/p>\n","protected":false},"author":2,"featured_media":8257,"comment_status":"closed","ping_status":"closed","sticky":false,"template":"","format":"standard","meta":[],"categories":[520,449],"tags":[],"yoast_head":"<!-- This site is optimized with the Yoast SEO plugin v17.1 - https:\/\/yoast.com\/wordpress\/plugins\/seo\/ -->\n<title>Nuevo Agility City 50, de baj\u00edsimas emisiones y por solo 2.099 \u20ac hasta el 31 de marzo - KYMCO Espa\u00f1a<\/title>\n<meta name=\"robots\" content=\"index, follow, max-snippet:-1, max-image-preview:large, max-video-preview:-1\" \/>\n<link rel=\"canonical\" href=\"https:\/\/www.kymco.es\/prensa\/nota-de-prensa\/nuevo-agility-city-50-de-bajisimas-emisiones-y-por-solo-2-099-e-hasta-el-31-de-marzo\/\" \/>\n<meta property=\"og:locale\" content=\"es_ES\" \/>\n<meta property=\"og:type\" content=\"article\" \/>\n<meta property=\"og:title\" content=\"Nuevo Agility City 50, de baj\u00edsimas emisiones y por solo 2.099 \u20ac hasta el 31 de marzo - KYMCO Espa\u00f1a\" \/>\n<meta property=\"og:description\" content=\"El nuevo Agility City 50 equipa el motor m\u00e1s eficiente, de tecnolog\u00eda propia,de muy bajo consumo. Se incorporan nuevos acabados a la gama de ciclomotores, la propuesta KYMCO por excelencia de entorno urbano, caracterizada por su agilidad, f\u00e1cil manejo y segura. La marca prev\u00e9 este a\u00f1o situar el modelo de nuevo como el m\u00e1s demandado entre los usuarios particulares, como en 2020.\" \/>\n<meta property=\"og:url\" content=\"https:\/\/www.kymco.es\/prensa\/nota-de-prensa\/nuevo-agility-city-50-de-bajisimas-emisiones-y-por-solo-2-099-e-hasta-el-31-de-marzo\/\" \/>\n<meta property=\"og:site_name\" content=\"KYMCO Espa\u00f1a\" \/>\n<meta property=\"article:published_time\" content=\"2021-02-15T09:06:45+00:00\" \/>\n<meta property=\"article:modified_time\" content=\"2021-02-15T12:05:32+00:00\" \/>\n<meta property=\"og:image\" content=\"https:\/\/www.kymco.es\/prensa\/wp-content\/uploads\/2021\/02\/agility-city-50-general-azul-2.jpg\" \/>\n\t<meta property=\"og:image:width\" content=\"1200\" \/>\n\t<meta property=\"og:image:height\" content=\"800\" \/>\n<meta name=\"twitter:card\" content=\"summary_large_image\" \/>\n<meta name=\"twitter:label1\" content=\"Escrito por\" \/>\n\t<meta name=\"twitter:data1\" content=\"KYMCO Espa\u00f1a\" \/>\n\t<meta name=\"twitter:label2\" content=\"Tiempo de lectura\" \/>\n\t<meta name=\"twitter:data2\" content=\"3 minutos\" \/>\n<script type=\"application\/ld+json\" class=\"yoast-schema-graph\">{\"@context\":\"https:\/\/schema.org\",\"@graph\":[{\"@type\":\"WebSite\",\"@id\":\"https:\/\/www.kymco.es\/prensa\/#website\",\"url\":\"https:\/\/www.kymco.es\/prensa\/\",\"name\":\"KYMCO Espa\\u00f1a\",\"description\":\"Marca de movilidad personal\",\"potentialAction\":[{\"@type\":\"SearchAction\",\"target\":{\"@type\":\"EntryPoint\",\"urlTemplate\":\"https:\/\/www.kymco.es\/prensa\/?s={search_term_string}\"},\"query-input\":\"required name=search_term_string\"}],\"inLanguage\":\"es\"},{\"@type\":\"ImageObject\",\"@id\":\"https:\/\/www.kymco.es\/prensa\/nota-de-prensa\/nuevo-agility-city-50-de-bajisimas-emisiones-y-por-solo-2-099-e-hasta-el-31-de-marzo\/#primaryimage\",\"inLanguage\":\"es\",\"url\":\"https:\/\/www.kymco.es\/prensa\/wp-content\/uploads\/2021\/02\/agility-city-50-general-azul-2.jpg\",\"contentUrl\":\"https:\/\/www.kymco.es\/prensa\/wp-content\/uploads\/2021\/02\/agility-city-50-general-azul-2.jpg\",\"width\":1200,\"height\":800},{\"@type\":\"WebPage\",\"@id\":\"https:\/\/www.kymco.es\/prensa\/nota-de-prensa\/nuevo-agility-city-50-de-bajisimas-emisiones-y-por-solo-2-099-e-hasta-el-31-de-marzo\/#webpage\",\"url\":\"https:\/\/www.kymco.es\/prensa\/nota-de-prensa\/nuevo-agility-city-50-de-bajisimas-emisiones-y-por-solo-2-099-e-hasta-el-31-de-marzo\/\",\"name\":\"Nuevo Agility City 50, de baj\\u00edsimas emisiones y por solo 2.099 \\u20ac hasta el 31 de marzo - KYMCO Espa\\u00f1a\",\"isPartOf\":{\"@id\":\"https:\/\/www.kymco.es\/prensa\/#website\"},\"primaryImageOfPage\":{\"@id\":\"https:\/\/www.kymco.es\/prensa\/nota-de-prensa\/nuevo-agility-city-50-de-bajisimas-emisiones-y-por-solo-2-099-e-hasta-el-31-de-marzo\/#primaryimage\"},\"datePublished\":\"2021-02-15T09:06:45+00:00\",\"dateModified\":\"2021-02-15T12:05:32+00:00\",\"author\":{\"@id\":\"https:\/\/www.kymco.es\/prensa\/#\/schema\/person\/b315bb551f7fe40b3f8f1b4768f556c4\"},\"breadcrumb\":{\"@id\":\"https:\/\/www.kymco.es\/prensa\/nota-de-prensa\/nuevo-agility-city-50-de-bajisimas-emisiones-y-por-solo-2-099-e-hasta-el-31-de-marzo\/#breadcrumb\"},\"inLanguage\":\"es\",\"potentialAction\":[{\"@type\":\"ReadAction\",\"target\":[\"https:\/\/www.kymco.es\/prensa\/nota-de-prensa\/nuevo-agility-city-50-de-bajisimas-emisiones-y-por-solo-2-099-e-hasta-el-31-de-marzo\/\"]}]},{\"@type\":\"BreadcrumbList\",\"@id\":\"https:\/\/www.kymco.es\/prensa\/nota-de-prensa\/nuevo-agility-city-50-de-bajisimas-emisiones-y-por-solo-2-099-e-hasta-el-31-de-marzo\/#breadcrumb\",\"itemListElement\":[{\"@type\":\"ListItem\",\"position\":1,\"name\":\"Portada\",\"item\":\"https:\/\/www.kymco.es\/prensa\/\"},{\"@type\":\"ListItem\",\"position\":2,\"name\":\"Nuevo Agility City 50, de baj\\u00edsimas emisiones y por solo 2.099 \\u20ac hasta el 31 de marzo\"}]},{\"@type\":\"Person\",\"@id\":\"https:\/\/www.kymco.es\/prensa\/#\/schema\/person\/b315bb551f7fe40b3f8f1b4768f556c4\",\"name\":\"KYMCO Espa\\u00f1a\",\"url\":\"https:\/\/www.kymco.es\/prensa\/author\/vanessasaedrin\/\"}]}<\/script>\n<!-- \/ Yoast SEO plugin. -->","yoast_head_json":{"title":"Nuevo Agility City 50, de baj\u00edsimas emisiones y por solo 2.099 \u20ac hasta el 31 de marzo - KYMCO Espa\u00f1a","robots":{"index":"index","follow":"follow","max-snippet":"max-snippet:-1","max-image-preview":"max-image-preview:large","max-video-preview":"max-video-preview:-1"},"canonical":"https:\/\/www.kymco.es\/prensa\/nota-de-prensa\/nuevo-agility-city-50-de-bajisimas-emisiones-y-por-solo-2-099-e-hasta-el-31-de-marzo\/","og_locale":"es_ES","og_type":"article","og_title":"Nuevo Agility City 50, de baj\u00edsimas emisiones y por solo 2.099 \u20ac hasta el 31 de marzo - KYMCO Espa\u00f1a","og_description":"El nuevo Agility City 50 equipa el motor m\u00e1s eficiente, de tecnolog\u00eda propia,de muy bajo consumo. Se incorporan nuevos acabados a la gama de ciclomotores, la propuesta KYMCO por excelencia de entorno urbano, caracterizada por su agilidad, f\u00e1cil manejo y segura. La marca prev\u00e9 este a\u00f1o situar el modelo de nuevo como el m\u00e1s demandado entre los usuarios particulares, como en 2020.","og_url":"https:\/\/www.kymco.es\/prensa\/nota-de-prensa\/nuevo-agility-city-50-de-bajisimas-emisiones-y-por-solo-2-099-e-hasta-el-31-de-marzo\/","og_site_name":"KYMCO Espa\u00f1a","article_published_time":"2021-02-15T09:06:45+00:00","article_modified_time":"2021-02-15T12:05:32+00:00","og_image":[{"width":1200,"height":800,"url":"https:\/\/www.kymco.es\/prensa\/wp-content\/uploads\/2021\/02\/agility-city-50-general-azul-2.jpg","path":"\/var\/www\/html\/kymco.es\/prensa\/wp-content\/uploads\/2021\/02\/agility-city-50-general-azul-2.jpg","size":"full","id":8257,"alt":"","pixels":960000,"type":"image\/jpeg"}],"twitter_card":"summary_large_image","twitter_misc":{"Escrito por":"KYMCO Espa\u00f1a","Tiempo de lectura":"3 minutos"},"schema":{"@context":"https:\/\/schema.org","@graph":[{"@type":"WebSite","@id":"https:\/\/www.kymco.es\/prensa\/#website","url":"https:\/\/www.kymco.es\/prensa\/","name":"KYMCO Espa\u00f1a","description":"Marca de movilidad personal","potentialAction":[{"@type":"SearchAction","target":{"@type":"EntryPoint","urlTemplate":"https:\/\/www.kymco.es\/prensa\/?s={search_term_string}"},"query-input":"required name=search_term_string"}],"inLanguage":"es"},{"@type":"ImageObject","@id":"https:\/\/www.kymco.es\/prensa\/nota-de-prensa\/nuevo-agility-city-50-de-bajisimas-emisiones-y-por-solo-2-099-e-hasta-el-31-de-marzo\/#primaryimage","inLanguage":"es","url":"https:\/\/www.kymco.es\/prensa\/wp-content\/uploads\/2021\/02\/agility-city-50-general-azul-2.jpg","contentUrl":"https:\/\/www.kymco.es\/prensa\/wp-content\/uploads\/2021\/02\/agility-city-50-general-azul-2.jpg","width":1200,"height":800},{"@type":"WebPage","@id":"https:\/\/www.kymco.es\/prensa\/nota-de-prensa\/nuevo-agility-city-50-de-bajisimas-emisiones-y-por-solo-2-099-e-hasta-el-31-de-marzo\/#webpage","url":"https:\/\/www.kymco.es\/prensa\/nota-de-prensa\/nuevo-agility-city-50-de-bajisimas-emisiones-y-por-solo-2-099-e-hasta-el-31-de-marzo\/","name":"Nuevo Agility City 50, de baj\u00edsimas emisiones y por solo 2.099 \u20ac hasta el 31 de marzo - KYMCO Espa\u00f1a","isPartOf":{"@id":"https:\/\/www.kymco.es\/prensa\/#website"},"primaryImageOfPage":{"@id":"https:\/\/www.kymco.es\/prensa\/nota-de-prensa\/nuevo-agility-city-50-de-bajisimas-emisiones-y-por-solo-2-099-e-hasta-el-31-de-marzo\/#primaryimage"},"datePublished":"2021-02-15T09:06:45+00:00","dateModified":"2021-02-15T12:05:32+00:00","author":{"@id":"https:\/\/www.kymco.es\/prensa\/#\/schema\/person\/b315bb551f7fe40b3f8f1b4768f556c4"},"breadcrumb":{"@id":"https:\/\/www.kymco.es\/prensa\/nota-de-prensa\/nuevo-agility-city-50-de-bajisimas-emisiones-y-por-solo-2-099-e-hasta-el-31-de-marzo\/#breadcrumb"},"inLanguage":"es","potentialAction":[{"@type":"ReadAction","target":["https:\/\/www.kymco.es\/prensa\/nota-de-prensa\/nuevo-agility-city-50-de-bajisimas-emisiones-y-por-solo-2-099-e-hasta-el-31-de-marzo\/"]}]},{"@type":"BreadcrumbList","@id":"https:\/\/www.kymco.es\/prensa\/nota-de-prensa\/nuevo-agility-city-50-de-bajisimas-emisiones-y-por-solo-2-099-e-hasta-el-31-de-marzo\/#breadcrumb","itemListElement":[{"@type":"ListItem","position":1,"name":"Portada","item":"https:\/\/www.kymco.es\/prensa\/"},{"@type":"ListItem","position":2,"name":"Nuevo Agility City 50, de baj\u00edsimas emisiones y por solo 2.099 \u20ac hasta el 31 de marzo"}]},{"@type":"Person","@id":"https:\/\/www.kymco.es\/prensa\/#\/schema\/person\/b315bb551f7fe40b3f8f1b4768f556c4","name":"KYMCO Espa\u00f1a","url":"https:\/\/www.kymco.es\/prensa\/author\/vanessasaedrin\/"}]}},"_links":{"self":[{"href":"https:\/\/www.kymco.es\/prensa\/wp-json\/wp\/v2\/posts\/8253"}],"collection":[{"href":"https:\/\/www.kymco.es\/prensa\/wp-json\/wp\/v2\/posts"}],"about":[{"href":"https:\/\/www.kymco.es\/prensa\/wp-json\/wp\/v2\/types\/post"}],"author":[{"embeddable":true,"href":"https:\/\/www.kymco.es\/prensa\/wp-json\/wp\/v2\/users\/2"}],"replies":[{"embeddable":true,"href":"https:\/\/www.kymco.es\/prensa\/wp-json\/wp\/v2\/comments?post=8253"}],"version-history":[{"count":5,"href":"https:\/\/www.kymco.es\/prensa\/wp-json\/wp\/v2\/posts\/8253\/revisions"}],"predecessor-version":[{"id":8287,"href":"https:\/\/www.kymco.es\/prensa\/wp-json\/wp\/v2\/posts\/8253\/revisions\/8287"}],"wp:featuredmedia":[{"embeddable":true,"href":"https:\/\/www.kymco.es\/prensa\/wp-json\/wp\/v2\/media\/8257"}],"wp:attachment":[{"href":"https:\/\/www.kymco.es\/prensa\/wp-json\/wp\/v2\/media?parent=8253"}],"wp:term":[{"taxonomy":"category","embeddable":true,"href":"https:\/\/www.kymco.es\/prensa\/wp-json\/wp\/v2\/categories?post=8253"},{"taxonomy":"post_tag","embeddable":true,"href":"https:\/\/www.kymco.es\/prensa\/wp-json\/wp\/v2\/tags?post=8253"}],"curies":[{"name":"wp","href":"https:\/\/api.w.org\/{rel}","templated":true}]}}