{"id":8230,"date":"2021-02-26T08:05:57","date_gmt":"2021-02-26T07:05:57","guid":{"rendered":"https:\/\/www.kymco.es\/prensa\/?p=8230"},"modified":"2021-02-26T09:02:53","modified_gmt":"2021-02-26T08:02:53","slug":"esta-joven-de-familia-motera-se-desmarca-con-el-primer-scooter-que-entra-en-casa","status":"publish","type":"post","link":"https:\/\/www.kymco.es\/prensa\/kymco-stories\/esta-joven-de-familia-motera-se-desmarca-con-el-primer-scooter-que-entra-en-casa\/","title":{"rendered":"Esta joven, de familia motera, se desmarca con el primer scooter que entra en casa"},"content":{"rendered":"<style type=\"text\/css\">.fusion-gallery-1 .fusion-gallery-image {border:0px solid #f6f6f6;}<\/style><div class=\"fusion-gallery fusion-gallery-container fusion-grid-1 fusion-columns-total-1 fusion-gallery-layout-grid fusion-gallery-1\" style=\"margin:-5px;\"><div style=\"padding:5px;\" class=\"fusion-grid-column fusion-gallery-column fusion-gallery-column-1 hover-type-zoomin\"><div class=\"fusion-gallery-image\"><a href=\"https:\/\/www.kymco.es\/prensa\/wp-content\/uploads\/2021\/02\/kymco-story-angela.jpg\" rel=\"noreferrer\" data-rel=\"iLightbox[gallery_image_1]\" class=\"fusion-lightbox\" target=\"_self\"><img src=\"https:\/\/www.kymco.es\/prensa\/wp-content\/uploads\/2021\/02\/kymco-story-angela.jpg\" width=\"1200\" height=\"800\" alt=\"\" title=\"KYMCO Story Angela\" aria-label=\"KYMCO Story Angela\" class=\"img-responsive wp-image-8231\" srcset=\"https:\/\/www.kymco.es\/prensa\/wp-content\/uploads\/2021\/02\/kymco-story-angela-200x133.jpg 200w, https:\/\/www.kymco.es\/prensa\/wp-content\/uploads\/2021\/02\/kymco-story-angela-400x267.jpg 400w, https:\/\/www.kymco.es\/prensa\/wp-content\/uploads\/2021\/02\/kymco-story-angela-600x400.jpg 600w, https:\/\/www.kymco.es\/prensa\/wp-content\/uploads\/2021\/02\/kymco-story-angela-800x533.jpg 800w, https:\/\/www.kymco.es\/prensa\/wp-content\/uploads\/2021\/02\/kymco-story-angela.jpg 1200w\" sizes=\"(min-width: 2200px) 100vw, (min-width: 640px) 1240px, \" \/><\/a><\/div><\/div><div class=\"clearfix\"><\/div><\/div>\n<p>\u00bfPor qu\u00e9 ir en moto cuando puedes moverte super c\u00f3moda en un scooter? \u00c1ngela (Madrid, 33 a\u00f1os), veterinaria, responde as\u00ed a todo aquel que le se\u00f1ala por su reciente elecci\u00f3n. Se ha criado rodeada de motos, ha tenido varias ya, y en casa, todos \u2013sus padres, hermana\u2026- \u00a0tienen moto; todos aman las motos.<\/p>\n<p>Pero, esta vez, \u00c1ngela lo ten\u00eda muy claro: <strong>quer\u00eda por primera vez en su vida estrenar veh\u00edculo, que fuera lo m\u00e1s c\u00f3modo del mundo, bonito y deportivo<\/strong>. Sin dejarse llevar por nadie, investig\u00f3, prob\u00f3 y acab\u00f3 compr\u00e1ndose un scooter: <strong>\u201c\u00a1Es el primero que entra en casa!\u201d,<\/strong> dice desafiante, porque de alguna manera en casa le se\u00f1alan, de broma, de \u201cdesertora\u201d, como si se hubiera cambiado de bando.<\/p>\n<p>\u00c1ngela eligi\u00f3 el megascooter KYMCO<a href=\"https:\/\/www.kymco.es\/scooters\/xciting-s-400-tcs\"><strong> Xciting S 400<\/strong><\/a>, el buque insignia de la marca, el veh\u00edculo<strong> m\u00e1s grande y m\u00e1s avanzado en tecnolog\u00eda<\/strong> y <a href=\"https:\/\/www.kymco.es\/prensa\/presskits\/c\/noodoe\/\">conectividad<\/a>. Un megascooter de 400 cc, en color negro, muy elegante. Con este modelo, de estilo deportivo, l\u00edneas rectas y minimalistas, \u00c1ngela ha subido un escal\u00f3n en cilindrada (deja atr\u00e1s la moto de marchas de 250 cc), en <strong>deportividad y en dise\u00f1o<\/strong>, pero sobre todo ha ganado en<strong> comodidad.<\/strong><\/p>\n<p>Desde hace unos meses trabaja en el centro de Madrid y el scooter se ha vuelto para ella en algo fundamental. <strong>Aparcar en la puerta de la cl\u00ednica<\/strong> veterinaria donde trabaja y de forma gratuita son claves para \u00c1ngela. \u201cMi idea es utilizarla siempre, llueva o haga fr\u00edo\u201d.<\/p>\n<p>\u201cLo tiene todo: es deportiva, va genial y es comod\u00edsima\u201d. Y lo dice porque cuando termin\u00f3 el rodaje, lo primero que hizo fue subir a la sierra de Madrid. \u201cLa gente me mira, porque piensa que llevo un scooter muy grande para m\u00ed -al medir 1,57 cm-; pero es muy ligero, voy segura y llego perfectamente \u201d. Esto es lo que en KYMCO llamamos elecci\u00f3n inteligente.<\/p>\n<p>&nbsp;<\/p>\n<p><span style=\"font-size: 24px; color: #000000;\"><i class=\"fb-icon-element-1 fb-icon-element fontawesome-icon fa-angle-double-left fas circle-yes fusion-text-flow fusion-animated\" style=\"font-size:28.16px;line-height:54.32px;height:56.32px;width:56.32px;border-width:1px;margin-right:16px;\" data-animationType=\"fadeInLeft\" data-animationDuration=\"0.3\" data-animationOffset=\"100%\"><\/i><style>i.fb-icon-element.fontawesome-icon.fb-icon-element-1{ color: #ffffff; background-color: #333338; border-color: #333338;}i.fb-icon-element.fontawesome-icon.fb-icon-element-1:hover { color: #ffffff; background-color: #333338; border-color: #333338;}<\/style>\u00a0 Me miran porque parece que llevo un scooter grande para m\u00ed, pero voy comod\u00edsima y va genial\u00bb-. <span style=\"font-size: 16px;\">\u00c1ngela (33), Madrid.<\/span><\/span><\/p>\n<p>&nbsp;<\/p>\n<style type=\"text\/css\">.fusion-gallery-2 .fusion-gallery-image {border:0px solid #f6f6f6;}<\/style><div class=\"fusion-gallery fusion-gallery-container fusion-grid-1 fusion-columns-total-1 fusion-gallery-layout-grid fusion-gallery-2\" style=\"margin:-5px;\"><div style=\"padding:5px;\" class=\"fusion-grid-column fusion-gallery-column fusion-gallery-column-1 hover-type-zoomin\"><div class=\"fusion-gallery-image\"><a href=\"https:\/\/www.kymco.es\/prensa\/wp-content\/uploads\/2021\/02\/kymco-stories-angela-2.jpg\" rel=\"noreferrer\" data-rel=\"iLightbox[gallery_image_2]\" class=\"fusion-lightbox\" target=\"_self\"><img src=\"https:\/\/www.kymco.es\/prensa\/wp-content\/uploads\/2021\/02\/kymco-stories-angela-2.jpg\" width=\"1200\" height=\"800\" alt=\"\" title=\"KYMCO Stories_Angela 2\" aria-label=\"KYMCO Stories_Angela 2\" class=\"img-responsive wp-image-8234\" srcset=\"https:\/\/www.kymco.es\/prensa\/wp-content\/uploads\/2021\/02\/kymco-stories-angela-2-200x133.jpg 200w, https:\/\/www.kymco.es\/prensa\/wp-content\/uploads\/2021\/02\/kymco-stories-angela-2-400x267.jpg 400w, https:\/\/www.kymco.es\/prensa\/wp-content\/uploads\/2021\/02\/kymco-stories-angela-2-600x400.jpg 600w, https:\/\/www.kymco.es\/prensa\/wp-content\/uploads\/2021\/02\/kymco-stories-angela-2-800x533.jpg 800w, https:\/\/www.kymco.es\/prensa\/wp-content\/uploads\/2021\/02\/kymco-stories-angela-2.jpg 1200w\" sizes=\"(min-width: 2200px) 100vw, (min-width: 640px) 1240px, \" \/><\/a><\/div><\/div><div class=\"clearfix\"><\/div><\/div>\n<p>&nbsp;<\/p>\n","protected":false},"excerpt":{"rendered":"<p>Le se\u00f1alan de \u00abdesertora\u00bb, de broma, como si se hubiera cambiado de bando. Esta veterinaria de 33 a\u00f1os se ha criado rodeada de motos y ha tenido ya varias, todas de segunda mano. Pero esta vez quer\u00eda una moto <strong>nueva, elegante, c\u00f3moda, con tecnolog\u00eda y segura<\/strong>. Y su elecci\u00f3n<strong> inteligente<\/strong> ha sido: el scooter <a href=\"https:\/\/www.kymco.es\/scooters\/xciting-s-400-tcs\"><strong>Xciting S 400<\/strong><\/a>, el buque insignia KYMCO, una moto conectada al tel\u00e9fono m\u00f3vil, de <strong>400 cc, dise\u00f1o deportivo y con ABS<\/strong>. \u00abEs perfecta para trabajar a diario en el centro de Madrid\u00bb.<\/p>\n","protected":false},"author":2,"featured_media":8310,"comment_status":"closed","ping_status":"closed","sticky":false,"template":"","format":"standard","meta":[],"categories":[517,740],"tags":[],"yoast_head":"<!-- This site is optimized with the Yoast SEO plugin v17.1 - https:\/\/yoast.com\/wordpress\/plugins\/seo\/ -->\n<title>Esta joven, de familia motera, se desmarca con el primer scooter que entra en casa - KYMCO Espa\u00f1a<\/title>\n<meta name=\"robots\" content=\"index, follow, max-snippet:-1, max-image-preview:large, max-video-preview:-1\" \/>\n<link rel=\"canonical\" href=\"https:\/\/www.kymco.es\/prensa\/kymco-stories\/esta-joven-de-familia-motera-se-desmarca-con-el-primer-scooter-que-entra-en-casa\/\" \/>\n<meta property=\"og:locale\" content=\"es_ES\" \/>\n<meta property=\"og:type\" content=\"article\" \/>\n<meta property=\"og:title\" content=\"Esta joven, de familia motera, se desmarca con el primer scooter que entra en casa - KYMCO Espa\u00f1a\" \/>\n<meta property=\"og:description\" content=\"Le se\u00f1alan de &quot;desertora&quot;, de broma, como si se hubiera cambiado de bando. Esta veterinaria de 33 a\u00f1os se ha criado rodeada de motos y ha tenido ya varias, todas de segunda mano. Pero esta vez quer\u00eda una moto nueva, elegante, c\u00f3moda, con tecnolog\u00eda y segura. Y su elecci\u00f3n inteligente ha sido: el scooter Xciting S 400, el buque insignia KYMCO, una moto conectada al tel\u00e9fono m\u00f3vil, de 400 cc, dise\u00f1o deportivo y con ABS. &quot;Es perfecta para trabajar a diario en el centro de Madrid&quot;.\" \/>\n<meta property=\"og:url\" content=\"https:\/\/www.kymco.es\/prensa\/kymco-stories\/esta-joven-de-familia-motera-se-desmarca-con-el-primer-scooter-que-entra-en-casa\/\" \/>\n<meta property=\"og:site_name\" content=\"KYMCO Espa\u00f1a\" \/>\n<meta property=\"article:published_time\" content=\"2021-02-26T07:05:57+00:00\" \/>\n<meta property=\"article:modified_time\" content=\"2021-02-26T08:02:53+00:00\" \/>\n<meta property=\"og:image\" content=\"https:\/\/www.kymco.es\/prensa\/wp-content\/uploads\/2021\/02\/kymco-story-angela-1.jpg\" \/>\n\t<meta property=\"og:image:width\" content=\"1200\" \/>\n\t<meta property=\"og:image:height\" content=\"800\" \/>\n<meta name=\"twitter:card\" content=\"summary_large_image\" \/>\n<meta name=\"twitter:label1\" content=\"Escrito por\" \/>\n\t<meta name=\"twitter:data1\" content=\"KYMCO Espa\u00f1a\" \/>\n\t<meta name=\"twitter:label2\" content=\"Tiempo de lectura\" \/>\n\t<meta name=\"twitter:data2\" content=\"2 minutos\" \/>\n<script type=\"application\/ld+json\" class=\"yoast-schema-graph\">{\"@context\":\"https:\/\/schema.org\",\"@graph\":[{\"@type\":\"WebSite\",\"@id\":\"https:\/\/www.kymco.es\/prensa\/#website\",\"url\":\"https:\/\/www.kymco.es\/prensa\/\",\"name\":\"KYMCO Espa\\u00f1a\",\"description\":\"Marca de movilidad personal\",\"potentialAction\":[{\"@type\":\"SearchAction\",\"target\":{\"@type\":\"EntryPoint\",\"urlTemplate\":\"https:\/\/www.kymco.es\/prensa\/?s={search_term_string}\"},\"query-input\":\"required name=search_term_string\"}],\"inLanguage\":\"es\"},{\"@type\":\"ImageObject\",\"@id\":\"https:\/\/www.kymco.es\/prensa\/kymco-stories\/esta-joven-de-familia-motera-se-desmarca-con-el-primer-scooter-que-entra-en-casa\/#primaryimage\",\"inLanguage\":\"es\",\"url\":\"https:\/\/www.kymco.es\/prensa\/wp-content\/uploads\/2021\/02\/kymco-story-angela-1.jpg\",\"contentUrl\":\"https:\/\/www.kymco.es\/prensa\/wp-content\/uploads\/2021\/02\/kymco-story-angela-1.jpg\",\"width\":1200,\"height\":800},{\"@type\":\"WebPage\",\"@id\":\"https:\/\/www.kymco.es\/prensa\/kymco-stories\/esta-joven-de-familia-motera-se-desmarca-con-el-primer-scooter-que-entra-en-casa\/#webpage\",\"url\":\"https:\/\/www.kymco.es\/prensa\/kymco-stories\/esta-joven-de-familia-motera-se-desmarca-con-el-primer-scooter-que-entra-en-casa\/\",\"name\":\"Esta joven, de familia motera, se desmarca con el primer scooter que entra en casa - KYMCO Espa\\u00f1a\",\"isPartOf\":{\"@id\":\"https:\/\/www.kymco.es\/prensa\/#website\"},\"primaryImageOfPage\":{\"@id\":\"https:\/\/www.kymco.es\/prensa\/kymco-stories\/esta-joven-de-familia-motera-se-desmarca-con-el-primer-scooter-que-entra-en-casa\/#primaryimage\"},\"datePublished\":\"2021-02-26T07:05:57+00:00\",\"dateModified\":\"2021-02-26T08:02:53+00:00\",\"author\":{\"@id\":\"https:\/\/www.kymco.es\/prensa\/#\/schema\/person\/b315bb551f7fe40b3f8f1b4768f556c4\"},\"breadcrumb\":{\"@id\":\"https:\/\/www.kymco.es\/prensa\/kymco-stories\/esta-joven-de-familia-motera-se-desmarca-con-el-primer-scooter-que-entra-en-casa\/#breadcrumb\"},\"inLanguage\":\"es\",\"potentialAction\":[{\"@type\":\"ReadAction\",\"target\":[\"https:\/\/www.kymco.es\/prensa\/kymco-stories\/esta-joven-de-familia-motera-se-desmarca-con-el-primer-scooter-que-entra-en-casa\/\"]}]},{\"@type\":\"BreadcrumbList\",\"@id\":\"https:\/\/www.kymco.es\/prensa\/kymco-stories\/esta-joven-de-familia-motera-se-desmarca-con-el-primer-scooter-que-entra-en-casa\/#breadcrumb\",\"itemListElement\":[{\"@type\":\"ListItem\",\"position\":1,\"name\":\"Portada\",\"item\":\"https:\/\/www.kymco.es\/prensa\/\"},{\"@type\":\"ListItem\",\"position\":2,\"name\":\"Esta joven, de familia motera, se desmarca con el primer scooter que entra en casa\"}]},{\"@type\":\"Person\",\"@id\":\"https:\/\/www.kymco.es\/prensa\/#\/schema\/person\/b315bb551f7fe40b3f8f1b4768f556c4\",\"name\":\"KYMCO Espa\\u00f1a\",\"url\":\"https:\/\/www.kymco.es\/prensa\/author\/vanessasaedrin\/\"}]}<\/script>\n<!-- \/ Yoast SEO plugin. -->","yoast_head_json":{"title":"Esta joven, de familia motera, se desmarca con el primer scooter que entra en casa - KYMCO Espa\u00f1a","robots":{"index":"index","follow":"follow","max-snippet":"max-snippet:-1","max-image-preview":"max-image-preview:large","max-video-preview":"max-video-preview:-1"},"canonical":"https:\/\/www.kymco.es\/prensa\/kymco-stories\/esta-joven-de-familia-motera-se-desmarca-con-el-primer-scooter-que-entra-en-casa\/","og_locale":"es_ES","og_type":"article","og_title":"Esta joven, de familia motera, se desmarca con el primer scooter que entra en casa - KYMCO Espa\u00f1a","og_description":"Le se\u00f1alan de \"desertora\", de broma, como si se hubiera cambiado de bando. Esta veterinaria de 33 a\u00f1os se ha criado rodeada de motos y ha tenido ya varias, todas de segunda mano. Pero esta vez quer\u00eda una moto nueva, elegante, c\u00f3moda, con tecnolog\u00eda y segura. Y su elecci\u00f3n inteligente ha sido: el scooter Xciting S 400, el buque insignia KYMCO, una moto conectada al tel\u00e9fono m\u00f3vil, de 400 cc, dise\u00f1o deportivo y con ABS. \"Es perfecta para trabajar a diario en el centro de Madrid\".","og_url":"https:\/\/www.kymco.es\/prensa\/kymco-stories\/esta-joven-de-familia-motera-se-desmarca-con-el-primer-scooter-que-entra-en-casa\/","og_site_name":"KYMCO Espa\u00f1a","article_published_time":"2021-02-26T07:05:57+00:00","article_modified_time":"2021-02-26T08:02:53+00:00","og_image":[{"width":1200,"height":800,"url":"https:\/\/www.kymco.es\/prensa\/wp-content\/uploads\/2021\/02\/kymco-story-angela-1.jpg","path":"\/var\/www\/html\/kymco.es\/prensa\/wp-content\/uploads\/2021\/02\/kymco-story-angela-1.jpg","size":"full","id":8310,"alt":"","pixels":960000,"type":"image\/jpeg"}],"twitter_card":"summary_large_image","twitter_misc":{"Escrito por":"KYMCO Espa\u00f1a","Tiempo de lectura":"2 minutos"},"schema":{"@context":"https:\/\/schema.org","@graph":[{"@type":"WebSite","@id":"https:\/\/www.kymco.es\/prensa\/#website","url":"https:\/\/www.kymco.es\/prensa\/","name":"KYMCO Espa\u00f1a","description":"Marca de movilidad personal","potentialAction":[{"@type":"SearchAction","target":{"@type":"EntryPoint","urlTemplate":"https:\/\/www.kymco.es\/prensa\/?s={search_term_string}"},"query-input":"required name=search_term_string"}],"inLanguage":"es"},{"@type":"ImageObject","@id":"https:\/\/www.kymco.es\/prensa\/kymco-stories\/esta-joven-de-familia-motera-se-desmarca-con-el-primer-scooter-que-entra-en-casa\/#primaryimage","inLanguage":"es","url":"https:\/\/www.kymco.es\/prensa\/wp-content\/uploads\/2021\/02\/kymco-story-angela-1.jpg","contentUrl":"https:\/\/www.kymco.es\/prensa\/wp-content\/uploads\/2021\/02\/kymco-story-angela-1.jpg","width":1200,"height":800},{"@type":"WebPage","@id":"https:\/\/www.kymco.es\/prensa\/kymco-stories\/esta-joven-de-familia-motera-se-desmarca-con-el-primer-scooter-que-entra-en-casa\/#webpage","url":"https:\/\/www.kymco.es\/prensa\/kymco-stories\/esta-joven-de-familia-motera-se-desmarca-con-el-primer-scooter-que-entra-en-casa\/","name":"Esta joven, de familia motera, se desmarca con el primer scooter que entra en casa - KYMCO Espa\u00f1a","isPartOf":{"@id":"https:\/\/www.kymco.es\/prensa\/#website"},"primaryImageOfPage":{"@id":"https:\/\/www.kymco.es\/prensa\/kymco-stories\/esta-joven-de-familia-motera-se-desmarca-con-el-primer-scooter-que-entra-en-casa\/#primaryimage"},"datePublished":"2021-02-26T07:05:57+00:00","dateModified":"2021-02-26T08:02:53+00:00","author":{"@id":"https:\/\/www.kymco.es\/prensa\/#\/schema\/person\/b315bb551f7fe40b3f8f1b4768f556c4"},"breadcrumb":{"@id":"https:\/\/www.kymco.es\/prensa\/kymco-stories\/esta-joven-de-familia-motera-se-desmarca-con-el-primer-scooter-que-entra-en-casa\/#breadcrumb"},"inLanguage":"es","potentialAction":[{"@type":"ReadAction","target":["https:\/\/www.kymco.es\/prensa\/kymco-stories\/esta-joven-de-familia-motera-se-desmarca-con-el-primer-scooter-que-entra-en-casa\/"]}]},{"@type":"BreadcrumbList","@id":"https:\/\/www.kymco.es\/prensa\/kymco-stories\/esta-joven-de-familia-motera-se-desmarca-con-el-primer-scooter-que-entra-en-casa\/#breadcrumb","itemListElement":[{"@type":"ListItem","position":1,"name":"Portada","item":"https:\/\/www.kymco.es\/prensa\/"},{"@type":"ListItem","position":2,"name":"Esta joven, de familia motera, se desmarca con el primer scooter que entra en casa"}]},{"@type":"Person","@id":"https:\/\/www.kymco.es\/prensa\/#\/schema\/person\/b315bb551f7fe40b3f8f1b4768f556c4","name":"KYMCO Espa\u00f1a","url":"https:\/\/www.kymco.es\/prensa\/author\/vanessasaedrin\/"}]}},"_links":{"self":[{"href":"https:\/\/www.kymco.es\/prensa\/wp-json\/wp\/v2\/posts\/8230"}],"collection":[{"href":"https:\/\/www.kymco.es\/prensa\/wp-json\/wp\/v2\/posts"}],"about":[{"href":"https:\/\/www.kymco.es\/prensa\/wp-json\/wp\/v2\/types\/post"}],"author":[{"embeddable":true,"href":"https:\/\/www.kymco.es\/prensa\/wp-json\/wp\/v2\/users\/2"}],"replies":[{"embeddable":true,"href":"https:\/\/www.kymco.es\/prensa\/wp-json\/wp\/v2\/comments?post=8230"}],"version-history":[{"count":6,"href":"https:\/\/www.kymco.es\/prensa\/wp-json\/wp\/v2\/posts\/8230\/revisions"}],"predecessor-version":[{"id":8320,"href":"https:\/\/www.kymco.es\/prensa\/wp-json\/wp\/v2\/posts\/8230\/revisions\/8320"}],"wp:featuredmedia":[{"embeddable":true,"href":"https:\/\/www.kymco.es\/prensa\/wp-json\/wp\/v2\/media\/8310"}],"wp:attachment":[{"href":"https:\/\/www.kymco.es\/prensa\/wp-json\/wp\/v2\/media?parent=8230"}],"wp:term":[{"taxonomy":"category","embeddable":true,"href":"https:\/\/www.kymco.es\/prensa\/wp-json\/wp\/v2\/categories?post=8230"},{"taxonomy":"post_tag","embeddable":true,"href":"https:\/\/www.kymco.es\/prensa\/wp-json\/wp\/v2\/tags?post=8230"}],"curies":[{"name":"wp","href":"https:\/\/api.w.org\/{rel}","templated":true}]}}