{"id":7064,"date":"2020-08-03T12:29:57","date_gmt":"2020-08-03T10:29:57","guid":{"rendered":"https:\/\/kymco.es\/prensa\/?p=7064"},"modified":"2020-09-23T16:53:19","modified_gmt":"2020-09-23T14:53:19","slug":"kymco-recupera-en-6-meses-el-pulso-al-ciclomotor-aupado-por-la-mayor-competitividad-de-su-gama","status":"publish","type":"post","link":"https:\/\/www.kymco.es\/prensa\/nota-de-prensa\/kymco-recupera-en-6-meses-el-pulso-al-ciclomotor-aupado-por-la-mayor-competitividad-de-su-gama\/","title":{"rendered":"KYMCO recupera en 6 meses el pulso al Ciclomotor, aupado por la mayor competitividad de su gama"},"content":{"rendered":"<div class='photonic-wp-stream photonic-stream ' id='photonic-wp-stream-1'>\n\t<div id='photonic-wp-stream-1-container' class='title-display-hover-slideup-show photonic-level-1-container photonic-standard-layout photonic-thumbnail-effect-none sizes-present'  data-photonic-platform=\"wp\" data-photonic-query=\"order=ASC&amp;orderby=post__in&amp;id=7064&amp;itemtag=dl&amp;icontag=dt&amp;captiontag=dd&amp;size=large&amp;include=3066,5504&amp;exclude=&amp;link=post&amp;layout=square&amp;more=&amp;display=in-page&amp;panel=&amp;filter=&amp;filter_type=include&amp;fx=slide&amp;timeout=4000&amp;speed=1000&amp;pause=1&amp;strip-style=thumbs&amp;controls=hide&amp;popup=hide&amp;custom_classes=&amp;alignment=&amp;caption=desc&amp;page=1&amp;count=-1&amp;thumb_width=75&amp;thumb_height=75&amp;thumb_size=medium&amp;slide_size=large&amp;slideshow_height=500&amp;type=default&amp;style=square&amp;columns=2&amp;main_size=full&amp;tile_size=thumbnail&amp;ids=3066,5504\"  data-photonic-gallery-columns=\"2\" style='--tile-min-height: 200px'>\n<figure class='photonic-gallery-2c photonic-level-1 photonic-thumb'  style='--dw: 300; --dh: 200' >\n\t\t\t<a  class='photonic-launch-gallery launch-gallery-swipebox swipebox'  rel='lightbox-photonic-wp-stream-1'  href=\"https:\/\/www.kymco.es\/prensa\/wp-content\/uploads\/2020\/02\/agility-city-50-general-marron-1-compressor.jpg\" title=\"Agility City 50, en marr\u00f3n. KYMCO Espa\u00f1a \" data-title=\"&lt;a href=&#039;https:\/\/www.kymco.es\/prensa\/novedades\/nuevo-agility-city-primeras-resenas\/attachment\/agility-city-50-general-marron-1-compressor\/&#039; &gt;Agility City 50, en marr\u00f3n. KYMCO Espa\u00f1a &lt;\/a&gt;\"   data-photonic-media-type=\"image\"   data-photonic-deep=\"gallery[photonic-wp-stream-1]\/3066\/\" >\n\t\t\t\t<img alt=\"Agility-City-50-General-Marr\u00f3n-1-compressor\" src=\"https:\/\/www.kymco.es\/prensa\/wp-content\/uploads\/2020\/02\/agility-city-50-general-marron-1-compressor-300x200.jpg\"  class='square'  loading='eager'  width='300' height='200' \/>\n\t\t\t\t<figcaption class=\"photonic-title-info\"><div class=\"photonic-photo-title photonic-title\">Agility City 50, en marr\u00f3n. KYMCO Espa\u00f1a <\/div><\/figcaption>\n\t\t\t<\/a>\n\t\t<\/figure>\n\t\t<figure class='photonic-gallery-2c photonic-level-1 photonic-thumb'  style='--dw: 300; --dh: 200' >\n\t\t\t<a  class='photonic-launch-gallery launch-gallery-swipebox swipebox'  rel='lightbox-photonic-wp-stream-1'  href=\"https:\/\/www.kymco.es\/prensa\/wp-content\/uploads\/2020\/06\/agility-50-general-negro-2-1.jpg\" title=\"\" data-title=\"&lt;a href=&#039;https:\/\/www.kymco.es\/prensa\/agility_50_general_negro-2-2\/&#039; &gt;Ver&lt;\/a&gt;\"   data-photonic-media-type=\"image\"   data-photonic-deep=\"gallery[photonic-wp-stream-1]\/5504\/\" >\n\t\t\t\t<img alt=\"Agility_50_General_Negro 2\" src=\"https:\/\/www.kymco.es\/prensa\/wp-content\/uploads\/2020\/06\/agility-50-general-negro-2-1-300x200.jpg\"  class='square'  loading='eager'  width='300' height='200' \/>\n\t\t\t\t\n\t\t\t<\/a>\n\t\t<\/figure>\n\t<\/div> <!-- .\/photonic-level-1-container -->\n<span id='photonic-wp-stream-1-container-end'><\/span>\n<\/div><!-- .photonic-stream or .photonic-panel -->\n\n<p><strong>KYMCO cuenta con dos modelos de ciclomotor, Agility City 50 y Agility 50.<\/strong> KYMCO Espa\u00f1a<\/p>\n<p>&nbsp;<\/p>\n<p>&nbsp;<\/p>\n<ul>\n<li><strong>La marca celebra los seis meses de su vuelta a este mercado con el logro de convertirse de nuevo en la segunda marca del mercado de &lt;50 cc del canal Particular; y con un nuevo superventas, el modelo Agility City 50, que se ha colocado como el ciclomotor m\u00e1s demandado entre los usuarios particulares en Espa\u00f1a con una cuota del \u00a110%!, seg\u00fan datos acumulados de enero a julio de 2020. <\/strong><\/li>\n<\/ul>\n<p>&nbsp;<\/p>\n<p><strong>Madrid, 3 de agosto. <\/strong>KYMCO Espa\u00f1a celebra <strong>los seis primeros meses de la vuelta<\/strong> de la marca al mercado del ciclomotor (febrero a julio) con la recuperaci\u00f3n de su posicionamiento. KYMCO, que cuenta con dos ciclomotores en su gama, se ha colocado de nuevo <strong>como segunda marca del mercado de &lt;50 cc<\/strong> con el <strong>13,5 %<\/strong> de cuota en el canal Particular. Adem\u00e1s, ha logrado que su modelo <strong>Agility City 50<\/strong> sea el ciclomotor de mayor volumen de ventas en Espa\u00f1a entre los usuarios particulares con una cuota del \u00a110%!, seg\u00fan los datos acumulados en lo que va de a\u00f1o.<\/p>\n<p>En estos \u00faltimos seis meses, KYMCO ha sumado 678 matriculaciones de ciclomotores a usuarios particulares; la gran mayor\u00eda de ellas, 597 unidades, corresponde al modelo de rueda alta <strong>Agility City 50 (PVR 1.999 euros, seguro incluido)<\/strong>. Por su parte, <strong>Agility 50 (PVR 1.749 euros, seguro incluido)<\/strong>, de aspecto m\u00e1s robusto y funcional, ha registrado 81 matriculaciones en sus dos meses de comercializaci\u00f3n.<\/p>\n<p>Precisamente, con <strong>Agility City 50, <\/strong>KYMCO pon\u00eda en marcha el pasado mes de febrero el <strong>Plan del Ciclomotor KYMCO 2020<\/strong>, un plan dise\u00f1ado para recuperar un mercado conocido, de peso y de relevancia en Espa\u00f1a, cuyas acciones est\u00e1n encaminadas a ofrecer la gama m\u00e1s competitiva del mercado.<\/p>\n<p>En este sentido, KYMCO es la <strong>\u00fanica marca que incluye de serie un a\u00f1o de seguro obligatorio<\/strong> en su gama de ciclomotor. Adem\u00e1s, ofrece otros servicios, como <strong>descuentos y financiaci\u00f3n<\/strong> atractiva. Por ejemplo, los usuarios est\u00e1n adquiriendo el modelo Agility 50 por 39,94 euros al mes, o el Agility City 50 por solo 45,65 euros al mes, ambos con una p\u00f3liza de un a\u00f1o de seguro obligatorio incluida.<\/p>\n<p>KYMCO decidi\u00f3 <strong>despedirse del mercado del ciclomotor en 2016<\/strong> para centrar todos sus esfuerzos en el mercado de la motocicleta \u2013coincid\u00eda la llegada de la nueva homologaci\u00f3n Euro 4-. Entonces, KYMCO ced\u00eda su segundo puesto en el mercado del ciclomotor (a menos de 300 unidades del primero), un posicionamiento que acaba de recuperar y que prev\u00e9 consolidar con m\u00e1s fuerza, pese a encontrarse en un contexto a\u00fan m\u00e1s peque\u00f1o y m\u00e1s competitivo del que dej\u00f3 atr\u00e1s. En lo que va de a\u00f1o, con datos a 31 de julio, las ventas de ciclomotores se han anotado en Espa\u00f1a un recorte del 10,46 %, hasta acumular 8.737 unidades vendidas a los particulares.<\/p>\n","protected":false},"excerpt":{"rendered":"<p>La marca celebra los seis meses de su vuelta a este mercado con el logro de <strong>convertirse de nuevo en la segunda marca de este segmento en el canal Particular<\/strong>, y con un nuevo<strong> superventas, el Agility City 50<\/strong>, que con un<strong> \u00a110%! de cuota<\/strong> se ha convertido en el ciclomotor m\u00e1s demandado entre los particulares en Espa\u00f1a.<\/p>\n","protected":false},"author":2,"featured_media":3066,"comment_status":"closed","ping_status":"closed","sticky":false,"template":"","format":"standard","meta":[],"categories":[520,517,519],"tags":[],"yoast_head":"<!-- This site is optimized with the Yoast SEO plugin v17.1 - https:\/\/yoast.com\/wordpress\/plugins\/seo\/ -->\n<title>KYMCO recupera en 6 meses el pulso al Ciclomotor, aupado por la mayor competitividad de su gama - KYMCO Espa\u00f1a<\/title>\n<meta name=\"robots\" content=\"index, follow, max-snippet:-1, max-image-preview:large, max-video-preview:-1\" \/>\n<link rel=\"canonical\" href=\"https:\/\/www.kymco.es\/prensa\/nota-de-prensa\/kymco-recupera-en-6-meses-el-pulso-al-ciclomotor-aupado-por-la-mayor-competitividad-de-su-gama\/\" \/>\n<meta property=\"og:locale\" content=\"es_ES\" \/>\n<meta property=\"og:type\" content=\"article\" \/>\n<meta property=\"og:title\" content=\"KYMCO recupera en 6 meses el pulso al Ciclomotor, aupado por la mayor competitividad de su gama - KYMCO Espa\u00f1a\" \/>\n<meta property=\"og:description\" content=\"La marca celebra los seis meses de su vuelta a este mercado con el logro de convertirse de nuevo en la segunda marca de este segmento en el canal Particular, y con un nuevo superventas, el Agility City 50, que con un \u00a110%! de cuota se ha convertido en el ciclomotor m\u00e1s demandado entre los particulares en Espa\u00f1a.\" \/>\n<meta property=\"og:url\" content=\"https:\/\/www.kymco.es\/prensa\/nota-de-prensa\/kymco-recupera-en-6-meses-el-pulso-al-ciclomotor-aupado-por-la-mayor-competitividad-de-su-gama\/\" \/>\n<meta property=\"og:site_name\" content=\"KYMCO Espa\u00f1a\" \/>\n<meta property=\"article:published_time\" content=\"2020-08-03T10:29:57+00:00\" \/>\n<meta property=\"article:modified_time\" content=\"2020-09-23T14:53:19+00:00\" \/>\n<meta property=\"og:image\" content=\"https:\/\/www.kymco.es\/prensa\/wp-content\/uploads\/2020\/02\/agility-city-50-general-marron-1-compressor.jpg\" \/>\n\t<meta property=\"og:image:width\" content=\"2161\" \/>\n\t<meta property=\"og:image:height\" content=\"1440\" \/>\n<meta name=\"twitter:card\" content=\"summary_large_image\" \/>\n<meta name=\"twitter:label1\" content=\"Escrito por\" \/>\n\t<meta name=\"twitter:data1\" content=\"KYMCO Espa\u00f1a\" \/>\n\t<meta name=\"twitter:label2\" content=\"Tiempo de lectura\" \/>\n\t<meta name=\"twitter:data2\" content=\"3 minutos\" \/>\n<script type=\"application\/ld+json\" class=\"yoast-schema-graph\">{\"@context\":\"https:\/\/schema.org\",\"@graph\":[{\"@type\":\"WebSite\",\"@id\":\"https:\/\/www.kymco.es\/prensa\/#website\",\"url\":\"https:\/\/www.kymco.es\/prensa\/\",\"name\":\"KYMCO Espa\\u00f1a\",\"description\":\"Marca de movilidad personal\",\"potentialAction\":[{\"@type\":\"SearchAction\",\"target\":{\"@type\":\"EntryPoint\",\"urlTemplate\":\"https:\/\/www.kymco.es\/prensa\/?s={search_term_string}\"},\"query-input\":\"required name=search_term_string\"}],\"inLanguage\":\"es\"},{\"@type\":\"ImageObject\",\"@id\":\"https:\/\/www.kymco.es\/prensa\/nota-de-prensa\/kymco-recupera-en-6-meses-el-pulso-al-ciclomotor-aupado-por-la-mayor-competitividad-de-su-gama\/#primaryimage\",\"inLanguage\":\"es\",\"url\":\"https:\/\/www.kymco.es\/prensa\/wp-content\/uploads\/2020\/02\/agility-city-50-general-marron-1-compressor.jpg\",\"contentUrl\":\"https:\/\/www.kymco.es\/prensa\/wp-content\/uploads\/2020\/02\/agility-city-50-general-marron-1-compressor.jpg\",\"width\":2161,\"height\":1440,\"caption\":\"Agility City 50, en marr\\u00f3n. KYMCO Espa\\u00f1a\"},{\"@type\":\"WebPage\",\"@id\":\"https:\/\/www.kymco.es\/prensa\/nota-de-prensa\/kymco-recupera-en-6-meses-el-pulso-al-ciclomotor-aupado-por-la-mayor-competitividad-de-su-gama\/#webpage\",\"url\":\"https:\/\/www.kymco.es\/prensa\/nota-de-prensa\/kymco-recupera-en-6-meses-el-pulso-al-ciclomotor-aupado-por-la-mayor-competitividad-de-su-gama\/\",\"name\":\"KYMCO recupera en 6 meses el pulso al Ciclomotor, aupado por la mayor competitividad de su gama - KYMCO Espa\\u00f1a\",\"isPartOf\":{\"@id\":\"https:\/\/www.kymco.es\/prensa\/#website\"},\"primaryImageOfPage\":{\"@id\":\"https:\/\/www.kymco.es\/prensa\/nota-de-prensa\/kymco-recupera-en-6-meses-el-pulso-al-ciclomotor-aupado-por-la-mayor-competitividad-de-su-gama\/#primaryimage\"},\"datePublished\":\"2020-08-03T10:29:57+00:00\",\"dateModified\":\"2020-09-23T14:53:19+00:00\",\"author\":{\"@id\":\"https:\/\/www.kymco.es\/prensa\/#\/schema\/person\/b315bb551f7fe40b3f8f1b4768f556c4\"},\"breadcrumb\":{\"@id\":\"https:\/\/www.kymco.es\/prensa\/nota-de-prensa\/kymco-recupera-en-6-meses-el-pulso-al-ciclomotor-aupado-por-la-mayor-competitividad-de-su-gama\/#breadcrumb\"},\"inLanguage\":\"es\",\"potentialAction\":[{\"@type\":\"ReadAction\",\"target\":[\"https:\/\/www.kymco.es\/prensa\/nota-de-prensa\/kymco-recupera-en-6-meses-el-pulso-al-ciclomotor-aupado-por-la-mayor-competitividad-de-su-gama\/\"]}]},{\"@type\":\"BreadcrumbList\",\"@id\":\"https:\/\/www.kymco.es\/prensa\/nota-de-prensa\/kymco-recupera-en-6-meses-el-pulso-al-ciclomotor-aupado-por-la-mayor-competitividad-de-su-gama\/#breadcrumb\",\"itemListElement\":[{\"@type\":\"ListItem\",\"position\":1,\"name\":\"Portada\",\"item\":\"https:\/\/www.kymco.es\/prensa\/\"},{\"@type\":\"ListItem\",\"position\":2,\"name\":\"KYMCO recupera en 6 meses el pulso al Ciclomotor, aupado por la mayor competitividad de su gama\"}]},{\"@type\":\"Person\",\"@id\":\"https:\/\/www.kymco.es\/prensa\/#\/schema\/person\/b315bb551f7fe40b3f8f1b4768f556c4\",\"name\":\"KYMCO Espa\\u00f1a\",\"url\":\"https:\/\/www.kymco.es\/prensa\/author\/vanessasaedrin\/\"}]}<\/script>\n<!-- \/ Yoast SEO plugin. -->","yoast_head_json":{"title":"KYMCO recupera en 6 meses el pulso al Ciclomotor, aupado por la mayor competitividad de su gama - KYMCO Espa\u00f1a","robots":{"index":"index","follow":"follow","max-snippet":"max-snippet:-1","max-image-preview":"max-image-preview:large","max-video-preview":"max-video-preview:-1"},"canonical":"https:\/\/www.kymco.es\/prensa\/nota-de-prensa\/kymco-recupera-en-6-meses-el-pulso-al-ciclomotor-aupado-por-la-mayor-competitividad-de-su-gama\/","og_locale":"es_ES","og_type":"article","og_title":"KYMCO recupera en 6 meses el pulso al Ciclomotor, aupado por la mayor competitividad de su gama - KYMCO Espa\u00f1a","og_description":"La marca celebra los seis meses de su vuelta a este mercado con el logro de convertirse de nuevo en la segunda marca de este segmento en el canal Particular, y con un nuevo superventas, el Agility City 50, que con un \u00a110%! de cuota se ha convertido en el ciclomotor m\u00e1s demandado entre los particulares en Espa\u00f1a.","og_url":"https:\/\/www.kymco.es\/prensa\/nota-de-prensa\/kymco-recupera-en-6-meses-el-pulso-al-ciclomotor-aupado-por-la-mayor-competitividad-de-su-gama\/","og_site_name":"KYMCO Espa\u00f1a","article_published_time":"2020-08-03T10:29:57+00:00","article_modified_time":"2020-09-23T14:53:19+00:00","og_image":[{"width":2161,"height":1440,"url":"https:\/\/www.kymco.es\/prensa\/wp-content\/uploads\/2020\/02\/agility-city-50-general-marron-1-compressor.jpg","path":"\/var\/www\/html\/kymco.es\/prensa\/wp-content\/uploads\/2020\/02\/agility-city-50-general-marron-1-compressor.jpg","size":"full","id":3066,"alt":"","pixels":3111840,"type":"image\/jpeg"}],"twitter_card":"summary_large_image","twitter_misc":{"Escrito por":"KYMCO Espa\u00f1a","Tiempo de lectura":"3 minutos"},"schema":{"@context":"https:\/\/schema.org","@graph":[{"@type":"WebSite","@id":"https:\/\/www.kymco.es\/prensa\/#website","url":"https:\/\/www.kymco.es\/prensa\/","name":"KYMCO Espa\u00f1a","description":"Marca de movilidad personal","potentialAction":[{"@type":"SearchAction","target":{"@type":"EntryPoint","urlTemplate":"https:\/\/www.kymco.es\/prensa\/?s={search_term_string}"},"query-input":"required name=search_term_string"}],"inLanguage":"es"},{"@type":"ImageObject","@id":"https:\/\/www.kymco.es\/prensa\/nota-de-prensa\/kymco-recupera-en-6-meses-el-pulso-al-ciclomotor-aupado-por-la-mayor-competitividad-de-su-gama\/#primaryimage","inLanguage":"es","url":"https:\/\/www.kymco.es\/prensa\/wp-content\/uploads\/2020\/02\/agility-city-50-general-marron-1-compressor.jpg","contentUrl":"https:\/\/www.kymco.es\/prensa\/wp-content\/uploads\/2020\/02\/agility-city-50-general-marron-1-compressor.jpg","width":2161,"height":1440,"caption":"Agility City 50, en marr\u00f3n. KYMCO Espa\u00f1a"},{"@type":"WebPage","@id":"https:\/\/www.kymco.es\/prensa\/nota-de-prensa\/kymco-recupera-en-6-meses-el-pulso-al-ciclomotor-aupado-por-la-mayor-competitividad-de-su-gama\/#webpage","url":"https:\/\/www.kymco.es\/prensa\/nota-de-prensa\/kymco-recupera-en-6-meses-el-pulso-al-ciclomotor-aupado-por-la-mayor-competitividad-de-su-gama\/","name":"KYMCO recupera en 6 meses el pulso al Ciclomotor, aupado por la mayor competitividad de su gama - KYMCO Espa\u00f1a","isPartOf":{"@id":"https:\/\/www.kymco.es\/prensa\/#website"},"primaryImageOfPage":{"@id":"https:\/\/www.kymco.es\/prensa\/nota-de-prensa\/kymco-recupera-en-6-meses-el-pulso-al-ciclomotor-aupado-por-la-mayor-competitividad-de-su-gama\/#primaryimage"},"datePublished":"2020-08-03T10:29:57+00:00","dateModified":"2020-09-23T14:53:19+00:00","author":{"@id":"https:\/\/www.kymco.es\/prensa\/#\/schema\/person\/b315bb551f7fe40b3f8f1b4768f556c4"},"breadcrumb":{"@id":"https:\/\/www.kymco.es\/prensa\/nota-de-prensa\/kymco-recupera-en-6-meses-el-pulso-al-ciclomotor-aupado-por-la-mayor-competitividad-de-su-gama\/#breadcrumb"},"inLanguage":"es","potentialAction":[{"@type":"ReadAction","target":["https:\/\/www.kymco.es\/prensa\/nota-de-prensa\/kymco-recupera-en-6-meses-el-pulso-al-ciclomotor-aupado-por-la-mayor-competitividad-de-su-gama\/"]}]},{"@type":"BreadcrumbList","@id":"https:\/\/www.kymco.es\/prensa\/nota-de-prensa\/kymco-recupera-en-6-meses-el-pulso-al-ciclomotor-aupado-por-la-mayor-competitividad-de-su-gama\/#breadcrumb","itemListElement":[{"@type":"ListItem","position":1,"name":"Portada","item":"https:\/\/www.kymco.es\/prensa\/"},{"@type":"ListItem","position":2,"name":"KYMCO recupera en 6 meses el pulso al Ciclomotor, aupado por la mayor competitividad de su gama"}]},{"@type":"Person","@id":"https:\/\/www.kymco.es\/prensa\/#\/schema\/person\/b315bb551f7fe40b3f8f1b4768f556c4","name":"KYMCO Espa\u00f1a","url":"https:\/\/www.kymco.es\/prensa\/author\/vanessasaedrin\/"}]}},"_links":{"self":[{"href":"https:\/\/www.kymco.es\/prensa\/wp-json\/wp\/v2\/posts\/7064"}],"collection":[{"href":"https:\/\/www.kymco.es\/prensa\/wp-json\/wp\/v2\/posts"}],"about":[{"href":"https:\/\/www.kymco.es\/prensa\/wp-json\/wp\/v2\/types\/post"}],"author":[{"embeddable":true,"href":"https:\/\/www.kymco.es\/prensa\/wp-json\/wp\/v2\/users\/2"}],"replies":[{"embeddable":true,"href":"https:\/\/www.kymco.es\/prensa\/wp-json\/wp\/v2\/comments?post=7064"}],"version-history":[{"count":5,"href":"https:\/\/www.kymco.es\/prensa\/wp-json\/wp\/v2\/posts\/7064\/revisions"}],"predecessor-version":[{"id":7262,"href":"https:\/\/www.kymco.es\/prensa\/wp-json\/wp\/v2\/posts\/7064\/revisions\/7262"}],"wp:featuredmedia":[{"embeddable":true,"href":"https:\/\/www.kymco.es\/prensa\/wp-json\/wp\/v2\/media\/3066"}],"wp:attachment":[{"href":"https:\/\/www.kymco.es\/prensa\/wp-json\/wp\/v2\/media?parent=7064"}],"wp:term":[{"taxonomy":"category","embeddable":true,"href":"https:\/\/www.kymco.es\/prensa\/wp-json\/wp\/v2\/categories?post=7064"},{"taxonomy":"post_tag","embeddable":true,"href":"https:\/\/www.kymco.es\/prensa\/wp-json\/wp\/v2\/tags?post=7064"}],"curies":[{"name":"wp","href":"https:\/\/api.w.org\/{rel}","templated":true}]}}