{"id":6842,"date":"2018-08-06T10:38:52","date_gmt":"2018-08-06T08:38:52","guid":{"rendered":"https:\/\/kymco.es\/prensa\/?p=6842"},"modified":"2020-07-28T18:41:21","modified_gmt":"2020-07-28T16:41:21","slug":"people-s-nuevo-referente-de-los-scooters-de-rueda-alta-de-kymco-llega-a-espana-en-septiembre-a-un-precio-recomendado-de-2-988-euros","status":"publish","type":"post","link":"https:\/\/www.kymco.es\/prensa\/nota-de-prensa\/people-s-nuevo-referente-de-los-scooters-de-rueda-alta-de-kymco-llega-a-espana-en-septiembre-a-un-precio-recomendado-de-2-988-euros\/","title":{"rendered":"People S, nuevo referente de los scooters de rueda alta de KYMCO, llega a Espa\u00f1a en septiembre a un precio recomendado de 2.988 euros"},"content":{"rendered":"<div id=\"attachment_4819\" style=\"width: 1034px\" class=\"wp-caption alignnone\"><a href=\"https:\/\/www.kymco.es\/prensa\/wp-content\/uploads\/2020\/06\/people-s-125-general-marron-2.jpg\"><img aria-describedby=\"caption-attachment-4819\" class=\"size-large wp-image-4819\" src=\"https:\/\/www.kymco.es\/prensa\/wp-content\/uploads\/2020\/06\/people-s-125-general-marron-2-1024x683.jpg\" alt=\"\" width=\"1024\" height=\"683\" srcset=\"https:\/\/www.kymco.es\/prensa\/wp-content\/uploads\/2020\/06\/people-s-125-general-marron-2-200x133.jpg 200w, https:\/\/www.kymco.es\/prensa\/wp-content\/uploads\/2020\/06\/people-s-125-general-marron-2-300x200.jpg 300w, https:\/\/www.kymco.es\/prensa\/wp-content\/uploads\/2020\/06\/people-s-125-general-marron-2-370x247.jpg 370w, https:\/\/www.kymco.es\/prensa\/wp-content\/uploads\/2020\/06\/people-s-125-general-marron-2-400x267.jpg 400w, https:\/\/www.kymco.es\/prensa\/wp-content\/uploads\/2020\/06\/people-s-125-general-marron-2-600x400.jpg 600w, https:\/\/www.kymco.es\/prensa\/wp-content\/uploads\/2020\/06\/people-s-125-general-marron-2-768x512.jpg 768w, https:\/\/www.kymco.es\/prensa\/wp-content\/uploads\/2020\/06\/people-s-125-general-marron-2-800x534.jpg 800w, https:\/\/www.kymco.es\/prensa\/wp-content\/uploads\/2020\/06\/people-s-125-general-marron-2-900x600.jpg 900w, https:\/\/www.kymco.es\/prensa\/wp-content\/uploads\/2020\/06\/people-s-125-general-marron-2-1024x683.jpg 1024w, https:\/\/www.kymco.es\/prensa\/wp-content\/uploads\/2020\/06\/people-s-125-general-marron-2-1200x800.jpg 1200w, https:\/\/www.kymco.es\/prensa\/wp-content\/uploads\/2020\/06\/people-s-125-general-marron-2-1536x1024.jpg 1536w\" sizes=\"(max-width: 1024px) 100vw, 1024px\" \/><\/a><p id=\"caption-attachment-4819\" class=\"wp-caption-text\"><strong>Versi\u00f3n m\u00e1s intensa y genuina de People S 125, en &#8216;Marr\u00f3n Moka&#8217;.<\/strong> KYMCO Espa\u00f1a<\/p><\/div>\n<p>&nbsp;<\/p>\n<ul>\n<li><strong>Nuevo motor pensado para Euro 5 y ABS<\/strong><\/li>\n<li><strong>Cofre con capacidad para guardar un casco integral y compartimento extra de 6,5 litros, <em>full<\/em> LED y tablero digital.<\/strong><\/li>\n<li><strong>Mejoras exclusivas para el mercado espa\u00f1ol y posicionamiento muy competitivo.<\/strong><\/li>\n<\/ul>\n<p><strong>Madrid, 6 de agosto.<\/strong> La primera marca de movilidad urbana KYMCO Espa\u00f1a ha anunciado que lanzar\u00e1 en septiembre el nuevo People S en 125 cc, la nueva generaci\u00f3n de los scooters de rueda alta de KYMCO, que llega con importantes novedades y con un precio muy competitivo. Con el nuevo lanzamiento, KYMCO Espa\u00f1a contin\u00faa con su objetivo de ofrecer <strong>la gama 125 cc m\u00e1s competitiva del mercado<\/strong>, formada en la actualidad por 8 scooters urbanos, cada uno de ellos con un claro posicionamiento.<\/p>\n<p>En cuanto a sus novedades t\u00e9cnicas, el nuevo People S 125 equipa el <strong>nuevo motor dise\u00f1ado por KYMCO <\/strong>para cumplir con las exigentes normativas medioambientales que est\u00e1n por llegar (en Europa, <strong>Euro 5 en 2020<\/strong>). Dicho motor de 4 v\u00e1lvulas y de emisiones y rumorosidad extremadamente bajas est\u00e1 presente ya en el nuevo Like 125, lanzado el pasado mes de abril, y servir\u00e1 de plataforma para otros nuevos desarrollos. Cuenta adem\u00e1s con <strong>ABS <\/strong>y est\u00e1 equipado de un sistema luminoso <strong><em>full<\/em> LED<\/strong>, incluido el faro delantero, y tablero digital multifunci\u00f3n.<\/p>\n<p>&nbsp;<\/p>\n<p><a href=\"https:\/\/www.kymco.es\/prensa\/wp-content\/uploads\/2018\/08\/people-s-125-detalle-marron-4-3.jpg\"><img class=\"wp-image-6858 aligncenter\" src=\"https:\/\/www.kymco.es\/prensa\/wp-content\/uploads\/2018\/08\/people-s-125-detalle-marron-4-3-1024x683.jpg\" alt=\"\" width=\"506\" height=\"337\" srcset=\"https:\/\/www.kymco.es\/prensa\/wp-content\/uploads\/2018\/08\/people-s-125-detalle-marron-4-3-200x133.jpg 200w, https:\/\/www.kymco.es\/prensa\/wp-content\/uploads\/2018\/08\/people-s-125-detalle-marron-4-3-300x200.jpg 300w, https:\/\/www.kymco.es\/prensa\/wp-content\/uploads\/2018\/08\/people-s-125-detalle-marron-4-3-370x247.jpg 370w, https:\/\/www.kymco.es\/prensa\/wp-content\/uploads\/2018\/08\/people-s-125-detalle-marron-4-3-400x267.jpg 400w, https:\/\/www.kymco.es\/prensa\/wp-content\/uploads\/2018\/08\/people-s-125-detalle-marron-4-3-600x400.jpg 600w, https:\/\/www.kymco.es\/prensa\/wp-content\/uploads\/2018\/08\/people-s-125-detalle-marron-4-3-768x512.jpg 768w, https:\/\/www.kymco.es\/prensa\/wp-content\/uploads\/2018\/08\/people-s-125-detalle-marron-4-3-800x533.jpg 800w, https:\/\/www.kymco.es\/prensa\/wp-content\/uploads\/2018\/08\/people-s-125-detalle-marron-4-3-900x600.jpg 900w, https:\/\/www.kymco.es\/prensa\/wp-content\/uploads\/2018\/08\/people-s-125-detalle-marron-4-3-1024x683.jpg 1024w, https:\/\/www.kymco.es\/prensa\/wp-content\/uploads\/2018\/08\/people-s-125-detalle-marron-4-3.jpg 1200w\" sizes=\"(max-width: 506px) 100vw, 506px\" \/><\/a><\/p>\n<p>&nbsp;<\/p>\n<p>Junto a estas importantes caracter\u00edsticas, destaca su principal elemento diferenciador: su mayor espacio de almacenamiento. People S 125 dispone de un<strong> cofre con capacidad para guardar un casco integral y otros elementos<\/strong> en el compartimento con panel extra\u00edble de 6,5 litros. Su gran capacidad es fruto del nuevo dise\u00f1o del chasis y subchasis trasero, la reubicaci\u00f3n de diversos componentes, como la colocaci\u00f3n de la bater\u00eda en la parte frontal, y al trabajo interior del espacio trasero.<\/p>\n<p>Por su parte, KYMCO Espa\u00f1a ha trabajado en el \u00faltimo a\u00f1o en implementar una serie de<strong> mejoras exclusivas <\/strong>para adaptar el veh\u00edculo a las exigencias y necesidades de los usuarios espa\u00f1oles, como son las nuevas suspensiones; en mantener el posicionamiento competitivo del veh\u00edculo por debajo de los 3.000 euros y en ofrecer las mejores condiciones y servicios.<\/p>\n<p>El nuevo People S 125 estar\u00e1 disponible en la red KYMCO de Espa\u00f1a durante el mes de septiembre en cuatro colores (<strong>rojo, azul, marr\u00f3n y gris<\/strong>) a un precio recomendado de solo 2.988 euros. Est\u00e1 incluido en el <strong>programa GENIUS<\/strong> de KYMCO Espa\u00f1a, por lo que dicho PVR incluye un a\u00f1o de seguro <strong>obligatorio con cobertura de robo,<\/strong> convertible en un seguro a todo riesgo por 65 euros. Siguiendo con las ventajas de dicho programa, el usuario tiene la posibilidad de aumentar la garant\u00eda hasta cuatro a\u00f1os por 75 euros y de financiar al 0% TAE las reparaciones y revisiones.<\/p>\n","protected":false},"excerpt":{"rendered":"<p>Lo m\u00e1s llamativo del nuevo scooter de 125 cc de KYMCO es su gran espacio bajo el asiento, con capacidad para guardar un casco integral y otros elementos. Es sumamente competitivo, ya que es el \u00fanico veh\u00edculo de estas caracter\u00edsticas cuyo PVR se coloca por debajo del umbral de los 3.000 euros, y adem\u00e1s, incluye de serie un a\u00f1o de seguro obligatorio con cobertura de robo. KYMCO ofrece a los usuarios convertir el seguro de serie en un todo riesgo por solo 65 euros.\u00a0<\/p>\n","protected":false},"author":2,"featured_media":3947,"comment_status":"closed","ping_status":"closed","sticky":false,"template":"","format":"standard","meta":[],"categories":[520,449],"tags":[],"yoast_head":"<!-- This site is optimized with the Yoast SEO plugin v17.1 - https:\/\/yoast.com\/wordpress\/plugins\/seo\/ -->\n<title>People S, nuevo referente de los scooters de rueda alta de KYMCO, llega a Espa\u00f1a en septiembre a un precio recomendado de 2.988 euros - KYMCO Espa\u00f1a<\/title>\n<meta name=\"robots\" content=\"index, follow, max-snippet:-1, max-image-preview:large, max-video-preview:-1\" \/>\n<link rel=\"canonical\" href=\"https:\/\/www.kymco.es\/prensa\/nota-de-prensa\/people-s-nuevo-referente-de-los-scooters-de-rueda-alta-de-kymco-llega-a-espana-en-septiembre-a-un-precio-recomendado-de-2-988-euros\/\" \/>\n<meta property=\"og:locale\" content=\"es_ES\" \/>\n<meta property=\"og:type\" content=\"article\" \/>\n<meta property=\"og:title\" content=\"People S, nuevo referente de los scooters de rueda alta de KYMCO, llega a Espa\u00f1a en septiembre a un precio recomendado de 2.988 euros - KYMCO Espa\u00f1a\" \/>\n<meta property=\"og:description\" content=\"Lo m\u00e1s llamativo del nuevo scooter de 125 cc de KYMCO es su gran espacio bajo el asiento, con capacidad para guardar un casco integral y otros elementos. Es sumamente competitivo, ya que es el \u00fanico veh\u00edculo de estas caracter\u00edsticas cuyo PVR se coloca por debajo del umbral de los 3.000 euros, y adem\u00e1s, incluye de serie un a\u00f1o de seguro obligatorio con cobertura de robo. KYMCO ofrece a los usuarios convertir el seguro de serie en un todo riesgo por solo 65 euros.\u00a0\" \/>\n<meta property=\"og:url\" content=\"https:\/\/www.kymco.es\/prensa\/nota-de-prensa\/people-s-nuevo-referente-de-los-scooters-de-rueda-alta-de-kymco-llega-a-espana-en-septiembre-a-un-precio-recomendado-de-2-988-euros\/\" \/>\n<meta property=\"og:site_name\" content=\"KYMCO Espa\u00f1a\" \/>\n<meta property=\"article:published_time\" content=\"2018-08-06T08:38:52+00:00\" \/>\n<meta property=\"article:modified_time\" content=\"2020-07-28T16:41:21+00:00\" \/>\n<meta property=\"og:image\" content=\"https:\/\/kymco.es\/prensa\/wp-content\/uploads\/2020\/04\/people-s-125-general-marron-2.jpg\" \/>\n\t<meta property=\"og:image:width\" content=\"2159\" \/>\n\t<meta property=\"og:image:height\" content=\"1440\" \/>\n<meta name=\"twitter:card\" content=\"summary_large_image\" \/>\n<meta name=\"twitter:label1\" content=\"Escrito por\" \/>\n\t<meta name=\"twitter:data1\" content=\"KYMCO Espa\u00f1a\" \/>\n\t<meta name=\"twitter:label2\" content=\"Tiempo de lectura\" \/>\n\t<meta name=\"twitter:data2\" content=\"2 minutos\" \/>\n<script type=\"application\/ld+json\" class=\"yoast-schema-graph\">{\"@context\":\"https:\/\/schema.org\",\"@graph\":[{\"@type\":\"WebSite\",\"@id\":\"https:\/\/www.kymco.es\/prensa\/#website\",\"url\":\"https:\/\/www.kymco.es\/prensa\/\",\"name\":\"KYMCO Espa\\u00f1a\",\"description\":\"Marca de movilidad personal\",\"potentialAction\":[{\"@type\":\"SearchAction\",\"target\":{\"@type\":\"EntryPoint\",\"urlTemplate\":\"https:\/\/www.kymco.es\/prensa\/?s={search_term_string}\"},\"query-input\":\"required name=search_term_string\"}],\"inLanguage\":\"es\"},{\"@type\":\"ImageObject\",\"@id\":\"https:\/\/www.kymco.es\/prensa\/nota-de-prensa\/people-s-nuevo-referente-de-los-scooters-de-rueda-alta-de-kymco-llega-a-espana-en-septiembre-a-un-precio-recomendado-de-2-988-euros\/#primaryimage\",\"inLanguage\":\"es\",\"url\":\"https:\/\/www.kymco.es\/prensa\/wp-content\/uploads\/2020\/04\/people-s-125-general-marron-2.jpg\",\"contentUrl\":\"https:\/\/www.kymco.es\/prensa\/wp-content\/uploads\/2020\/04\/people-s-125-general-marron-2.jpg\",\"width\":2159,\"height\":1440,\"caption\":\"People S 125, en marr\\u00f3n. KYMCO Espa\\u00f1a\"},{\"@type\":\"WebPage\",\"@id\":\"https:\/\/www.kymco.es\/prensa\/nota-de-prensa\/people-s-nuevo-referente-de-los-scooters-de-rueda-alta-de-kymco-llega-a-espana-en-septiembre-a-un-precio-recomendado-de-2-988-euros\/#webpage\",\"url\":\"https:\/\/www.kymco.es\/prensa\/nota-de-prensa\/people-s-nuevo-referente-de-los-scooters-de-rueda-alta-de-kymco-llega-a-espana-en-septiembre-a-un-precio-recomendado-de-2-988-euros\/\",\"name\":\"People S, nuevo referente de los scooters de rueda alta de KYMCO, llega a Espa\\u00f1a en septiembre a un precio recomendado de 2.988 euros - KYMCO Espa\\u00f1a\",\"isPartOf\":{\"@id\":\"https:\/\/www.kymco.es\/prensa\/#website\"},\"primaryImageOfPage\":{\"@id\":\"https:\/\/www.kymco.es\/prensa\/nota-de-prensa\/people-s-nuevo-referente-de-los-scooters-de-rueda-alta-de-kymco-llega-a-espana-en-septiembre-a-un-precio-recomendado-de-2-988-euros\/#primaryimage\"},\"datePublished\":\"2018-08-06T08:38:52+00:00\",\"dateModified\":\"2020-07-28T16:41:21+00:00\",\"author\":{\"@id\":\"https:\/\/www.kymco.es\/prensa\/#\/schema\/person\/b315bb551f7fe40b3f8f1b4768f556c4\"},\"breadcrumb\":{\"@id\":\"https:\/\/www.kymco.es\/prensa\/nota-de-prensa\/people-s-nuevo-referente-de-los-scooters-de-rueda-alta-de-kymco-llega-a-espana-en-septiembre-a-un-precio-recomendado-de-2-988-euros\/#breadcrumb\"},\"inLanguage\":\"es\",\"potentialAction\":[{\"@type\":\"ReadAction\",\"target\":[\"https:\/\/www.kymco.es\/prensa\/nota-de-prensa\/people-s-nuevo-referente-de-los-scooters-de-rueda-alta-de-kymco-llega-a-espana-en-septiembre-a-un-precio-recomendado-de-2-988-euros\/\"]}]},{\"@type\":\"BreadcrumbList\",\"@id\":\"https:\/\/www.kymco.es\/prensa\/nota-de-prensa\/people-s-nuevo-referente-de-los-scooters-de-rueda-alta-de-kymco-llega-a-espana-en-septiembre-a-un-precio-recomendado-de-2-988-euros\/#breadcrumb\",\"itemListElement\":[{\"@type\":\"ListItem\",\"position\":1,\"name\":\"Portada\",\"item\":\"https:\/\/www.kymco.es\/prensa\/\"},{\"@type\":\"ListItem\",\"position\":2,\"name\":\"People S, nuevo referente de los scooters de rueda alta de KYMCO, llega a Espa\\u00f1a en septiembre a un precio recomendado de 2.988 euros\"}]},{\"@type\":\"Person\",\"@id\":\"https:\/\/www.kymco.es\/prensa\/#\/schema\/person\/b315bb551f7fe40b3f8f1b4768f556c4\",\"name\":\"KYMCO Espa\\u00f1a\",\"url\":\"https:\/\/www.kymco.es\/prensa\/author\/vanessasaedrin\/\"}]}<\/script>\n<!-- \/ Yoast SEO plugin. -->","yoast_head_json":{"title":"People S, nuevo referente de los scooters de rueda alta de KYMCO, llega a Espa\u00f1a en septiembre a un precio recomendado de 2.988 euros - KYMCO Espa\u00f1a","robots":{"index":"index","follow":"follow","max-snippet":"max-snippet:-1","max-image-preview":"max-image-preview:large","max-video-preview":"max-video-preview:-1"},"canonical":"https:\/\/www.kymco.es\/prensa\/nota-de-prensa\/people-s-nuevo-referente-de-los-scooters-de-rueda-alta-de-kymco-llega-a-espana-en-septiembre-a-un-precio-recomendado-de-2-988-euros\/","og_locale":"es_ES","og_type":"article","og_title":"People S, nuevo referente de los scooters de rueda alta de KYMCO, llega a Espa\u00f1a en septiembre a un precio recomendado de 2.988 euros - KYMCO Espa\u00f1a","og_description":"Lo m\u00e1s llamativo del nuevo scooter de 125 cc de KYMCO es su gran espacio bajo el asiento, con capacidad para guardar un casco integral y otros elementos. Es sumamente competitivo, ya que es el \u00fanico veh\u00edculo de estas caracter\u00edsticas cuyo PVR se coloca por debajo del umbral de los 3.000 euros, y adem\u00e1s, incluye de serie un a\u00f1o de seguro obligatorio con cobertura de robo. KYMCO ofrece a los usuarios convertir el seguro de serie en un todo riesgo por solo 65 euros.\u00a0","og_url":"https:\/\/www.kymco.es\/prensa\/nota-de-prensa\/people-s-nuevo-referente-de-los-scooters-de-rueda-alta-de-kymco-llega-a-espana-en-septiembre-a-un-precio-recomendado-de-2-988-euros\/","og_site_name":"KYMCO Espa\u00f1a","article_published_time":"2018-08-06T08:38:52+00:00","article_modified_time":"2020-07-28T16:41:21+00:00","og_image":[{"width":2159,"height":1440,"url":"https:\/\/kymco.es\/prensa\/wp-content\/uploads\/2020\/04\/people-s-125-general-marron-2.jpg","path":"\/var\/www\/html\/kymco.es\/prensa\/wp-content\/uploads\/2020\/04\/people-s-125-general-marron-2.jpg","size":"full","id":3947,"alt":"","pixels":3108960,"type":"image\/jpeg"}],"twitter_card":"summary_large_image","twitter_misc":{"Escrito por":"KYMCO Espa\u00f1a","Tiempo de lectura":"2 minutos"},"schema":{"@context":"https:\/\/schema.org","@graph":[{"@type":"WebSite","@id":"https:\/\/www.kymco.es\/prensa\/#website","url":"https:\/\/www.kymco.es\/prensa\/","name":"KYMCO Espa\u00f1a","description":"Marca de movilidad personal","potentialAction":[{"@type":"SearchAction","target":{"@type":"EntryPoint","urlTemplate":"https:\/\/www.kymco.es\/prensa\/?s={search_term_string}"},"query-input":"required name=search_term_string"}],"inLanguage":"es"},{"@type":"ImageObject","@id":"https:\/\/www.kymco.es\/prensa\/nota-de-prensa\/people-s-nuevo-referente-de-los-scooters-de-rueda-alta-de-kymco-llega-a-espana-en-septiembre-a-un-precio-recomendado-de-2-988-euros\/#primaryimage","inLanguage":"es","url":"https:\/\/www.kymco.es\/prensa\/wp-content\/uploads\/2020\/04\/people-s-125-general-marron-2.jpg","contentUrl":"https:\/\/www.kymco.es\/prensa\/wp-content\/uploads\/2020\/04\/people-s-125-general-marron-2.jpg","width":2159,"height":1440,"caption":"People S 125, en marr\u00f3n. KYMCO Espa\u00f1a"},{"@type":"WebPage","@id":"https:\/\/www.kymco.es\/prensa\/nota-de-prensa\/people-s-nuevo-referente-de-los-scooters-de-rueda-alta-de-kymco-llega-a-espana-en-septiembre-a-un-precio-recomendado-de-2-988-euros\/#webpage","url":"https:\/\/www.kymco.es\/prensa\/nota-de-prensa\/people-s-nuevo-referente-de-los-scooters-de-rueda-alta-de-kymco-llega-a-espana-en-septiembre-a-un-precio-recomendado-de-2-988-euros\/","name":"People S, nuevo referente de los scooters de rueda alta de KYMCO, llega a Espa\u00f1a en septiembre a un precio recomendado de 2.988 euros - KYMCO Espa\u00f1a","isPartOf":{"@id":"https:\/\/www.kymco.es\/prensa\/#website"},"primaryImageOfPage":{"@id":"https:\/\/www.kymco.es\/prensa\/nota-de-prensa\/people-s-nuevo-referente-de-los-scooters-de-rueda-alta-de-kymco-llega-a-espana-en-septiembre-a-un-precio-recomendado-de-2-988-euros\/#primaryimage"},"datePublished":"2018-08-06T08:38:52+00:00","dateModified":"2020-07-28T16:41:21+00:00","author":{"@id":"https:\/\/www.kymco.es\/prensa\/#\/schema\/person\/b315bb551f7fe40b3f8f1b4768f556c4"},"breadcrumb":{"@id":"https:\/\/www.kymco.es\/prensa\/nota-de-prensa\/people-s-nuevo-referente-de-los-scooters-de-rueda-alta-de-kymco-llega-a-espana-en-septiembre-a-un-precio-recomendado-de-2-988-euros\/#breadcrumb"},"inLanguage":"es","potentialAction":[{"@type":"ReadAction","target":["https:\/\/www.kymco.es\/prensa\/nota-de-prensa\/people-s-nuevo-referente-de-los-scooters-de-rueda-alta-de-kymco-llega-a-espana-en-septiembre-a-un-precio-recomendado-de-2-988-euros\/"]}]},{"@type":"BreadcrumbList","@id":"https:\/\/www.kymco.es\/prensa\/nota-de-prensa\/people-s-nuevo-referente-de-los-scooters-de-rueda-alta-de-kymco-llega-a-espana-en-septiembre-a-un-precio-recomendado-de-2-988-euros\/#breadcrumb","itemListElement":[{"@type":"ListItem","position":1,"name":"Portada","item":"https:\/\/www.kymco.es\/prensa\/"},{"@type":"ListItem","position":2,"name":"People S, nuevo referente de los scooters de rueda alta de KYMCO, llega a Espa\u00f1a en septiembre a un precio recomendado de 2.988 euros"}]},{"@type":"Person","@id":"https:\/\/www.kymco.es\/prensa\/#\/schema\/person\/b315bb551f7fe40b3f8f1b4768f556c4","name":"KYMCO Espa\u00f1a","url":"https:\/\/www.kymco.es\/prensa\/author\/vanessasaedrin\/"}]}},"_links":{"self":[{"href":"https:\/\/www.kymco.es\/prensa\/wp-json\/wp\/v2\/posts\/6842"}],"collection":[{"href":"https:\/\/www.kymco.es\/prensa\/wp-json\/wp\/v2\/posts"}],"about":[{"href":"https:\/\/www.kymco.es\/prensa\/wp-json\/wp\/v2\/types\/post"}],"author":[{"embeddable":true,"href":"https:\/\/www.kymco.es\/prensa\/wp-json\/wp\/v2\/users\/2"}],"replies":[{"embeddable":true,"href":"https:\/\/www.kymco.es\/prensa\/wp-json\/wp\/v2\/comments?post=6842"}],"version-history":[{"count":4,"href":"https:\/\/www.kymco.es\/prensa\/wp-json\/wp\/v2\/posts\/6842\/revisions"}],"predecessor-version":[{"id":6860,"href":"https:\/\/www.kymco.es\/prensa\/wp-json\/wp\/v2\/posts\/6842\/revisions\/6860"}],"wp:featuredmedia":[{"embeddable":true,"href":"https:\/\/www.kymco.es\/prensa\/wp-json\/wp\/v2\/media\/3947"}],"wp:attachment":[{"href":"https:\/\/www.kymco.es\/prensa\/wp-json\/wp\/v2\/media?parent=6842"}],"wp:term":[{"taxonomy":"category","embeddable":true,"href":"https:\/\/www.kymco.es\/prensa\/wp-json\/wp\/v2\/categories?post=6842"},{"taxonomy":"post_tag","embeddable":true,"href":"https:\/\/www.kymco.es\/prensa\/wp-json\/wp\/v2\/tags?post=6842"}],"curies":[{"name":"wp","href":"https:\/\/api.w.org\/{rel}","templated":true}]}}