{"id":6030,"date":"2018-10-04T20:30:27","date_gmt":"2018-10-04T18:30:27","guid":{"rendered":"https:\/\/kymco.es\/prensa\/?p=6030"},"modified":"2020-07-28T16:52:43","modified_gmt":"2020-07-28T14:52:43","slug":"allen-ko-ionex-commercial-de-kymco-es-la-primera-solucion-global-al-transporte-electrico-para-empresas-y-gobiernos-de-todo-el-mundo-2","status":"publish","type":"post","link":"https:\/\/www.kymco.es\/prensa\/nota-de-prensa\/allen-ko-ionex-commercial-de-kymco-es-la-primera-solucion-global-al-transporte-electrico-para-empresas-y-gobiernos-de-todo-el-mundo-2\/","title":{"rendered":"Allen Ko: \u201cIonex Commercial de KYMCO es la primera soluci\u00f3n global al transporte el\u00e9ctrico para empresas y gobiernos de todo el mundo\u201d"},"content":{"rendered":"<style type=\"text\/css\">.fusion-gallery-1 .fusion-gallery-image {border:0px solid #f6f6f6;}<\/style><div class=\"fusion-gallery fusion-gallery-container fusion-grid-1 fusion-columns-total-1 fusion-gallery-layout-grid fusion-gallery-1\" style=\"margin:-5px;\"><div style=\"padding:5px;\" class=\"fusion-grid-column fusion-gallery-column fusion-gallery-column-1 hover-type-zoomin\"><div class=\"fusion-gallery-image\"><a href=\"https:\/\/www.kymco.es\/prensa\/wp-content\/uploads\/2020\/04\/20181005-ionex-commercial-allenko.jpg\" rel=\"noreferrer\" data-rel=\"iLightbox[gallery_image_1]\" class=\"fusion-lightbox\" target=\"_self\"><img src=\"https:\/\/www.kymco.es\/prensa\/wp-content\/uploads\/2020\/04\/20181005-ionex-commercial-allenko.jpg\" width=\"2182\" height=\"1440\" alt=\"\" title=\"20181005 Ionex Commercial_AllenKO\" aria-label=\"20181005 Ionex Commercial_AllenKO\" class=\"img-responsive wp-image-4249\" srcset=\"https:\/\/www.kymco.es\/prensa\/wp-content\/uploads\/2020\/04\/20181005-ionex-commercial-allenko-200x132.jpg 200w, https:\/\/www.kymco.es\/prensa\/wp-content\/uploads\/2020\/04\/20181005-ionex-commercial-allenko-400x264.jpg 400w, https:\/\/www.kymco.es\/prensa\/wp-content\/uploads\/2020\/04\/20181005-ionex-commercial-allenko-600x396.jpg 600w, https:\/\/www.kymco.es\/prensa\/wp-content\/uploads\/2020\/04\/20181005-ionex-commercial-allenko-800x528.jpg 800w, https:\/\/www.kymco.es\/prensa\/wp-content\/uploads\/2020\/04\/20181005-ionex-commercial-allenko-1200x792.jpg 1200w, https:\/\/www.kymco.es\/prensa\/wp-content\/uploads\/2020\/04\/20181005-ionex-commercial-allenko.jpg 2182w\" sizes=\"(min-width: 2200px) 100vw, (min-width: 640px) 1240px, \" \/><\/a><\/div><\/div><div class=\"clearfix\"><\/div><\/div>\n<p>&nbsp;<\/p>\n<ul>\n<li><strong>Planes a medida, gran flexibilidad y capacidad de expansi\u00f3n. Incluyen veh\u00edculos el\u00e9ctricos, estaciones de carga, bater\u00edas extra\u00edbles y sistemas avanzados de tecnolog\u00eda de la informaci\u00f3n (TI).<\/strong><\/li>\n<li><strong>4 soluciones de implementaci\u00f3n inmediata, pensados para petroleras, compa\u00f1\u00edas de log\u00edstica y minoristas, empresas de transporte compartido y gobiernos que gestionan el transporte p\u00fablico.<\/strong><\/li>\n<\/ul>\n<p><strong>\u00a0<\/strong><\/p>\n<p><strong>Par\u00eds, 4 de octubre.<\/strong> El presidente del Grupo KYMCO, Allen Ko, present\u00f3 en la noche de este mi\u00e9rcoles, en el marco del \u2018Mondial Paris Motor Show 2018\u2019 (abierto del 4 al 14 de octubre), el proyecto <strong>\u2018Ionex Commercial\u2019<\/strong>, la soluci\u00f3n integral para que empresas y gobiernos de todo el mundo den el salto definitivo hacia el transporte el\u00e9ctrico.<\/p>\n<p>Este plan se enmarca dentro de la misi\u00f3n de KYMCO de transformar el transporte moderno y supone un eje estrat\u00e9gico del revolucionario programa <strong>\u2019KYMCO Ionex\u2019 <\/strong>lanzado a principios de este a\u00f1o. Presentado en primicia en Tokio, Ionex marc\u00f3 un hito en la implementaci\u00f3n del transporte el\u00e9ctrico mundial, cuyas soluciones engloban veh\u00edculos el\u00e9ctricos e infraestructuras de carga.<\/p>\n<p>Durante la presentaci\u00f3n de \u2018Ionex Commercial\u2019 ante la prensa internacional y los representantes de las delegaciones de KYMCO en Europa en el hist\u00f3rico auditorio Salle Wagram de Par\u00eds, Allen Ko ha recordado las dificultades que se han encontrado en los \u00faltimos 30 a\u00f1os los consumidores, las empresas y los gobiernos de todo el mundo para llevar a cabo la transici\u00f3n hacia el veh\u00edculo el\u00e9ctrico, sobre todo por las barreras en las instalaciones de carga.<\/p>\n<p><em>\u201cSe necesita desesperadamente un proveedor confiable capaz de integrar a la perfecci\u00f3n veh\u00edculos, bater\u00edas, estaciones de carga, software y sistemas de back-end. KYMCO proporciona la soluci\u00f3n del transporte el\u00e9ctrico a todas las empresas y gobiernos del mundo\u201d.<\/em><\/p>\n<p><strong>Soluci\u00f3n personalizable<\/strong><\/p>\n<p>KYMCO ofrece a las empresas y los gobiernos dos v\u00edas para la transici\u00f3n hacia el transporte el\u00e9ctrico, o bien a trav\u00e9s de la implementaci\u00f3n de planes a medida, o bien con soluciones ya dise\u00f1adas espec\u00edficas para cuatro tipo de necesidades previstas.<\/p>\n<p>\u2018Ionex Commercial\u2019 es personalizable porque comprende una gama amplia de veh\u00edculos el\u00e9ctricos, estaciones de carga, bater\u00edas extra\u00edbles y sistemas avanzados de tecnolog\u00eda de la informaci\u00f3n (TI):<\/p>\n<p style=\"padding-left: 40px;\"><strong>Veh\u00edculos el\u00e9ctricos:<\/strong> ofrece una amplia gama de scooters el\u00e9ctricos y bicicletas el\u00e9ctricas personalizables, y servicios de ingenier\u00eda para que las flotas e instalaciones ya existentes puedan trabajar con la plataforma Ionex.<\/p>\n<p style=\"padding-left: 40px;\"><strong>Estaciones de carga:<\/strong> incluye carga est\u00e1ndar y r\u00e1pida y cambio de bater\u00eda o cualquier combinaci\u00f3n entre ellas. Personalizaci\u00f3n para satisfacer los diferentes enfoques comerciales.<\/p>\n<p style=\"padding-left: 40px;\"><strong>Bater\u00edas inteligentes:<\/strong> patente KYMCO, funciona con diferentes tipos de veh\u00edculos. De solo 5 kilos, la bater\u00eda Ionex est\u00e1 dise\u00f1ada para ser f\u00e1cil de usar en todas las aplicaciones.<\/p>\n<p style=\"padding-left: 40px;\"><strong>Sistemas TI avanzados:<\/strong> primer sistema operativo de la infraestructura del veh\u00edculo el\u00e9ctrico basado en la nube, con aplicaci\u00f3n comercial en veh\u00edculos, bater\u00edas y estaciones de carga.<\/p>\n<p>&nbsp;<\/p>\n<p><strong>4 planes de implementaci\u00f3n inmediata<\/strong><\/p>\n<p>KYMCO ha dise\u00f1ado cuatro soluciones comerciales pensadas en aquellas compa\u00f1\u00edas y gobiernos que est\u00e1n convencidos de dar el paso hacia lo el\u00e9ctrico porque son conscientes de los importantes beneficios econ\u00f3micos, reputacionales y medio ambientales que ello conlleva. Se trata de petroleras, compa\u00f1\u00edas de log\u00edstica y minoristas, empresas de transporte compartido y gobiernos que gestionan el transporte p\u00fablico.<\/p>\n<p>Estas cuatro propuestas incluyen veh\u00edculos, bater\u00edas extra\u00edbles, estaciones de energ\u00eda, sistema operativo, <em>software<\/em> de administraci\u00f3n, aplicaciones de usuario y personalizaci\u00f3n del sistema:<\/p>\n<p style=\"padding-left: 40px;\"><strong>\u2018Infraestructura de Carga\u2019<\/strong>. Dise\u00f1ada para empresas o gobiernos que desean construir una infraestructura para ofrecer servicios de carga a terceros. Adem\u00e1s, prev\u00e9 los diferentes modelos de carga de bater\u00eda, alquiler o intercambio, o cualquier combinaci\u00f3n de estos.<\/p>\n<p style=\"padding-left: 40px;\"><strong>\u2018Operaci\u00f3n de Flota\u2019.<\/strong> Dirigida a empresas de log\u00edstica o minoristas que poseen una flota el\u00e9ctrica para el desarrollo de su actividad comercial.<\/p>\n<p style=\"padding-left: 40px;\"><strong>\u2018Transporte Compartido\u2019<\/strong>. Pensada en compa\u00f1\u00edas de servicio con veh\u00edculos compartidos.<\/p>\n<p style=\"padding-left: 40px;\"><strong>\u2018Transporte p\u00fablico\u2019. <\/strong>Para los gobiernos de las ciudades que desean ofrecer el alquiler de veh\u00edculos el\u00e9ctricos compartidos basados \u200b\u200ben estaciones como una extensi\u00f3n de su sistema de transporte p\u00fablico. Proporciona todo lo que necesitan los gobiernos para sumar a su red de transporte el modelo de alquiler compartido de veh\u00edculos el\u00e9ctricos.<\/p>\n<p>&nbsp;<\/p>\n<p><strong>Scooter, relevante en la transici\u00f3n el\u00e9ctrica<\/strong><\/p>\n<p>Por \u00faltimo, el presidente del Grupo KYMCO ha destacado la relevancia de los scooters en la transici\u00f3n global hacia lo el\u00e9ctrico junto a los autom\u00f3viles y ha subrayado que todas las empresas, incluso las m\u00e1s peque\u00f1as, tienen la posibilidad de generar un gran impacto en el medio ambiente.<\/p>\n<p>Allen Ko ha recordado que 50 millones de scooters recorren las calles de todo el mundo. De ellos, 5 millones tienen fines comerciales que hacen siete veces la distancia de los no comerciales, se reemplazan el doble y representan el 20 por ciento del consumo total de energ\u00eda.<\/p>\n<p><em>\u201cLas motivaciones de las empresas y los gobiernos para dar el salto a lo el\u00e9ctrico son fuertes. El potencial para cambiar el mundo es muy grande\u201d,<\/em> ha concluido.<\/p>\n","protected":false},"excerpt":{"rendered":"<p><span style=\"color: #ff0000;\"><strong>PAR\u00cdS 2018.<\/strong><\/span> El presidente del Grupo KYMCO, Allen Ko, ha subrayado en el marco del &#8216;Mondial Paris Motor Show 2018&#8217; que gobiernos y empresas del mundo est\u00e1n muy motivados para dar el salto hacia el mundo el\u00e9ctrico. \u00abSe necesita desesperadamente un proveedor confiable capaz de integrar a la perfecci\u00f3n veh\u00edculos, bater\u00edas, estaciones de carga, software y sistemas de <em>back-end\u00bb, <\/em>ha subrayado.\u00a0<\/p>\n","protected":false},"author":2,"featured_media":4249,"comment_status":"closed","ping_status":"closed","sticky":false,"template":"","format":"standard","meta":[],"categories":[520],"tags":[],"yoast_head":"<!-- This site is optimized with the Yoast SEO plugin v17.1 - https:\/\/yoast.com\/wordpress\/plugins\/seo\/ -->\n<title>Allen Ko: \u201cIonex Commercial de KYMCO es la primera soluci\u00f3n global al transporte el\u00e9ctrico para empresas y gobiernos de todo el mundo\u201d - KYMCO Espa\u00f1a<\/title>\n<meta name=\"robots\" content=\"index, follow, max-snippet:-1, max-image-preview:large, max-video-preview:-1\" \/>\n<link rel=\"canonical\" href=\"https:\/\/www.kymco.es\/prensa\/nota-de-prensa\/allen-ko-ionex-commercial-de-kymco-es-la-primera-solucion-global-al-transporte-electrico-para-empresas-y-gobiernos-de-todo-el-mundo-2\/\" \/>\n<meta property=\"og:locale\" content=\"es_ES\" \/>\n<meta property=\"og:type\" content=\"article\" \/>\n<meta property=\"og:title\" content=\"Allen Ko: \u201cIonex Commercial de KYMCO es la primera soluci\u00f3n global al transporte el\u00e9ctrico para empresas y gobiernos de todo el mundo\u201d - KYMCO Espa\u00f1a\" \/>\n<meta property=\"og:description\" content=\"PAR\u00cdS 2018. El presidente del Grupo KYMCO, Allen Ko, ha subrayado en el marco del &#039;Mondial Paris Motor Show 2018&#039; que gobiernos y empresas del mundo est\u00e1n muy motivados para dar el salto hacia el mundo el\u00e9ctrico. &quot;Se necesita desesperadamente un proveedor confiable capaz de integrar a la perfecci\u00f3n veh\u00edculos, bater\u00edas, estaciones de carga, software y sistemas de back-end&quot;, ha subrayado.\u00a0\" \/>\n<meta property=\"og:url\" content=\"https:\/\/www.kymco.es\/prensa\/nota-de-prensa\/allen-ko-ionex-commercial-de-kymco-es-la-primera-solucion-global-al-transporte-electrico-para-empresas-y-gobiernos-de-todo-el-mundo-2\/\" \/>\n<meta property=\"og:site_name\" content=\"KYMCO Espa\u00f1a\" \/>\n<meta property=\"article:published_time\" content=\"2018-10-04T18:30:27+00:00\" \/>\n<meta property=\"article:modified_time\" content=\"2020-07-28T14:52:43+00:00\" \/>\n<meta property=\"og:image\" content=\"https:\/\/kymco.es\/prensa\/wp-content\/uploads\/2020\/04\/20181005-ionex-commercial-allenko.jpg\" \/>\n\t<meta property=\"og:image:width\" content=\"2182\" \/>\n\t<meta property=\"og:image:height\" content=\"1440\" \/>\n<meta name=\"twitter:card\" content=\"summary_large_image\" \/>\n<meta name=\"twitter:label1\" content=\"Escrito por\" \/>\n\t<meta name=\"twitter:data1\" content=\"KYMCO Espa\u00f1a\" \/>\n\t<meta name=\"twitter:label2\" content=\"Tiempo de lectura\" \/>\n\t<meta name=\"twitter:data2\" content=\"5 minutos\" \/>\n<script type=\"application\/ld+json\" class=\"yoast-schema-graph\">{\"@context\":\"https:\/\/schema.org\",\"@graph\":[{\"@type\":\"WebSite\",\"@id\":\"https:\/\/www.kymco.es\/prensa\/#website\",\"url\":\"https:\/\/www.kymco.es\/prensa\/\",\"name\":\"KYMCO Espa\\u00f1a\",\"description\":\"Marca de movilidad personal\",\"potentialAction\":[{\"@type\":\"SearchAction\",\"target\":{\"@type\":\"EntryPoint\",\"urlTemplate\":\"https:\/\/www.kymco.es\/prensa\/?s={search_term_string}\"},\"query-input\":\"required name=search_term_string\"}],\"inLanguage\":\"es\"},{\"@type\":\"ImageObject\",\"@id\":\"https:\/\/www.kymco.es\/prensa\/nota-de-prensa\/allen-ko-ionex-commercial-de-kymco-es-la-primera-solucion-global-al-transporte-electrico-para-empresas-y-gobiernos-de-todo-el-mundo-2\/#primaryimage\",\"inLanguage\":\"es\",\"url\":\"https:\/\/www.kymco.es\/prensa\/wp-content\/uploads\/2020\/04\/20181005-ionex-commercial-allenko.jpg\",\"contentUrl\":\"https:\/\/www.kymco.es\/prensa\/wp-content\/uploads\/2020\/04\/20181005-ionex-commercial-allenko.jpg\",\"width\":2182,\"height\":1440,\"caption\":\"Allen Ko, Presidente de Grupo KYMCO presenta Ionex Commercial, en el marco del Sal\\u00f3n de Par\\u00eds. KYMCO Global\"},{\"@type\":\"WebPage\",\"@id\":\"https:\/\/www.kymco.es\/prensa\/nota-de-prensa\/allen-ko-ionex-commercial-de-kymco-es-la-primera-solucion-global-al-transporte-electrico-para-empresas-y-gobiernos-de-todo-el-mundo-2\/#webpage\",\"url\":\"https:\/\/www.kymco.es\/prensa\/nota-de-prensa\/allen-ko-ionex-commercial-de-kymco-es-la-primera-solucion-global-al-transporte-electrico-para-empresas-y-gobiernos-de-todo-el-mundo-2\/\",\"name\":\"Allen Ko: \\u201cIonex Commercial de KYMCO es la primera soluci\\u00f3n global al transporte el\\u00e9ctrico para empresas y gobiernos de todo el mundo\\u201d - KYMCO Espa\\u00f1a\",\"isPartOf\":{\"@id\":\"https:\/\/www.kymco.es\/prensa\/#website\"},\"primaryImageOfPage\":{\"@id\":\"https:\/\/www.kymco.es\/prensa\/nota-de-prensa\/allen-ko-ionex-commercial-de-kymco-es-la-primera-solucion-global-al-transporte-electrico-para-empresas-y-gobiernos-de-todo-el-mundo-2\/#primaryimage\"},\"datePublished\":\"2018-10-04T18:30:27+00:00\",\"dateModified\":\"2020-07-28T14:52:43+00:00\",\"author\":{\"@id\":\"https:\/\/www.kymco.es\/prensa\/#\/schema\/person\/b315bb551f7fe40b3f8f1b4768f556c4\"},\"breadcrumb\":{\"@id\":\"https:\/\/www.kymco.es\/prensa\/nota-de-prensa\/allen-ko-ionex-commercial-de-kymco-es-la-primera-solucion-global-al-transporte-electrico-para-empresas-y-gobiernos-de-todo-el-mundo-2\/#breadcrumb\"},\"inLanguage\":\"es\",\"potentialAction\":[{\"@type\":\"ReadAction\",\"target\":[\"https:\/\/www.kymco.es\/prensa\/nota-de-prensa\/allen-ko-ionex-commercial-de-kymco-es-la-primera-solucion-global-al-transporte-electrico-para-empresas-y-gobiernos-de-todo-el-mundo-2\/\"]}]},{\"@type\":\"BreadcrumbList\",\"@id\":\"https:\/\/www.kymco.es\/prensa\/nota-de-prensa\/allen-ko-ionex-commercial-de-kymco-es-la-primera-solucion-global-al-transporte-electrico-para-empresas-y-gobiernos-de-todo-el-mundo-2\/#breadcrumb\",\"itemListElement\":[{\"@type\":\"ListItem\",\"position\":1,\"name\":\"Portada\",\"item\":\"https:\/\/www.kymco.es\/prensa\/\"},{\"@type\":\"ListItem\",\"position\":2,\"name\":\"Allen Ko: \\u201cIonex Commercial de KYMCO es la primera soluci\\u00f3n global al transporte el\\u00e9ctrico para empresas y gobiernos de todo el mundo\\u201d\"}]},{\"@type\":\"Person\",\"@id\":\"https:\/\/www.kymco.es\/prensa\/#\/schema\/person\/b315bb551f7fe40b3f8f1b4768f556c4\",\"name\":\"KYMCO Espa\\u00f1a\",\"url\":\"https:\/\/www.kymco.es\/prensa\/author\/vanessasaedrin\/\"}]}<\/script>\n<!-- \/ Yoast SEO plugin. -->","yoast_head_json":{"title":"Allen Ko: \u201cIonex Commercial de KYMCO es la primera soluci\u00f3n global al transporte el\u00e9ctrico para empresas y gobiernos de todo el mundo\u201d - KYMCO Espa\u00f1a","robots":{"index":"index","follow":"follow","max-snippet":"max-snippet:-1","max-image-preview":"max-image-preview:large","max-video-preview":"max-video-preview:-1"},"canonical":"https:\/\/www.kymco.es\/prensa\/nota-de-prensa\/allen-ko-ionex-commercial-de-kymco-es-la-primera-solucion-global-al-transporte-electrico-para-empresas-y-gobiernos-de-todo-el-mundo-2\/","og_locale":"es_ES","og_type":"article","og_title":"Allen Ko: \u201cIonex Commercial de KYMCO es la primera soluci\u00f3n global al transporte el\u00e9ctrico para empresas y gobiernos de todo el mundo\u201d - KYMCO Espa\u00f1a","og_description":"PAR\u00cdS 2018. El presidente del Grupo KYMCO, Allen Ko, ha subrayado en el marco del 'Mondial Paris Motor Show 2018' que gobiernos y empresas del mundo est\u00e1n muy motivados para dar el salto hacia el mundo el\u00e9ctrico. \"Se necesita desesperadamente un proveedor confiable capaz de integrar a la perfecci\u00f3n veh\u00edculos, bater\u00edas, estaciones de carga, software y sistemas de back-end\", ha subrayado.\u00a0","og_url":"https:\/\/www.kymco.es\/prensa\/nota-de-prensa\/allen-ko-ionex-commercial-de-kymco-es-la-primera-solucion-global-al-transporte-electrico-para-empresas-y-gobiernos-de-todo-el-mundo-2\/","og_site_name":"KYMCO Espa\u00f1a","article_published_time":"2018-10-04T18:30:27+00:00","article_modified_time":"2020-07-28T14:52:43+00:00","og_image":[{"width":2182,"height":1440,"url":"https:\/\/kymco.es\/prensa\/wp-content\/uploads\/2020\/04\/20181005-ionex-commercial-allenko.jpg","path":"\/var\/www\/html\/kymco.es\/prensa\/wp-content\/uploads\/2020\/04\/20181005-ionex-commercial-allenko.jpg","size":"full","id":4249,"alt":"","pixels":3142080,"type":"image\/jpeg"}],"twitter_card":"summary_large_image","twitter_misc":{"Escrito por":"KYMCO Espa\u00f1a","Tiempo de lectura":"5 minutos"},"schema":{"@context":"https:\/\/schema.org","@graph":[{"@type":"WebSite","@id":"https:\/\/www.kymco.es\/prensa\/#website","url":"https:\/\/www.kymco.es\/prensa\/","name":"KYMCO Espa\u00f1a","description":"Marca de movilidad personal","potentialAction":[{"@type":"SearchAction","target":{"@type":"EntryPoint","urlTemplate":"https:\/\/www.kymco.es\/prensa\/?s={search_term_string}"},"query-input":"required name=search_term_string"}],"inLanguage":"es"},{"@type":"ImageObject","@id":"https:\/\/www.kymco.es\/prensa\/nota-de-prensa\/allen-ko-ionex-commercial-de-kymco-es-la-primera-solucion-global-al-transporte-electrico-para-empresas-y-gobiernos-de-todo-el-mundo-2\/#primaryimage","inLanguage":"es","url":"https:\/\/www.kymco.es\/prensa\/wp-content\/uploads\/2020\/04\/20181005-ionex-commercial-allenko.jpg","contentUrl":"https:\/\/www.kymco.es\/prensa\/wp-content\/uploads\/2020\/04\/20181005-ionex-commercial-allenko.jpg","width":2182,"height":1440,"caption":"Allen Ko, Presidente de Grupo KYMCO presenta Ionex Commercial, en el marco del Sal\u00f3n de Par\u00eds. KYMCO Global"},{"@type":"WebPage","@id":"https:\/\/www.kymco.es\/prensa\/nota-de-prensa\/allen-ko-ionex-commercial-de-kymco-es-la-primera-solucion-global-al-transporte-electrico-para-empresas-y-gobiernos-de-todo-el-mundo-2\/#webpage","url":"https:\/\/www.kymco.es\/prensa\/nota-de-prensa\/allen-ko-ionex-commercial-de-kymco-es-la-primera-solucion-global-al-transporte-electrico-para-empresas-y-gobiernos-de-todo-el-mundo-2\/","name":"Allen Ko: \u201cIonex Commercial de KYMCO es la primera soluci\u00f3n global al transporte el\u00e9ctrico para empresas y gobiernos de todo el mundo\u201d - KYMCO Espa\u00f1a","isPartOf":{"@id":"https:\/\/www.kymco.es\/prensa\/#website"},"primaryImageOfPage":{"@id":"https:\/\/www.kymco.es\/prensa\/nota-de-prensa\/allen-ko-ionex-commercial-de-kymco-es-la-primera-solucion-global-al-transporte-electrico-para-empresas-y-gobiernos-de-todo-el-mundo-2\/#primaryimage"},"datePublished":"2018-10-04T18:30:27+00:00","dateModified":"2020-07-28T14:52:43+00:00","author":{"@id":"https:\/\/www.kymco.es\/prensa\/#\/schema\/person\/b315bb551f7fe40b3f8f1b4768f556c4"},"breadcrumb":{"@id":"https:\/\/www.kymco.es\/prensa\/nota-de-prensa\/allen-ko-ionex-commercial-de-kymco-es-la-primera-solucion-global-al-transporte-electrico-para-empresas-y-gobiernos-de-todo-el-mundo-2\/#breadcrumb"},"inLanguage":"es","potentialAction":[{"@type":"ReadAction","target":["https:\/\/www.kymco.es\/prensa\/nota-de-prensa\/allen-ko-ionex-commercial-de-kymco-es-la-primera-solucion-global-al-transporte-electrico-para-empresas-y-gobiernos-de-todo-el-mundo-2\/"]}]},{"@type":"BreadcrumbList","@id":"https:\/\/www.kymco.es\/prensa\/nota-de-prensa\/allen-ko-ionex-commercial-de-kymco-es-la-primera-solucion-global-al-transporte-electrico-para-empresas-y-gobiernos-de-todo-el-mundo-2\/#breadcrumb","itemListElement":[{"@type":"ListItem","position":1,"name":"Portada","item":"https:\/\/www.kymco.es\/prensa\/"},{"@type":"ListItem","position":2,"name":"Allen Ko: \u201cIonex Commercial de KYMCO es la primera soluci\u00f3n global al transporte el\u00e9ctrico para empresas y gobiernos de todo el mundo\u201d"}]},{"@type":"Person","@id":"https:\/\/www.kymco.es\/prensa\/#\/schema\/person\/b315bb551f7fe40b3f8f1b4768f556c4","name":"KYMCO Espa\u00f1a","url":"https:\/\/www.kymco.es\/prensa\/author\/vanessasaedrin\/"}]}},"_links":{"self":[{"href":"https:\/\/www.kymco.es\/prensa\/wp-json\/wp\/v2\/posts\/6030"}],"collection":[{"href":"https:\/\/www.kymco.es\/prensa\/wp-json\/wp\/v2\/posts"}],"about":[{"href":"https:\/\/www.kymco.es\/prensa\/wp-json\/wp\/v2\/types\/post"}],"author":[{"embeddable":true,"href":"https:\/\/www.kymco.es\/prensa\/wp-json\/wp\/v2\/users\/2"}],"replies":[{"embeddable":true,"href":"https:\/\/www.kymco.es\/prensa\/wp-json\/wp\/v2\/comments?post=6030"}],"version-history":[{"count":5,"href":"https:\/\/www.kymco.es\/prensa\/wp-json\/wp\/v2\/posts\/6030\/revisions"}],"predecessor-version":[{"id":6830,"href":"https:\/\/www.kymco.es\/prensa\/wp-json\/wp\/v2\/posts\/6030\/revisions\/6830"}],"wp:featuredmedia":[{"embeddable":true,"href":"https:\/\/www.kymco.es\/prensa\/wp-json\/wp\/v2\/media\/4249"}],"wp:attachment":[{"href":"https:\/\/www.kymco.es\/prensa\/wp-json\/wp\/v2\/media?parent=6030"}],"wp:term":[{"taxonomy":"category","embeddable":true,"href":"https:\/\/www.kymco.es\/prensa\/wp-json\/wp\/v2\/categories?post=6030"},{"taxonomy":"post_tag","embeddable":true,"href":"https:\/\/www.kymco.es\/prensa\/wp-json\/wp\/v2\/tags?post=6030"}],"curies":[{"name":"wp","href":"https:\/\/api.w.org\/{rel}","templated":true}]}}