{"id":5537,"date":"2020-07-01T17:00:03","date_gmt":"2020-07-01T15:00:03","guid":{"rendered":"https:\/\/kymco.es\/prensa\/?p=5537"},"modified":"2020-09-23T17:51:11","modified_gmt":"2020-09-23T15:51:11","slug":"kymco-amplia-la-campana-de-descuentos-hasta-el-31-de-agosto-tras-el-crecimiento-record-en-junio","status":"publish","type":"post","link":"https:\/\/www.kymco.es\/prensa\/nota-de-prensa\/kymco-amplia-la-campana-de-descuentos-hasta-el-31-de-agosto-tras-el-crecimiento-record-en-junio\/","title":{"rendered":"KYMCO ampl\u00eda la campa\u00f1a de descuentos hasta el  31 de agosto, tras el crecimiento r\u00e9cord en junio"},"content":{"rendered":"<style type=\"text\/css\">.fusion-gallery-1 .fusion-gallery-image {border:0px solid #f6f6f6;}<\/style><div class=\"fusion-gallery fusion-gallery-container fusion-grid-1 fusion-columns-total-1 fusion-gallery-layout-grid fusion-gallery-1\" style=\"margin:-5px;\"><div style=\"padding:5px;\" class=\"fusion-grid-column fusion-gallery-column fusion-gallery-column-1 hover-type-zoomin\"><div class=\"fusion-gallery-image\"><a href=\"https:\/\/www.kymco.es\/prensa\/wp-content\/uploads\/2020\/07\/gama-resolucion-300.jpg\" rel=\"noreferrer\" data-rel=\"iLightbox[gallery_image_1]\" class=\"fusion-lightbox\" target=\"_self\"><img src=\"https:\/\/www.kymco.es\/prensa\/wp-content\/uploads\/2020\/07\/gama-resolucion-300.jpg\" width=\"1200\" height=\"800\" alt=\"\" title=\"Gama resoluci\u00f3n 300\" aria-label=\"Gama resoluci\u00f3n 300\" class=\"img-responsive wp-image-5613\" srcset=\"https:\/\/www.kymco.es\/prensa\/wp-content\/uploads\/2020\/07\/gama-resolucion-300-200x133.jpg 200w, https:\/\/www.kymco.es\/prensa\/wp-content\/uploads\/2020\/07\/gama-resolucion-300-400x267.jpg 400w, https:\/\/www.kymco.es\/prensa\/wp-content\/uploads\/2020\/07\/gama-resolucion-300-600x400.jpg 600w, https:\/\/www.kymco.es\/prensa\/wp-content\/uploads\/2020\/07\/gama-resolucion-300-800x533.jpg 800w, https:\/\/www.kymco.es\/prensa\/wp-content\/uploads\/2020\/07\/gama-resolucion-300.jpg 1200w\" sizes=\"(min-width: 2200px) 100vw, (min-width: 640px) 1240px, \" \/><\/a><\/div><\/div><div class=\"clearfix\"><\/div><\/div>\n<ul>\n<li><strong>La marca ha crecido un 34 % en el mes de junio, hasta sumar unas ventas de 2.650 unidades, en un mercado que avanza ligeramente y acumula unas p\u00e9rdidas del 25% en lo que va de a\u00f1o. <\/strong><\/li>\n<\/ul>\n<p>&nbsp;<\/p>\n<p><strong>Madrid, 1 de julio. <\/strong>KYMCO, marca especializada en la movilidad personal, ha anunciado <strong>descuentos<\/strong> in\u00e9ditos de hasta 950 euros (PV Recomendado) en su gama y <strong>servicios de valor para el cliente <\/strong>hasta el <strong>31 de agosto,<\/strong> tras registrar un nuevo crecimiento <strong>r\u00e9cord de ventas <\/strong>durante el mes de<strong> junio<\/strong>. Este impulso ha sido la base para prolongar la <strong>campa\u00f1a de verano<\/strong> <a href=\"https:\/\/www.kymco.es\/prensa\/corporativo\/kymco-espana-da-luz-verde-al-nuevo-plan-de-accion-con-3-claves-para-impulsar-su-crecimiento-con-foco-en-el-cliente\/\">activa desde mayo<\/a> (\u2018Easy Days, Licencia para moverte\u2019).<\/p>\n<p>&nbsp;<\/p>\n<p style=\"text-align: center;\"><i class=\"fb-icon-element-1 fb-icon-element fontawesome-icon fa-file-alt far circle-yes fusion-text-flow\" style=\"font-size:28.16px;line-height:54.32px;height:56.32px;width:56.32px;border-width:1px;margin-right:16px;\"><\/i><style>i.fb-icon-element.fontawesome-icon.fb-icon-element-1{ color: #ffffff; background-color: #333338; border-color: #333338;}i.fb-icon-element.fontawesome-icon.fb-icon-element-1:hover { color: #ffffff; background-color: #333338; border-color: #333338;}<\/style><a id=\"\" class=\"\" title=\"Descuentos KYMCO y plan de financiaci\u00f3n (PVR)\" href=\"https:\/\/www.kymco.es\/prensa\/wp-content\/uploads\/2020\/07\/descuentos-recorte.jpg\" data-title=\"Descuentos KYMCO y plan de financiaci\u00f3n (PVR)\" data-caption=\"\" data-rel=\"iLightbox\"><img alt=\"Ver Descuentos Gama KYMCO\" \/><\/a><\/p>\n<p>&nbsp;<\/p>\n<p>Adem\u00e1s, la marca mantiene la extensi\u00f3n del <strong><u>seguro de serie<\/u> en toda su gama de veh\u00edculos particulares<\/strong> (p\u00f3liza de la Aseguradora Allianz), con el refuerzo de la <strong>cobertura de robo<\/strong> para todos los megascooters disponibles y para las motocicletas de 125 cc People S y Super Dink; y mantiene su <strong>programa de <u>financiaci\u00f3n<\/u><\/strong><u> \u00e1gil<\/u>, el llamado <strong>Plan D\u00fao, a toda la gama de veh\u00edculos particulares.<\/strong><\/p>\n<p>Por ejemplo, los ciclomotores Agility y Agility City, y los scooters de 125 Like, Miller, Filly, People S y Agility City se podr\u00e1n financiar en un primer tramo de 24 meses y un segundo a decidir entre un \u00fanico pago o 24 mensualidades El Plan D\u00fao para el resto de la gama se divide en un primer tramo de 35 cuotas y un segundo a decidir entre un \u00fanico pago o 35 cuotas mensuales. Para <strong>el megascooter m\u00e1s potente y avanzado, AK 550, la financiaci\u00f3n es gratuita 0% en 60 cuotas de solo 154,98 euros.<\/strong><\/p>\n<p><strong>Crecimiento <\/strong><\/p>\n<p>KYMCO Espa\u00f1a ha anunciado unas ventas de <strong>2.650 scooters <\/strong>durante el mes de junio -2.450 unidades corresponden a motocicletas (&gt;50 cc) y 200 unidades a ciclomotores (&lt;50 cc)-, lo que supone un aumento de las ventas del 34% respecto al mismo mes del a\u00f1o anterior. Este crecimiento se produce en un mercado que ha logrado recuperar ligeramente el crecimiento en junio (22.501 unidades y alza del 10 %), pero acumula un retroceso del 25% en el primer semestre.<\/p>\n<p><strong>Motocicletas (2.450 unidades, +23,7%):<\/strong> KYMCO se ha colocado como<strong> primera marca del mercado de <u>motocicletas tipo<\/u><\/strong><u> <strong>scooter<\/strong><\/u><strong> con una cuota cercana al 21%. <\/strong>Por cilindradas:<\/p>\n<ul style=\"list-style-type: circle;\">\n<li>En el segmento <strong>125 cc, <\/strong>KYMCO es la <strong>segunda<\/strong> marca por cuota (20 %) tras el crecimiento del 24%. Destaca el modelo <strong>Agility City 125<\/strong> como segunda moto m\u00e1s vendida en junio (812 unidades) y la <strong><u>primera moto m\u00e1s demanda del conjunto del mercado por los usuarios en lo que va de a\u00f1o<\/u> (2.345 unidades).<\/strong><\/li>\n<li><strong>En el mercado de 126-500 cc, <\/strong>KYMCO destaca por ser<strong> la primera marca con un 25% de cuota y la \u00fanica del top 3 que crece (y lo hace con un 42 %), <\/strong>gracias al impulso de las ventas de Xciting S 400 y al nuevo Super Dink 350 con TCS, principalmente.<strong>\u00a0<\/strong><\/li>\n<li><strong>En &gt;500 cc, <\/strong>destaca como tercera marca con la presencia de un solo modelo, el buque insignia AK 550, que es a su vez el tercer modelo m\u00e1s elegido de este segmento (cuota del 16 %).<\/li>\n<\/ul>\n<p><strong>Ciclomotores, 50 cc (200 unidades, +13,9 %):<\/strong> KYMCO ha logrado situarse como segunda marca con una cuota del 20 % en el canal Particular. El modelo m\u00e1s vendido del mercado ha sido <strong>Agility City 50<\/strong>, con 200 unidades. Este modelo es el hermano peque\u00f1o del superventas KYMCO, el modelo <strong>Agility City 125.<\/strong><\/p>\n<p>\u201cPese al fuerte impacto del factor Covid-19 en lo que llevamos de a\u00f1o, en KYMCO estamos orgullosos de anunciar crecimientos durante el mes de junio. En este dif\u00edcil contexto, hemos detectado una mayor necesidad de <strong>movilidad urbana personal<\/strong> y esto nos sirve de <strong>gu\u00eda para seguir invirtiendo<\/strong> en servicios de valor a\u00f1adido para nuestros clientes\u201d, ha explicado <strong>Carlos Wang,<\/strong> director General de KYMCO Espa\u00f1a.<\/p>\n<p>&nbsp;<\/p>\n","protected":false},"excerpt":{"rendered":"<p>La marca ha registrado un crecimiento de sus ventas del <strong>34 %,<\/strong> hasta las 2.650 matriculaciones durante el pasado mes de junio. Este aumento de la necesidad de <strong>movilidad urbana personal<\/strong> que existe en estos momentos ha impulsado a KYMCO Espa\u00f1a a seguir invirtiendo en ofrecer <strong>servicios de valor<\/strong> a los clientes, como es la posibilidad de financiar la gama rebajada (PVR) con el &#8216;Plan D\u00fao&#8217; de la marca (pasado un primer tramo, el usuario puede financiarlo de nuevo el \u00faltimo pago pendiente).\u00a0<\/p>\n","protected":false},"author":2,"featured_media":5613,"comment_status":"closed","ping_status":"closed","sticky":false,"template":"","format":"standard","meta":[],"categories":[520,441,519],"tags":[],"yoast_head":"<!-- This site is optimized with the Yoast SEO plugin v17.1 - https:\/\/yoast.com\/wordpress\/plugins\/seo\/ -->\n<title>KYMCO ampl\u00eda la campa\u00f1a de descuentos hasta el 31 de agosto, tras el crecimiento r\u00e9cord en junio - KYMCO Espa\u00f1a<\/title>\n<meta name=\"robots\" content=\"index, follow, max-snippet:-1, max-image-preview:large, max-video-preview:-1\" \/>\n<link rel=\"canonical\" href=\"https:\/\/www.kymco.es\/prensa\/nota-de-prensa\/kymco-amplia-la-campana-de-descuentos-hasta-el-31-de-agosto-tras-el-crecimiento-record-en-junio\/\" \/>\n<meta property=\"og:locale\" content=\"es_ES\" \/>\n<meta property=\"og:type\" content=\"article\" \/>\n<meta property=\"og:title\" content=\"KYMCO ampl\u00eda la campa\u00f1a de descuentos hasta el 31 de agosto, tras el crecimiento r\u00e9cord en junio - KYMCO Espa\u00f1a\" \/>\n<meta property=\"og:description\" content=\"La marca ha registrado un crecimiento de sus ventas del 34 %, hasta las 2.650 matriculaciones durante el pasado mes de junio. Este aumento de la necesidad de movilidad urbana personal que existe en estos momentos ha impulsado a KYMCO Espa\u00f1a a seguir invirtiendo en ofrecer servicios de valor a los clientes, como es la posibilidad de financiar la gama rebajada (PVR) con el &#039;Plan D\u00fao&#039; de la marca (pasado un primer tramo, el usuario puede financiarlo de nuevo el \u00faltimo pago pendiente).\u00a0\" \/>\n<meta property=\"og:url\" content=\"https:\/\/www.kymco.es\/prensa\/nota-de-prensa\/kymco-amplia-la-campana-de-descuentos-hasta-el-31-de-agosto-tras-el-crecimiento-record-en-junio\/\" \/>\n<meta property=\"og:site_name\" content=\"KYMCO Espa\u00f1a\" \/>\n<meta property=\"article:published_time\" content=\"2020-07-01T15:00:03+00:00\" \/>\n<meta property=\"article:modified_time\" content=\"2020-09-23T15:51:11+00:00\" \/>\n<meta property=\"og:image\" content=\"https:\/\/www.kymco.es\/prensa\/wp-content\/uploads\/2020\/07\/gama-resolucion-300.jpg\" \/>\n\t<meta property=\"og:image:width\" content=\"1200\" \/>\n\t<meta property=\"og:image:height\" content=\"800\" \/>\n<meta name=\"twitter:card\" content=\"summary_large_image\" \/>\n<meta name=\"twitter:label1\" content=\"Escrito por\" \/>\n\t<meta name=\"twitter:data1\" content=\"KYMCO Espa\u00f1a\" \/>\n\t<meta name=\"twitter:label2\" content=\"Tiempo de lectura\" \/>\n\t<meta name=\"twitter:data2\" content=\"4 minutos\" \/>\n<script type=\"application\/ld+json\" class=\"yoast-schema-graph\">{\"@context\":\"https:\/\/schema.org\",\"@graph\":[{\"@type\":\"WebSite\",\"@id\":\"https:\/\/www.kymco.es\/prensa\/#website\",\"url\":\"https:\/\/www.kymco.es\/prensa\/\",\"name\":\"KYMCO Espa\\u00f1a\",\"description\":\"Marca de movilidad personal\",\"potentialAction\":[{\"@type\":\"SearchAction\",\"target\":{\"@type\":\"EntryPoint\",\"urlTemplate\":\"https:\/\/www.kymco.es\/prensa\/?s={search_term_string}\"},\"query-input\":\"required name=search_term_string\"}],\"inLanguage\":\"es\"},{\"@type\":\"ImageObject\",\"@id\":\"https:\/\/www.kymco.es\/prensa\/nota-de-prensa\/kymco-amplia-la-campana-de-descuentos-hasta-el-31-de-agosto-tras-el-crecimiento-record-en-junio\/#primaryimage\",\"inLanguage\":\"es\",\"url\":\"https:\/\/www.kymco.es\/prensa\/wp-content\/uploads\/2020\/07\/gama-resolucion-300.jpg\",\"contentUrl\":\"https:\/\/www.kymco.es\/prensa\/wp-content\/uploads\/2020\/07\/gama-resolucion-300.jpg\",\"width\":1200,\"height\":800},{\"@type\":\"WebPage\",\"@id\":\"https:\/\/www.kymco.es\/prensa\/nota-de-prensa\/kymco-amplia-la-campana-de-descuentos-hasta-el-31-de-agosto-tras-el-crecimiento-record-en-junio\/#webpage\",\"url\":\"https:\/\/www.kymco.es\/prensa\/nota-de-prensa\/kymco-amplia-la-campana-de-descuentos-hasta-el-31-de-agosto-tras-el-crecimiento-record-en-junio\/\",\"name\":\"KYMCO ampl\\u00eda la campa\\u00f1a de descuentos hasta el 31 de agosto, tras el crecimiento r\\u00e9cord en junio - KYMCO Espa\\u00f1a\",\"isPartOf\":{\"@id\":\"https:\/\/www.kymco.es\/prensa\/#website\"},\"primaryImageOfPage\":{\"@id\":\"https:\/\/www.kymco.es\/prensa\/nota-de-prensa\/kymco-amplia-la-campana-de-descuentos-hasta-el-31-de-agosto-tras-el-crecimiento-record-en-junio\/#primaryimage\"},\"datePublished\":\"2020-07-01T15:00:03+00:00\",\"dateModified\":\"2020-09-23T15:51:11+00:00\",\"author\":{\"@id\":\"https:\/\/www.kymco.es\/prensa\/#\/schema\/person\/b315bb551f7fe40b3f8f1b4768f556c4\"},\"breadcrumb\":{\"@id\":\"https:\/\/www.kymco.es\/prensa\/nota-de-prensa\/kymco-amplia-la-campana-de-descuentos-hasta-el-31-de-agosto-tras-el-crecimiento-record-en-junio\/#breadcrumb\"},\"inLanguage\":\"es\",\"potentialAction\":[{\"@type\":\"ReadAction\",\"target\":[\"https:\/\/www.kymco.es\/prensa\/nota-de-prensa\/kymco-amplia-la-campana-de-descuentos-hasta-el-31-de-agosto-tras-el-crecimiento-record-en-junio\/\"]}]},{\"@type\":\"BreadcrumbList\",\"@id\":\"https:\/\/www.kymco.es\/prensa\/nota-de-prensa\/kymco-amplia-la-campana-de-descuentos-hasta-el-31-de-agosto-tras-el-crecimiento-record-en-junio\/#breadcrumb\",\"itemListElement\":[{\"@type\":\"ListItem\",\"position\":1,\"name\":\"Portada\",\"item\":\"https:\/\/www.kymco.es\/prensa\/\"},{\"@type\":\"ListItem\",\"position\":2,\"name\":\"KYMCO ampl\\u00eda la campa\\u00f1a de descuentos hasta el 31 de agosto, tras el crecimiento r\\u00e9cord en junio\"}]},{\"@type\":\"Person\",\"@id\":\"https:\/\/www.kymco.es\/prensa\/#\/schema\/person\/b315bb551f7fe40b3f8f1b4768f556c4\",\"name\":\"KYMCO Espa\\u00f1a\",\"url\":\"https:\/\/www.kymco.es\/prensa\/author\/vanessasaedrin\/\"}]}<\/script>\n<!-- \/ Yoast SEO plugin. -->","yoast_head_json":{"title":"KYMCO ampl\u00eda la campa\u00f1a de descuentos hasta el 31 de agosto, tras el crecimiento r\u00e9cord en junio - KYMCO Espa\u00f1a","robots":{"index":"index","follow":"follow","max-snippet":"max-snippet:-1","max-image-preview":"max-image-preview:large","max-video-preview":"max-video-preview:-1"},"canonical":"https:\/\/www.kymco.es\/prensa\/nota-de-prensa\/kymco-amplia-la-campana-de-descuentos-hasta-el-31-de-agosto-tras-el-crecimiento-record-en-junio\/","og_locale":"es_ES","og_type":"article","og_title":"KYMCO ampl\u00eda la campa\u00f1a de descuentos hasta el 31 de agosto, tras el crecimiento r\u00e9cord en junio - KYMCO Espa\u00f1a","og_description":"La marca ha registrado un crecimiento de sus ventas del 34 %, hasta las 2.650 matriculaciones durante el pasado mes de junio. Este aumento de la necesidad de movilidad urbana personal que existe en estos momentos ha impulsado a KYMCO Espa\u00f1a a seguir invirtiendo en ofrecer servicios de valor a los clientes, como es la posibilidad de financiar la gama rebajada (PVR) con el 'Plan D\u00fao' de la marca (pasado un primer tramo, el usuario puede financiarlo de nuevo el \u00faltimo pago pendiente).\u00a0","og_url":"https:\/\/www.kymco.es\/prensa\/nota-de-prensa\/kymco-amplia-la-campana-de-descuentos-hasta-el-31-de-agosto-tras-el-crecimiento-record-en-junio\/","og_site_name":"KYMCO Espa\u00f1a","article_published_time":"2020-07-01T15:00:03+00:00","article_modified_time":"2020-09-23T15:51:11+00:00","og_image":[{"width":1200,"height":800,"url":"https:\/\/www.kymco.es\/prensa\/wp-content\/uploads\/2020\/07\/gama-resolucion-300.jpg","path":"\/var\/www\/html\/kymco.es\/prensa\/wp-content\/uploads\/2020\/07\/gama-resolucion-300.jpg","size":"full","id":5613,"alt":"","pixels":960000,"type":"image\/jpeg"}],"twitter_card":"summary_large_image","twitter_misc":{"Escrito por":"KYMCO Espa\u00f1a","Tiempo de lectura":"4 minutos"},"schema":{"@context":"https:\/\/schema.org","@graph":[{"@type":"WebSite","@id":"https:\/\/www.kymco.es\/prensa\/#website","url":"https:\/\/www.kymco.es\/prensa\/","name":"KYMCO Espa\u00f1a","description":"Marca de movilidad personal","potentialAction":[{"@type":"SearchAction","target":{"@type":"EntryPoint","urlTemplate":"https:\/\/www.kymco.es\/prensa\/?s={search_term_string}"},"query-input":"required name=search_term_string"}],"inLanguage":"es"},{"@type":"ImageObject","@id":"https:\/\/www.kymco.es\/prensa\/nota-de-prensa\/kymco-amplia-la-campana-de-descuentos-hasta-el-31-de-agosto-tras-el-crecimiento-record-en-junio\/#primaryimage","inLanguage":"es","url":"https:\/\/www.kymco.es\/prensa\/wp-content\/uploads\/2020\/07\/gama-resolucion-300.jpg","contentUrl":"https:\/\/www.kymco.es\/prensa\/wp-content\/uploads\/2020\/07\/gama-resolucion-300.jpg","width":1200,"height":800},{"@type":"WebPage","@id":"https:\/\/www.kymco.es\/prensa\/nota-de-prensa\/kymco-amplia-la-campana-de-descuentos-hasta-el-31-de-agosto-tras-el-crecimiento-record-en-junio\/#webpage","url":"https:\/\/www.kymco.es\/prensa\/nota-de-prensa\/kymco-amplia-la-campana-de-descuentos-hasta-el-31-de-agosto-tras-el-crecimiento-record-en-junio\/","name":"KYMCO ampl\u00eda la campa\u00f1a de descuentos hasta el 31 de agosto, tras el crecimiento r\u00e9cord en junio - KYMCO Espa\u00f1a","isPartOf":{"@id":"https:\/\/www.kymco.es\/prensa\/#website"},"primaryImageOfPage":{"@id":"https:\/\/www.kymco.es\/prensa\/nota-de-prensa\/kymco-amplia-la-campana-de-descuentos-hasta-el-31-de-agosto-tras-el-crecimiento-record-en-junio\/#primaryimage"},"datePublished":"2020-07-01T15:00:03+00:00","dateModified":"2020-09-23T15:51:11+00:00","author":{"@id":"https:\/\/www.kymco.es\/prensa\/#\/schema\/person\/b315bb551f7fe40b3f8f1b4768f556c4"},"breadcrumb":{"@id":"https:\/\/www.kymco.es\/prensa\/nota-de-prensa\/kymco-amplia-la-campana-de-descuentos-hasta-el-31-de-agosto-tras-el-crecimiento-record-en-junio\/#breadcrumb"},"inLanguage":"es","potentialAction":[{"@type":"ReadAction","target":["https:\/\/www.kymco.es\/prensa\/nota-de-prensa\/kymco-amplia-la-campana-de-descuentos-hasta-el-31-de-agosto-tras-el-crecimiento-record-en-junio\/"]}]},{"@type":"BreadcrumbList","@id":"https:\/\/www.kymco.es\/prensa\/nota-de-prensa\/kymco-amplia-la-campana-de-descuentos-hasta-el-31-de-agosto-tras-el-crecimiento-record-en-junio\/#breadcrumb","itemListElement":[{"@type":"ListItem","position":1,"name":"Portada","item":"https:\/\/www.kymco.es\/prensa\/"},{"@type":"ListItem","position":2,"name":"KYMCO ampl\u00eda la campa\u00f1a de descuentos hasta el 31 de agosto, tras el crecimiento r\u00e9cord en junio"}]},{"@type":"Person","@id":"https:\/\/www.kymco.es\/prensa\/#\/schema\/person\/b315bb551f7fe40b3f8f1b4768f556c4","name":"KYMCO Espa\u00f1a","url":"https:\/\/www.kymco.es\/prensa\/author\/vanessasaedrin\/"}]}},"_links":{"self":[{"href":"https:\/\/www.kymco.es\/prensa\/wp-json\/wp\/v2\/posts\/5537"}],"collection":[{"href":"https:\/\/www.kymco.es\/prensa\/wp-json\/wp\/v2\/posts"}],"about":[{"href":"https:\/\/www.kymco.es\/prensa\/wp-json\/wp\/v2\/types\/post"}],"author":[{"embeddable":true,"href":"https:\/\/www.kymco.es\/prensa\/wp-json\/wp\/v2\/users\/2"}],"replies":[{"embeddable":true,"href":"https:\/\/www.kymco.es\/prensa\/wp-json\/wp\/v2\/comments?post=5537"}],"version-history":[{"count":6,"href":"https:\/\/www.kymco.es\/prensa\/wp-json\/wp\/v2\/posts\/5537\/revisions"}],"predecessor-version":[{"id":7266,"href":"https:\/\/www.kymco.es\/prensa\/wp-json\/wp\/v2\/posts\/5537\/revisions\/7266"}],"wp:featuredmedia":[{"embeddable":true,"href":"https:\/\/www.kymco.es\/prensa\/wp-json\/wp\/v2\/media\/5613"}],"wp:attachment":[{"href":"https:\/\/www.kymco.es\/prensa\/wp-json\/wp\/v2\/media?parent=5537"}],"wp:term":[{"taxonomy":"category","embeddable":true,"href":"https:\/\/www.kymco.es\/prensa\/wp-json\/wp\/v2\/categories?post=5537"},{"taxonomy":"post_tag","embeddable":true,"href":"https:\/\/www.kymco.es\/prensa\/wp-json\/wp\/v2\/tags?post=5537"}],"curies":[{"name":"wp","href":"https:\/\/api.w.org\/{rel}","templated":true}]}}