{"id":4834,"date":"2020-05-07T10:18:34","date_gmt":"2020-05-07T08:18:34","guid":{"rendered":"https:\/\/kymco.es\/prensa\/?p=4834"},"modified":"2020-07-09T17:44:03","modified_gmt":"2020-07-09T15:44:03","slug":"kymco-espana-da-luz-verde-al-nuevo-plan-de-accion-con-3-claves-para-impulsar-su-crecimiento-con-foco-en-el-cliente","status":"publish","type":"post","link":"https:\/\/www.kymco.es\/prensa\/corporativo\/kymco-espana-da-luz-verde-al-nuevo-plan-de-accion-con-3-claves-para-impulsar-su-crecimiento-con-foco-en-el-cliente\/","title":{"rendered":"KYMCO Espa\u00f1a da luz verde al nuevo plan de acci\u00f3n con 3 claves para impulsar su crecimiento con foco en el cliente"},"content":{"rendered":"<ul>\n<li><strong>M\u00e1s gama urbana: Agility 50, el veh\u00edculo con la mayor relaci\u00f3n inversi\u00f3n\/retorno, llega en junio<\/strong><\/li>\n<li><strong>M\u00e1s ahorros: \u2018Easy Days\u2019 KYMCO, con descuentos de hasta 950 euros <\/strong><\/li>\n<li><strong>M\u00e1s servicios: seguros obligatorios incluidos de serie, planes de financiaci\u00f3n para la compra y mantenimiento, solicitud \u2018online\u2019 de veh\u00edculos demos, m\u00e1s transparencia\u2026<\/strong><\/li>\n<\/ul>\n<p>&nbsp;<\/p>\n<p><a href=\"https:\/\/www.kymco.es\/prensa\/wp-content\/uploads\/2020\/05\/kymco-fococliente.jpg\"><img class=\"alignnone size-full wp-image-5856\" src=\"https:\/\/www.kymco.es\/prensa\/wp-content\/uploads\/2020\/05\/kymco-fococliente.jpg\" alt=\"\" width=\"1200\" height=\"800\" srcset=\"https:\/\/www.kymco.es\/prensa\/wp-content\/uploads\/2020\/05\/kymco-fococliente-200x133.jpg 200w, https:\/\/www.kymco.es\/prensa\/wp-content\/uploads\/2020\/05\/kymco-fococliente-300x200.jpg 300w, https:\/\/www.kymco.es\/prensa\/wp-content\/uploads\/2020\/05\/kymco-fococliente-370x247.jpg 370w, https:\/\/www.kymco.es\/prensa\/wp-content\/uploads\/2020\/05\/kymco-fococliente-400x267.jpg 400w, https:\/\/www.kymco.es\/prensa\/wp-content\/uploads\/2020\/05\/kymco-fococliente-600x400.jpg 600w, https:\/\/www.kymco.es\/prensa\/wp-content\/uploads\/2020\/05\/kymco-fococliente-768x512.jpg 768w, https:\/\/www.kymco.es\/prensa\/wp-content\/uploads\/2020\/05\/kymco-fococliente-800x533.jpg 800w, https:\/\/www.kymco.es\/prensa\/wp-content\/uploads\/2020\/05\/kymco-fococliente-900x600.jpg 900w, https:\/\/www.kymco.es\/prensa\/wp-content\/uploads\/2020\/05\/kymco-fococliente-1024x683.jpg 1024w, https:\/\/www.kymco.es\/prensa\/wp-content\/uploads\/2020\/05\/kymco-fococliente.jpg 1200w\" sizes=\"(max-width: 1200px) 100vw, 1200px\" \/><\/a><\/p>\n<p><strong>Madrid, 7 de mayo. <\/strong>KYMCO, marca especializada en la movilidad personal, ha dado luz verde este jueves al<strong> plan de acci\u00f3n global<\/strong> que persigue principalmente impulsar su crecimiento sostenible en la actual campa\u00f1a de verano con foco en el cliente. \u00a0<\/p>\n<p>Las principales decisiones incluyen <strong>ampliaci\u00f3n de gama,<\/strong> especialmente con un nuevo scooter pensado para la ciudad (50 cc); <strong>fuertes descuentos<\/strong> en los precios de venta recomendados (PVR) de hasta 950 euros; y m\u00e1s <strong>servicios de valor<\/strong> para el cliente.<\/p>\n<p><strong>Lanzamiento Agility 50: el veh\u00edculo de mayor inversi\u00f3n\/retorno del mercado pensado en la movilidad urbana<\/strong><\/p>\n<p>KYMCO incluir\u00e1 en su gama el <strong>ciclomotor de mayor inversi\u00f3n\/retorno del mercado<\/strong> para el mes de junio. Se trata de <strong>Agility 50<\/strong> que destaca por su <strong>gran ligereza<\/strong> (solo 97 kilos), su <strong>escaso consumo<\/strong> (2,1 litros a los 100 kil\u00f3metros) y sus <strong>bajas emisiones<\/strong>. Es robusto, fiable y f\u00e1cil de mantener. Su aspecto es moderno y actual y se ofrecer\u00e1 en dos colores, <strong>azul y negro<\/strong>.<\/p>\n<p>Agility 50 se comercializar\u00e1 con el <strong>seguro obligatorio de serie <\/strong>(compa\u00f1\u00eda aseguradora Allianz) a un precio de venta recomendado de solo <strong>1.749 euros<\/strong> (ver campa\u00f1a \u2018Easy Days\u2019 abajo). Este aspecto le convierte en la <strong>opci\u00f3n de movilidad urbana m\u00e1s atractiva, <\/strong>sobre todo, si se tiene en cuenta que las p\u00f3lizas de los ciclomotores pueden resultar muy costosas, incluso, pueden llegar a ser m\u00e1s elevadas que las p\u00f3lizas de motocicletas (125 cc y m\u00e1s).<\/p>\n<p>Adem\u00e1s, KYMCO ofrece <strong>facilidad de financiaci\u00f3n<\/strong> para adquirir este nuevo veh\u00edculo. Agility 50 ha entrado en el programa \u2018Plan D\u00fao\u2019 seg\u00fan el cual, se comercializa por solo <strong>39,94 euros al mes<\/strong> durante los primeros 24 meses, y pasado este periodo, el cliente puede decidir entre hacer un \u00fanico pago de la cantidad pendiente (961,89 euros) o fraccionarla en otros 24 meses.<\/p>\n<p><strong>Ahorros de hasta 950 euros<\/strong><\/p>\n<p>KYMCO ha activado desde este jueves la campa\u00f1a \u2018Easy Days\u2019 con fuertes descuentos de hasta 950 euros, hasta el 30 de junio. Bajo el <em>claim<\/em> \u2018Licencia para moverte\u2019, la campa\u00f1a prev\u00e9 ahorros en 11 veh\u00edculos de su gama (ver tabla abajo).<\/p>\n<p><strong>\u00a0<\/strong><strong>M\u00e1s servicios de valor <\/strong><\/p>\n<p>El tercer elemento del plan se centra en impulsar el <strong>valor al cliente,<\/strong> que es donde la marca trabaja su deseo de diferenciaci\u00f3n y disrupci\u00f3n constante.<\/p>\n<p>Adem\u00e1s de ofrecer los grandes descuentos, la marca ha extendido el <strong>seguro de serie en toda su gama de veh\u00edculos particulares<\/strong> (p\u00f3liza de la Aseguradora Allianz), con el refuerzo de la <strong>cobertura de robo<\/strong> para todos los megascooters disponibles y para las motocicletas de 125 cc People S y Super Dink.<\/p>\n<p>Pero, es m\u00e1s, KYMCO ha extendido su programa de financiaci\u00f3n \u00e1gil, el llamado <strong>Plan D\u00fao, a toda la gama de veh\u00edculos particulares.<\/strong> En concreto, los ciclomotores Agility y Agility City, y los scooters de 125 Like, Miller, Filly, People S y Agility City se podr\u00e1n financiar en un primer tramo de 24 meses y un segundo a decidir entre un \u00fanico pago o 24 mensualidades El Plan D\u00fao para el resto de la gama se divide en un primer tramo de 35 cuotas y un segundo a decidir entre un \u00fanico pago o 35 cuotas mensuales.<\/p>\n<p>Adem\u00e1s, la marca prev\u00e9 financiaci\u00f3n <strong>gratuita 0% TAE <\/strong>para <strong>el megascooter m\u00e1s potente y avanzado, AK 550: 60 cuotas de solo 154,98 euros durante la campa\u00f1a \u2018Easy Days\u2019 (hasta 30 de junio).<\/strong><\/p>\n<style type=\"text\/css\">.fusion-gallery-1 .fusion-gallery-image {border:0px solid #f6f6f6;}<\/style><div class=\"fusion-gallery fusion-gallery-container fusion-grid-1 fusion-columns-total-1 fusion-gallery-layout-grid fusion-gallery-1\" style=\"margin:-5px;\"><div style=\"padding:5px;\" class=\"fusion-grid-column fusion-gallery-column fusion-gallery-column-1 hover-type-zoomin\"><div class=\"fusion-gallery-image\"><a href=\"https:\/\/www.kymco.es\/prensa\/wp-content\/uploads\/2020\/05\/kymco-easy-days-30junio.jpg\" rel=\"noreferrer\" data-rel=\"iLightbox[gallery_image_1]\" class=\"fusion-lightbox\" target=\"_self\"><img src=\"https:\/\/www.kymco.es\/prensa\/wp-content\/uploads\/2020\/05\/kymco-easy-days-30junio.jpg\" width=\"1199\" height=\"1440\" alt=\"\" title=\"KYMCO_Easy_Days_30junio\" aria-label=\"KYMCO_Easy_Days_30junio\" class=\"img-responsive wp-image-5853\" srcset=\"https:\/\/www.kymco.es\/prensa\/wp-content\/uploads\/2020\/05\/kymco-easy-days-30junio-200x240.jpg 200w, https:\/\/www.kymco.es\/prensa\/wp-content\/uploads\/2020\/05\/kymco-easy-days-30junio-400x480.jpg 400w, https:\/\/www.kymco.es\/prensa\/wp-content\/uploads\/2020\/05\/kymco-easy-days-30junio-600x721.jpg 600w, https:\/\/www.kymco.es\/prensa\/wp-content\/uploads\/2020\/05\/kymco-easy-days-30junio-800x961.jpg 800w, https:\/\/www.kymco.es\/prensa\/wp-content\/uploads\/2020\/05\/kymco-easy-days-30junio.jpg 1199w\" sizes=\"(min-width: 2200px) 100vw, (min-width: 640px) 1240px, \" \/><\/a><\/div><\/div><div class=\"clearfix\"><\/div><\/div>\n<p>Por el lado de la posventa, KYMCO ofrece tambi\u00e9n financiaci\u00f3n de las<strong> reparaciones y mantenimiento del veh\u00edculo al 0% TAE <\/strong>hasta 10 meses sin intereses en m\u00e1s de 1.000 Servicios Oficiales KYMCO. Se trata del nuevo servicio <strong>Flexitaller,<\/strong> un servicio que el cliente lo puede solicitar en el momento que lo desee.<\/p>\n<p>Por \u00faltimo, la marca ha impulsado un <strong>mayor servicio al cliente<\/strong> basado en nuevas aplicaciones a trav\u00e9s de la nueva web kymco.es (solicitud de veh\u00edculos demos, por ejemplo) y m\u00e1s informaci\u00f3n disponible (comparativas, Faqs, nueva \u00e1rea privada\u2026).<\/p>\n","protected":false},"excerpt":{"rendered":"<p>KYMCO, marca especializada en la movilidad personal, ha dado luz verde este jueves al plan de acci\u00f3n global que persigue principalmente impulsar su <strong>crecimiento sostenible<\/strong> en la actual<strong> campa\u00f1a de verano<\/strong> con foco en el <strong>cliente. \u00a0<\/strong><\/p>\n","protected":false},"author":2,"featured_media":5856,"comment_status":"closed","ping_status":"closed","sticky":false,"template":"","format":"standard","meta":[],"categories":[520,449,441,519],"tags":[515],"yoast_head":"<!-- This site is optimized with the Yoast SEO plugin v17.1 - https:\/\/yoast.com\/wordpress\/plugins\/seo\/ -->\n<title>KYMCO Espa\u00f1a da luz verde al nuevo plan de acci\u00f3n con 3 claves para impulsar su crecimiento con foco en el cliente - KYMCO Espa\u00f1a<\/title>\n<meta name=\"robots\" content=\"index, follow, max-snippet:-1, max-image-preview:large, max-video-preview:-1\" \/>\n<link rel=\"canonical\" href=\"https:\/\/www.kymco.es\/prensa\/corporativo\/kymco-espana-da-luz-verde-al-nuevo-plan-de-accion-con-3-claves-para-impulsar-su-crecimiento-con-foco-en-el-cliente\/\" \/>\n<meta property=\"og:locale\" content=\"es_ES\" \/>\n<meta property=\"og:type\" content=\"article\" \/>\n<meta property=\"og:title\" content=\"KYMCO Espa\u00f1a da luz verde al nuevo plan de acci\u00f3n con 3 claves para impulsar su crecimiento con foco en el cliente - KYMCO Espa\u00f1a\" \/>\n<meta property=\"og:description\" content=\"KYMCO, marca especializada en la movilidad personal, ha dado luz verde este jueves al plan de acci\u00f3n global que persigue principalmente impulsar su crecimiento sostenible en la actual campa\u00f1a de verano con foco en el cliente. \u00a0\" \/>\n<meta property=\"og:url\" content=\"https:\/\/www.kymco.es\/prensa\/corporativo\/kymco-espana-da-luz-verde-al-nuevo-plan-de-accion-con-3-claves-para-impulsar-su-crecimiento-con-foco-en-el-cliente\/\" \/>\n<meta property=\"og:site_name\" content=\"KYMCO Espa\u00f1a\" \/>\n<meta property=\"article:published_time\" content=\"2020-05-07T08:18:34+00:00\" \/>\n<meta property=\"article:modified_time\" content=\"2020-07-09T15:44:03+00:00\" \/>\n<meta property=\"og:image\" content=\"https:\/\/kymco.es\/prensa\/wp-content\/uploads\/2020\/05\/kymco-fococliente.jpg\" \/>\n\t<meta property=\"og:image:width\" content=\"1200\" \/>\n\t<meta property=\"og:image:height\" content=\"800\" \/>\n<meta name=\"twitter:card\" content=\"summary_large_image\" \/>\n<meta name=\"twitter:label1\" content=\"Escrito por\" \/>\n\t<meta name=\"twitter:data1\" content=\"KYMCO Espa\u00f1a\" \/>\n\t<meta name=\"twitter:label2\" content=\"Tiempo de lectura\" \/>\n\t<meta name=\"twitter:data2\" content=\"4 minutos\" \/>\n<script type=\"application\/ld+json\" class=\"yoast-schema-graph\">{\"@context\":\"https:\/\/schema.org\",\"@graph\":[{\"@type\":\"WebSite\",\"@id\":\"https:\/\/www.kymco.es\/prensa\/#website\",\"url\":\"https:\/\/www.kymco.es\/prensa\/\",\"name\":\"KYMCO Espa\\u00f1a\",\"description\":\"Marca de movilidad personal\",\"potentialAction\":[{\"@type\":\"SearchAction\",\"target\":{\"@type\":\"EntryPoint\",\"urlTemplate\":\"https:\/\/www.kymco.es\/prensa\/?s={search_term_string}\"},\"query-input\":\"required name=search_term_string\"}],\"inLanguage\":\"es\"},{\"@type\":\"ImageObject\",\"@id\":\"https:\/\/www.kymco.es\/prensa\/corporativo\/kymco-espana-da-luz-verde-al-nuevo-plan-de-accion-con-3-claves-para-impulsar-su-crecimiento-con-foco-en-el-cliente\/#primaryimage\",\"inLanguage\":\"es\",\"url\":\"https:\/\/www.kymco.es\/prensa\/wp-content\/uploads\/2020\/05\/kymco-fococliente.jpg\",\"contentUrl\":\"https:\/\/www.kymco.es\/prensa\/wp-content\/uploads\/2020\/05\/kymco-fococliente.jpg\",\"width\":1200,\"height\":800},{\"@type\":\"WebPage\",\"@id\":\"https:\/\/www.kymco.es\/prensa\/corporativo\/kymco-espana-da-luz-verde-al-nuevo-plan-de-accion-con-3-claves-para-impulsar-su-crecimiento-con-foco-en-el-cliente\/#webpage\",\"url\":\"https:\/\/www.kymco.es\/prensa\/corporativo\/kymco-espana-da-luz-verde-al-nuevo-plan-de-accion-con-3-claves-para-impulsar-su-crecimiento-con-foco-en-el-cliente\/\",\"name\":\"KYMCO Espa\\u00f1a da luz verde al nuevo plan de acci\\u00f3n con 3 claves para impulsar su crecimiento con foco en el cliente - KYMCO Espa\\u00f1a\",\"isPartOf\":{\"@id\":\"https:\/\/www.kymco.es\/prensa\/#website\"},\"primaryImageOfPage\":{\"@id\":\"https:\/\/www.kymco.es\/prensa\/corporativo\/kymco-espana-da-luz-verde-al-nuevo-plan-de-accion-con-3-claves-para-impulsar-su-crecimiento-con-foco-en-el-cliente\/#primaryimage\"},\"datePublished\":\"2020-05-07T08:18:34+00:00\",\"dateModified\":\"2020-07-09T15:44:03+00:00\",\"author\":{\"@id\":\"https:\/\/www.kymco.es\/prensa\/#\/schema\/person\/b315bb551f7fe40b3f8f1b4768f556c4\"},\"breadcrumb\":{\"@id\":\"https:\/\/www.kymco.es\/prensa\/corporativo\/kymco-espana-da-luz-verde-al-nuevo-plan-de-accion-con-3-claves-para-impulsar-su-crecimiento-con-foco-en-el-cliente\/#breadcrumb\"},\"inLanguage\":\"es\",\"potentialAction\":[{\"@type\":\"ReadAction\",\"target\":[\"https:\/\/www.kymco.es\/prensa\/corporativo\/kymco-espana-da-luz-verde-al-nuevo-plan-de-accion-con-3-claves-para-impulsar-su-crecimiento-con-foco-en-el-cliente\/\"]}]},{\"@type\":\"BreadcrumbList\",\"@id\":\"https:\/\/www.kymco.es\/prensa\/corporativo\/kymco-espana-da-luz-verde-al-nuevo-plan-de-accion-con-3-claves-para-impulsar-su-crecimiento-con-foco-en-el-cliente\/#breadcrumb\",\"itemListElement\":[{\"@type\":\"ListItem\",\"position\":1,\"name\":\"Portada\",\"item\":\"https:\/\/www.kymco.es\/prensa\/\"},{\"@type\":\"ListItem\",\"position\":2,\"name\":\"KYMCO Espa\\u00f1a da luz verde al nuevo plan de acci\\u00f3n con 3 claves para impulsar su crecimiento con foco en el cliente\"}]},{\"@type\":\"Person\",\"@id\":\"https:\/\/www.kymco.es\/prensa\/#\/schema\/person\/b315bb551f7fe40b3f8f1b4768f556c4\",\"name\":\"KYMCO Espa\\u00f1a\",\"url\":\"https:\/\/www.kymco.es\/prensa\/author\/vanessasaedrin\/\"}]}<\/script>\n<!-- \/ Yoast SEO plugin. -->","yoast_head_json":{"title":"KYMCO Espa\u00f1a da luz verde al nuevo plan de acci\u00f3n con 3 claves para impulsar su crecimiento con foco en el cliente - KYMCO Espa\u00f1a","robots":{"index":"index","follow":"follow","max-snippet":"max-snippet:-1","max-image-preview":"max-image-preview:large","max-video-preview":"max-video-preview:-1"},"canonical":"https:\/\/www.kymco.es\/prensa\/corporativo\/kymco-espana-da-luz-verde-al-nuevo-plan-de-accion-con-3-claves-para-impulsar-su-crecimiento-con-foco-en-el-cliente\/","og_locale":"es_ES","og_type":"article","og_title":"KYMCO Espa\u00f1a da luz verde al nuevo plan de acci\u00f3n con 3 claves para impulsar su crecimiento con foco en el cliente - KYMCO Espa\u00f1a","og_description":"KYMCO, marca especializada en la movilidad personal, ha dado luz verde este jueves al plan de acci\u00f3n global que persigue principalmente impulsar su crecimiento sostenible en la actual campa\u00f1a de verano con foco en el cliente. \u00a0","og_url":"https:\/\/www.kymco.es\/prensa\/corporativo\/kymco-espana-da-luz-verde-al-nuevo-plan-de-accion-con-3-claves-para-impulsar-su-crecimiento-con-foco-en-el-cliente\/","og_site_name":"KYMCO Espa\u00f1a","article_published_time":"2020-05-07T08:18:34+00:00","article_modified_time":"2020-07-09T15:44:03+00:00","og_image":[{"width":1200,"height":800,"url":"https:\/\/kymco.es\/prensa\/wp-content\/uploads\/2020\/05\/kymco-fococliente.jpg","path":"\/var\/www\/html\/kymco.es\/prensa\/wp-content\/uploads\/2020\/05\/kymco-fococliente.jpg","size":"full","id":5856,"alt":"","pixels":960000,"type":"image\/jpeg"}],"twitter_card":"summary_large_image","twitter_misc":{"Escrito por":"KYMCO Espa\u00f1a","Tiempo de lectura":"4 minutos"},"schema":{"@context":"https:\/\/schema.org","@graph":[{"@type":"WebSite","@id":"https:\/\/www.kymco.es\/prensa\/#website","url":"https:\/\/www.kymco.es\/prensa\/","name":"KYMCO Espa\u00f1a","description":"Marca de movilidad personal","potentialAction":[{"@type":"SearchAction","target":{"@type":"EntryPoint","urlTemplate":"https:\/\/www.kymco.es\/prensa\/?s={search_term_string}"},"query-input":"required name=search_term_string"}],"inLanguage":"es"},{"@type":"ImageObject","@id":"https:\/\/www.kymco.es\/prensa\/corporativo\/kymco-espana-da-luz-verde-al-nuevo-plan-de-accion-con-3-claves-para-impulsar-su-crecimiento-con-foco-en-el-cliente\/#primaryimage","inLanguage":"es","url":"https:\/\/www.kymco.es\/prensa\/wp-content\/uploads\/2020\/05\/kymco-fococliente.jpg","contentUrl":"https:\/\/www.kymco.es\/prensa\/wp-content\/uploads\/2020\/05\/kymco-fococliente.jpg","width":1200,"height":800},{"@type":"WebPage","@id":"https:\/\/www.kymco.es\/prensa\/corporativo\/kymco-espana-da-luz-verde-al-nuevo-plan-de-accion-con-3-claves-para-impulsar-su-crecimiento-con-foco-en-el-cliente\/#webpage","url":"https:\/\/www.kymco.es\/prensa\/corporativo\/kymco-espana-da-luz-verde-al-nuevo-plan-de-accion-con-3-claves-para-impulsar-su-crecimiento-con-foco-en-el-cliente\/","name":"KYMCO Espa\u00f1a da luz verde al nuevo plan de acci\u00f3n con 3 claves para impulsar su crecimiento con foco en el cliente - KYMCO Espa\u00f1a","isPartOf":{"@id":"https:\/\/www.kymco.es\/prensa\/#website"},"primaryImageOfPage":{"@id":"https:\/\/www.kymco.es\/prensa\/corporativo\/kymco-espana-da-luz-verde-al-nuevo-plan-de-accion-con-3-claves-para-impulsar-su-crecimiento-con-foco-en-el-cliente\/#primaryimage"},"datePublished":"2020-05-07T08:18:34+00:00","dateModified":"2020-07-09T15:44:03+00:00","author":{"@id":"https:\/\/www.kymco.es\/prensa\/#\/schema\/person\/b315bb551f7fe40b3f8f1b4768f556c4"},"breadcrumb":{"@id":"https:\/\/www.kymco.es\/prensa\/corporativo\/kymco-espana-da-luz-verde-al-nuevo-plan-de-accion-con-3-claves-para-impulsar-su-crecimiento-con-foco-en-el-cliente\/#breadcrumb"},"inLanguage":"es","potentialAction":[{"@type":"ReadAction","target":["https:\/\/www.kymco.es\/prensa\/corporativo\/kymco-espana-da-luz-verde-al-nuevo-plan-de-accion-con-3-claves-para-impulsar-su-crecimiento-con-foco-en-el-cliente\/"]}]},{"@type":"BreadcrumbList","@id":"https:\/\/www.kymco.es\/prensa\/corporativo\/kymco-espana-da-luz-verde-al-nuevo-plan-de-accion-con-3-claves-para-impulsar-su-crecimiento-con-foco-en-el-cliente\/#breadcrumb","itemListElement":[{"@type":"ListItem","position":1,"name":"Portada","item":"https:\/\/www.kymco.es\/prensa\/"},{"@type":"ListItem","position":2,"name":"KYMCO Espa\u00f1a da luz verde al nuevo plan de acci\u00f3n con 3 claves para impulsar su crecimiento con foco en el cliente"}]},{"@type":"Person","@id":"https:\/\/www.kymco.es\/prensa\/#\/schema\/person\/b315bb551f7fe40b3f8f1b4768f556c4","name":"KYMCO Espa\u00f1a","url":"https:\/\/www.kymco.es\/prensa\/author\/vanessasaedrin\/"}]}},"_links":{"self":[{"href":"https:\/\/www.kymco.es\/prensa\/wp-json\/wp\/v2\/posts\/4834"}],"collection":[{"href":"https:\/\/www.kymco.es\/prensa\/wp-json\/wp\/v2\/posts"}],"about":[{"href":"https:\/\/www.kymco.es\/prensa\/wp-json\/wp\/v2\/types\/post"}],"author":[{"embeddable":true,"href":"https:\/\/www.kymco.es\/prensa\/wp-json\/wp\/v2\/users\/2"}],"replies":[{"embeddable":true,"href":"https:\/\/www.kymco.es\/prensa\/wp-json\/wp\/v2\/comments?post=4834"}],"version-history":[{"count":5,"href":"https:\/\/www.kymco.es\/prensa\/wp-json\/wp\/v2\/posts\/4834\/revisions"}],"predecessor-version":[{"id":5857,"href":"https:\/\/www.kymco.es\/prensa\/wp-json\/wp\/v2\/posts\/4834\/revisions\/5857"}],"wp:featuredmedia":[{"embeddable":true,"href":"https:\/\/www.kymco.es\/prensa\/wp-json\/wp\/v2\/media\/5856"}],"wp:attachment":[{"href":"https:\/\/www.kymco.es\/prensa\/wp-json\/wp\/v2\/media?parent=4834"}],"wp:term":[{"taxonomy":"category","embeddable":true,"href":"https:\/\/www.kymco.es\/prensa\/wp-json\/wp\/v2\/categories?post=4834"},{"taxonomy":"post_tag","embeddable":true,"href":"https:\/\/www.kymco.es\/prensa\/wp-json\/wp\/v2\/tags?post=4834"}],"curies":[{"name":"wp","href":"https:\/\/api.w.org\/{rel}","templated":true}]}}