{"id":2414,"date":"2019-10-15T16:15:36","date_gmt":"2019-10-15T14:15:36","guid":{"rendered":"https:\/\/kymco.es\/prensa\/?p=2414"},"modified":"2020-07-16T17:01:30","modified_gmt":"2020-07-16T15:01:30","slug":"kymco-vuelve-al-ciclomotor-en-2020","status":"publish","type":"post","link":"https:\/\/www.kymco.es\/prensa\/novedades\/kymco-vuelve-al-ciclomotor-en-2020\/","title":{"rendered":"KYMCO vuelve al ciclomotor en 2020"},"content":{"rendered":"<style type=\"text\/css\">.fusion-gallery-1 .fusion-gallery-image {border:0px solid #f6f6f6;}<\/style><div class=\"fusion-gallery fusion-gallery-container fusion-grid-1 fusion-columns-total-1 fusion-gallery-layout-grid fusion-gallery-1\" style=\"margin:-5px;\"><div style=\"padding:5px;\" class=\"fusion-grid-column fusion-gallery-column fusion-gallery-column-1 hover-type-zoomin\"><div class=\"fusion-gallery-image\"><a href=\"https:\/\/www.kymco.es\/prensa\/wp-content\/uploads\/2020\/02\/agility-city-50-general-marron-1-compressor.jpg\" rel=\"noreferrer\" data-rel=\"iLightbox[gallery_image_1]\" class=\"fusion-lightbox\" target=\"_self\"><img src=\"https:\/\/www.kymco.es\/prensa\/wp-content\/uploads\/2020\/02\/agility-city-50-general-marron-1-compressor.jpg\" width=\"2161\" height=\"1440\" alt=\"\" title=\"Agility-City-50-General-Marr\u00f3n-1-compressor\" aria-label=\"Agility-City-50-General-Marr\u00f3n-1-compressor\" class=\"img-responsive wp-image-3066\" srcset=\"https:\/\/www.kymco.es\/prensa\/wp-content\/uploads\/2020\/02\/agility-city-50-general-marron-1-compressor-200x133.jpg 200w, https:\/\/www.kymco.es\/prensa\/wp-content\/uploads\/2020\/02\/agility-city-50-general-marron-1-compressor-400x267.jpg 400w, https:\/\/www.kymco.es\/prensa\/wp-content\/uploads\/2020\/02\/agility-city-50-general-marron-1-compressor-600x400.jpg 600w, https:\/\/www.kymco.es\/prensa\/wp-content\/uploads\/2020\/02\/agility-city-50-general-marron-1-compressor-800x533.jpg 800w, https:\/\/www.kymco.es\/prensa\/wp-content\/uploads\/2020\/02\/agility-city-50-general-marron-1-compressor-1200x800.jpg 1200w, https:\/\/www.kymco.es\/prensa\/wp-content\/uploads\/2020\/02\/agility-city-50-general-marron-1-compressor.jpg 2161w\" sizes=\"(min-width: 2200px) 100vw, (min-width: 640px) 1240px, \" \/><\/a><\/div><\/div><div class=\"clearfix\"><\/div><\/div>\n<p>&nbsp;<\/p>\n<ul>\n<li>\u00a0<strong>Arranca en febrero con la versi\u00f3n de 50 cc del superventas Agility City a un precio muy competitivo<\/strong><\/li>\n<li><strong>Top 3 de las marcas de scooter de 50 cc m\u00e1s demandas por los particulares con una previsi\u00f3n de ventas de 2.000 unidades para el pr\u00f3ximo ejercicio<\/strong><br \/>\n\u00a0<\/li>\n<\/ul>\n<p><strong>Madrid, 15 de octubre.<\/strong> KYMCO Espa\u00f1a ha anunciado que reactivar\u00e1 la comercializaci\u00f3n de ciclomotores tipo scooter (hasta 50 cc) en menos de cuatro meses bajo un plan que le permitir\u00e1 a corto plazo recuperar su protagonismo en el mercado del ciclomotor y situarse de nuevo en\u00a0<strong>el top 3\u00a0<\/strong>de las marcas m\u00e1s vendidas del mercado de scooter de 50 cc del canal Particular. Este planteamiento se traduce en un objetivo de ventas para 2020 de <strong>2.000 unidades.<\/strong><\/p>\n<p>Los principales ejes del plan se basan en el lanzamiento de <strong>tres modelos nuevos,<\/strong>\u00a0muy\u00a0<strong>competitivos por precio y por creaci\u00f3n de valor al cliente\u00a0<\/strong>y con motores de\u00a0<strong>4 tiempos<\/strong>\u00a0Euro 4, que evolucionar\u00e1n a Euro 5 (etapa obligatoria en 2021).<\/p>\n<p>Esta vuelta al ciclomotor de KYMCO arrancar\u00e1 el pr\u00f3ximo mes de<strong>\u00a0febrero<\/strong>\u00a0con el lanzamiento de la versi\u00f3n de\u00a0<strong>50 cc de la familia Agility<\/strong>\u00a0<strong>City<\/strong>, cuya motorizaci\u00f3n de 125 cc es el superventas de la marca por excelencia. Precio de venta recomendado, plan GENIUS (seguro incluido, financiaci\u00f3n, extensi\u00f3n de garant\u00edas\u2026), <strong>colores y otros detalles t\u00e9cnicos se anunciar\u00e1n en las pr\u00f3ximas semanas.<\/strong><\/p>\n<p>KYMCO Espa\u00f1a dej\u00f3 de comercializar ciclomotores en 2018 y 2019 (aproximadamente el 10% del volumen total de sus ventas) para concentrar sus esfuerzos fundamentalmente en los scooters de 125 cc (75% del volumen aproximadamente) en una etapa protagonizada por la renovaci\u00f3n total del parque ante las nuevas exigencias medioambientales de Bruselas. KYMCO se ha mantenido igualmente como\u00a0<strong>segunda marca de motocicletas tipo scooter m\u00e1s demandada por los particulares en este periodo<\/strong>. \u00a0<\/p>\n<p>&nbsp;<\/p>\n<p>&nbsp;<\/p>\n","protected":false},"excerpt":{"rendered":"<p>KYMCO ofrecer\u00e1 a partir de <strong>febrero<\/strong> soluciones de movilidad a los usuarios con necesidades en desplazamientos cortos y sostenibles. El plan en marcha prev\u00e9 arrancar con el modelo m\u00e1s popular en su versi\u00f3n de 50 cc, <strong>Agility City<\/strong>. El ciclomotor es un <strong>pilar estrat\u00e9gico<\/strong> para la marca, y prev\u00e9 recuperar el liderazgo.\u00a0<\/p>\n","protected":false},"author":1,"featured_media":3066,"comment_status":"closed","ping_status":"closed","sticky":false,"template":"","format":"standard","meta":[],"categories":[520,449,519],"tags":[515],"yoast_head":"<!-- This site is optimized with the Yoast SEO plugin v17.1 - https:\/\/yoast.com\/wordpress\/plugins\/seo\/ -->\n<title>-1349<\/title>\n<meta name=\"description\" content=\"30\" \/>\n<meta name=\"robots\" content=\"index, follow, max-snippet:-1, max-image-preview:large, max-video-preview:-1\" \/>\n<link rel=\"canonical\" href=\"https:\/\/www.kymco.es\/prensa\/novedades\/kymco-vuelve-al-ciclomotor-en-2020\/\" \/>\n<meta property=\"og:locale\" content=\"es_ES\" \/>\n<meta property=\"og:type\" content=\"article\" \/>\n<meta property=\"og:title\" content=\"-1349\" \/>\n<meta property=\"og:description\" content=\"30\" \/>\n<meta property=\"og:url\" content=\"https:\/\/www.kymco.es\/prensa\/novedades\/kymco-vuelve-al-ciclomotor-en-2020\/\" \/>\n<meta property=\"og:site_name\" content=\"KYMCO Espa\u00f1a\" \/>\n<meta property=\"article:published_time\" content=\"2019-10-15T14:15:36+00:00\" \/>\n<meta property=\"article:modified_time\" content=\"2020-07-16T15:01:30+00:00\" \/>\n<meta property=\"og:image\" content=\"https:\/\/kymco.es\/prensa\/wp-content\/uploads\/2020\/02\/agility-city-50-general-marron-1-compressor.jpg\" \/>\n\t<meta property=\"og:image:width\" content=\"2161\" \/>\n\t<meta property=\"og:image:height\" content=\"1440\" \/>\n<meta name=\"twitter:card\" content=\"summary_large_image\" \/>\n<meta name=\"twitter:label1\" content=\"Escrito por\" \/>\n\t<meta name=\"twitter:data1\" content=\"admin\" \/>\n\t<meta name=\"twitter:label2\" content=\"Tiempo de lectura\" \/>\n\t<meta name=\"twitter:data2\" content=\"2 minutos\" \/>\n<script type=\"application\/ld+json\" class=\"yoast-schema-graph\">{\"@context\":\"https:\/\/schema.org\",\"@graph\":[{\"@type\":\"WebSite\",\"@id\":\"https:\/\/www.kymco.es\/prensa\/#website\",\"url\":\"https:\/\/www.kymco.es\/prensa\/\",\"name\":\"KYMCO Espa\\u00f1a\",\"description\":\"Marca de movilidad personal\",\"potentialAction\":[{\"@type\":\"SearchAction\",\"target\":{\"@type\":\"EntryPoint\",\"urlTemplate\":\"https:\/\/www.kymco.es\/prensa\/?s={search_term_string}\"},\"query-input\":\"required name=search_term_string\"}],\"inLanguage\":\"es\"},{\"@type\":\"ImageObject\",\"@id\":\"https:\/\/www.kymco.es\/prensa\/novedades\/kymco-vuelve-al-ciclomotor-en-2020\/#primaryimage\",\"inLanguage\":\"es\",\"url\":\"https:\/\/www.kymco.es\/prensa\/wp-content\/uploads\/2020\/02\/agility-city-50-general-marron-1-compressor.jpg\",\"contentUrl\":\"https:\/\/www.kymco.es\/prensa\/wp-content\/uploads\/2020\/02\/agility-city-50-general-marron-1-compressor.jpg\",\"width\":2161,\"height\":1440,\"caption\":\"Agility City 50, en marr\\u00f3n. KYMCO Espa\\u00f1a\"},{\"@type\":\"WebPage\",\"@id\":\"https:\/\/www.kymco.es\/prensa\/novedades\/kymco-vuelve-al-ciclomotor-en-2020\/#webpage\",\"url\":\"https:\/\/www.kymco.es\/prensa\/novedades\/kymco-vuelve-al-ciclomotor-en-2020\/\",\"name\":\"-1349\",\"isPartOf\":{\"@id\":\"https:\/\/www.kymco.es\/prensa\/#website\"},\"primaryImageOfPage\":{\"@id\":\"https:\/\/www.kymco.es\/prensa\/novedades\/kymco-vuelve-al-ciclomotor-en-2020\/#primaryimage\"},\"datePublished\":\"2019-10-15T14:15:36+00:00\",\"dateModified\":\"2020-07-16T15:01:30+00:00\",\"author\":{\"@id\":\"https:\/\/www.kymco.es\/prensa\/#\/schema\/person\/929e31d6614af677e4d3d2b2304bd3fb\"},\"description\":\"30\",\"breadcrumb\":{\"@id\":\"https:\/\/www.kymco.es\/prensa\/novedades\/kymco-vuelve-al-ciclomotor-en-2020\/#breadcrumb\"},\"inLanguage\":\"es\",\"potentialAction\":[{\"@type\":\"ReadAction\",\"target\":[\"https:\/\/www.kymco.es\/prensa\/novedades\/kymco-vuelve-al-ciclomotor-en-2020\/\"]}]},{\"@type\":\"BreadcrumbList\",\"@id\":\"https:\/\/www.kymco.es\/prensa\/novedades\/kymco-vuelve-al-ciclomotor-en-2020\/#breadcrumb\",\"itemListElement\":[{\"@type\":\"ListItem\",\"position\":1,\"name\":\"Portada\",\"item\":\"https:\/\/www.kymco.es\/prensa\/\"},{\"@type\":\"ListItem\",\"position\":2,\"name\":\"KYMCO vuelve al ciclomotor en 2020\"}]},{\"@type\":\"Person\",\"@id\":\"https:\/\/www.kymco.es\/prensa\/#\/schema\/person\/929e31d6614af677e4d3d2b2304bd3fb\",\"name\":\"admin\",\"url\":\"https:\/\/www.kymco.es\/prensa\/author\/admin\/\"}]}<\/script>\n<!-- \/ Yoast SEO plugin. -->","yoast_head_json":{"title":"-1349","description":"30","robots":{"index":"index","follow":"follow","max-snippet":"max-snippet:-1","max-image-preview":"max-image-preview:large","max-video-preview":"max-video-preview:-1"},"canonical":"https:\/\/www.kymco.es\/prensa\/novedades\/kymco-vuelve-al-ciclomotor-en-2020\/","og_locale":"es_ES","og_type":"article","og_title":"-1349","og_description":"30","og_url":"https:\/\/www.kymco.es\/prensa\/novedades\/kymco-vuelve-al-ciclomotor-en-2020\/","og_site_name":"KYMCO Espa\u00f1a","article_published_time":"2019-10-15T14:15:36+00:00","article_modified_time":"2020-07-16T15:01:30+00:00","og_image":[{"width":2161,"height":1440,"url":"https:\/\/kymco.es\/prensa\/wp-content\/uploads\/2020\/02\/agility-city-50-general-marron-1-compressor.jpg","path":"\/var\/www\/html\/kymco.es\/prensa\/wp-content\/uploads\/2020\/02\/agility-city-50-general-marron-1-compressor.jpg","size":"full","id":3066,"alt":"","pixels":3111840,"type":"image\/jpeg"}],"twitter_card":"summary_large_image","twitter_misc":{"Escrito por":"admin","Tiempo de lectura":"2 minutos"},"schema":{"@context":"https:\/\/schema.org","@graph":[{"@type":"WebSite","@id":"https:\/\/www.kymco.es\/prensa\/#website","url":"https:\/\/www.kymco.es\/prensa\/","name":"KYMCO Espa\u00f1a","description":"Marca de movilidad personal","potentialAction":[{"@type":"SearchAction","target":{"@type":"EntryPoint","urlTemplate":"https:\/\/www.kymco.es\/prensa\/?s={search_term_string}"},"query-input":"required name=search_term_string"}],"inLanguage":"es"},{"@type":"ImageObject","@id":"https:\/\/www.kymco.es\/prensa\/novedades\/kymco-vuelve-al-ciclomotor-en-2020\/#primaryimage","inLanguage":"es","url":"https:\/\/www.kymco.es\/prensa\/wp-content\/uploads\/2020\/02\/agility-city-50-general-marron-1-compressor.jpg","contentUrl":"https:\/\/www.kymco.es\/prensa\/wp-content\/uploads\/2020\/02\/agility-city-50-general-marron-1-compressor.jpg","width":2161,"height":1440,"caption":"Agility City 50, en marr\u00f3n. KYMCO Espa\u00f1a"},{"@type":"WebPage","@id":"https:\/\/www.kymco.es\/prensa\/novedades\/kymco-vuelve-al-ciclomotor-en-2020\/#webpage","url":"https:\/\/www.kymco.es\/prensa\/novedades\/kymco-vuelve-al-ciclomotor-en-2020\/","name":"-1349","isPartOf":{"@id":"https:\/\/www.kymco.es\/prensa\/#website"},"primaryImageOfPage":{"@id":"https:\/\/www.kymco.es\/prensa\/novedades\/kymco-vuelve-al-ciclomotor-en-2020\/#primaryimage"},"datePublished":"2019-10-15T14:15:36+00:00","dateModified":"2020-07-16T15:01:30+00:00","author":{"@id":"https:\/\/www.kymco.es\/prensa\/#\/schema\/person\/929e31d6614af677e4d3d2b2304bd3fb"},"description":"30","breadcrumb":{"@id":"https:\/\/www.kymco.es\/prensa\/novedades\/kymco-vuelve-al-ciclomotor-en-2020\/#breadcrumb"},"inLanguage":"es","potentialAction":[{"@type":"ReadAction","target":["https:\/\/www.kymco.es\/prensa\/novedades\/kymco-vuelve-al-ciclomotor-en-2020\/"]}]},{"@type":"BreadcrumbList","@id":"https:\/\/www.kymco.es\/prensa\/novedades\/kymco-vuelve-al-ciclomotor-en-2020\/#breadcrumb","itemListElement":[{"@type":"ListItem","position":1,"name":"Portada","item":"https:\/\/www.kymco.es\/prensa\/"},{"@type":"ListItem","position":2,"name":"KYMCO vuelve al ciclomotor en 2020"}]},{"@type":"Person","@id":"https:\/\/www.kymco.es\/prensa\/#\/schema\/person\/929e31d6614af677e4d3d2b2304bd3fb","name":"admin","url":"https:\/\/www.kymco.es\/prensa\/author\/admin\/"}]}},"_links":{"self":[{"href":"https:\/\/www.kymco.es\/prensa\/wp-json\/wp\/v2\/posts\/2414"}],"collection":[{"href":"https:\/\/www.kymco.es\/prensa\/wp-json\/wp\/v2\/posts"}],"about":[{"href":"https:\/\/www.kymco.es\/prensa\/wp-json\/wp\/v2\/types\/post"}],"author":[{"embeddable":true,"href":"https:\/\/www.kymco.es\/prensa\/wp-json\/wp\/v2\/users\/1"}],"replies":[{"embeddable":true,"href":"https:\/\/www.kymco.es\/prensa\/wp-json\/wp\/v2\/comments?post=2414"}],"version-history":[{"count":6,"href":"https:\/\/www.kymco.es\/prensa\/wp-json\/wp\/v2\/posts\/2414\/revisions"}],"predecessor-version":[{"id":6065,"href":"https:\/\/www.kymco.es\/prensa\/wp-json\/wp\/v2\/posts\/2414\/revisions\/6065"}],"wp:featuredmedia":[{"embeddable":true,"href":"https:\/\/www.kymco.es\/prensa\/wp-json\/wp\/v2\/media\/3066"}],"wp:attachment":[{"href":"https:\/\/www.kymco.es\/prensa\/wp-json\/wp\/v2\/media?parent=2414"}],"wp:term":[{"taxonomy":"category","embeddable":true,"href":"https:\/\/www.kymco.es\/prensa\/wp-json\/wp\/v2\/categories?post=2414"},{"taxonomy":"post_tag","embeddable":true,"href":"https:\/\/www.kymco.es\/prensa\/wp-json\/wp\/v2\/tags?post=2414"}],"curies":[{"name":"wp","href":"https:\/\/api.w.org\/{rel}","templated":true}]}}