{"id":12744,"date":"2025-12-04T17:48:17","date_gmt":"2025-12-04T16:48:17","guid":{"rendered":"https:\/\/www.kymco.es\/prensa\/?p=12744"},"modified":"2025-12-04T18:13:37","modified_gmt":"2025-12-04T17:13:37","slug":"kymco-cv3-575-respondemos-a-las-5-dudas-mas-frecuentes-tras-su-primer-mes-en-el-mercado","status":"publish","type":"post","link":"https:\/\/www.kymco.es\/prensa\/movilidad\/kymco-cv3-575-respondemos-a-las-5-dudas-mas-frecuentes-tras-su-primer-mes-en-el-mercado\/","title":{"rendered":"KYMCO CV3 575: respondemos a las 5 dudas  m\u00e1s frecuentes tras su primer mes en el mercado"},"content":{"rendered":"<p><img class=\"aligncenter wp-image-12478 size-full\" src=\"https:\/\/www.kymco.es\/prensa\/wp-content\/uploads\/2025\/10\/kymco-cv3-575-001.jpg\" alt=\"\" width=\"2160\" height=\"1440\" srcset=\"https:\/\/www.kymco.es\/prensa\/wp-content\/uploads\/2025\/10\/kymco-cv3-575-001-200x133.jpg 200w, https:\/\/www.kymco.es\/prensa\/wp-content\/uploads\/2025\/10\/kymco-cv3-575-001-300x200.jpg 300w, https:\/\/www.kymco.es\/prensa\/wp-content\/uploads\/2025\/10\/kymco-cv3-575-001-370x247.jpg 370w, https:\/\/www.kymco.es\/prensa\/wp-content\/uploads\/2025\/10\/kymco-cv3-575-001-400x267.jpg 400w, https:\/\/www.kymco.es\/prensa\/wp-content\/uploads\/2025\/10\/kymco-cv3-575-001-600x400.jpg 600w, https:\/\/www.kymco.es\/prensa\/wp-content\/uploads\/2025\/10\/kymco-cv3-575-001-768x512.jpg 768w, https:\/\/www.kymco.es\/prensa\/wp-content\/uploads\/2025\/10\/kymco-cv3-575-001-800x533.jpg 800w, https:\/\/www.kymco.es\/prensa\/wp-content\/uploads\/2025\/10\/kymco-cv3-575-001-900x600.jpg 900w, https:\/\/www.kymco.es\/prensa\/wp-content\/uploads\/2025\/10\/kymco-cv3-575-001-1024x683.jpg 1024w, https:\/\/www.kymco.es\/prensa\/wp-content\/uploads\/2025\/10\/kymco-cv3-575-001-1200x800.jpg 1200w, https:\/\/www.kymco.es\/prensa\/wp-content\/uploads\/2025\/10\/kymco-cv3-575-001-1536x1024.jpg 1536w, https:\/\/www.kymco.es\/prensa\/wp-content\/uploads\/2025\/10\/kymco-cv3-575-001.jpg 2160w\" sizes=\"(max-width: 2160px) 100vw, 2160px\" \/><\/p>\n<p>&nbsp;<\/p>\n<p><span style=\"font-family: 'Arial',sans-serif;\"><strong>KYMCO CV3 575<\/strong> cumple su primer mes en Espa\u00f1a con una acogida excepcional. Este nuevo scooter triciclo -equipado con un motor bicil\u00edndrico de <b>51,1 CV<\/b>, sistema KYMCO de <b>inclinaci\u00f3n y suspensi\u00f3n<\/b>, y un dise\u00f1o <b>Premium deportivo de nueva generaci\u00f3n- <\/b>\u00a0est\u00e1 despertando un inter\u00e9s inusual en el segmento.\u00a0<\/span><span style=\"font-family: 'Arial',sans-serif;\">Q<\/span><span style=\"font-family: 'Arial',sans-serif;\">uienes ya lo han probado coinciden en lo esencial: <b>no hay nada igual<\/b>. Destacan su sorprendente estabilidad, la suavidad y potencia del motor, el confort en marcha y la combinaci\u00f3n \u00fanica de seguridad y deportividad.<\/span><\/p>\n<p><span style=\"font-family: 'Arial',sans-serif;\">Sus prestaciones, est\u00e9tica y sensaciones de conducci\u00f3n han generado entusiasmo y tambi\u00e9n muchas preguntas entre los usuarios. <\/span><span style=\"font-family: 'Arial',sans-serif;\">A continuaci\u00f3n, respondemos a las <b>5 dudas m\u00e1s habituales<\/b> que han surgido en nuestros canales oficiales (WhatsApp, redes sociales y Red de Concesionarios KYMCO).<\/span><\/p>\n<p data-wp-editing=\"1\"><strong>1 \u00bfEs pesado el KYMCO CV3 575? <br \/>\n<\/strong><img class=\"wp-image-12747 size-imagentablerogaleria alignright\" src=\"https:\/\/www.kymco.es\/prensa\/wp-content\/uploads\/2025\/12\/kymco-cv3-575-185-267x400.jpg\" alt=\"\" width=\"267\" height=\"400\" srcset=\"https:\/\/www.kymco.es\/prensa\/wp-content\/uploads\/2025\/12\/kymco-cv3-575-185-200x300.jpg 200w, https:\/\/www.kymco.es\/prensa\/wp-content\/uploads\/2025\/12\/kymco-cv3-575-185-267x400.jpg 267w, https:\/\/www.kymco.es\/prensa\/wp-content\/uploads\/2025\/12\/kymco-cv3-575-185-370x555.jpg 370w, https:\/\/www.kymco.es\/prensa\/wp-content\/uploads\/2025\/12\/kymco-cv3-575-185-400x600.jpg 400w, https:\/\/www.kymco.es\/prensa\/wp-content\/uploads\/2025\/12\/kymco-cv3-575-185-600x900.jpg 600w, https:\/\/www.kymco.es\/prensa\/wp-content\/uploads\/2025\/12\/kymco-cv3-575-185-683x1024.jpg 683w, https:\/\/www.kymco.es\/prensa\/wp-content\/uploads\/2025\/12\/kymco-cv3-575-185-768x1152.jpg 768w, https:\/\/www.kymco.es\/prensa\/wp-content\/uploads\/2025\/12\/kymco-cv3-575-185-800x1200.jpg 800w, https:\/\/www.kymco.es\/prensa\/wp-content\/uploads\/2025\/12\/kymco-cv3-575-185.jpg 960w\" sizes=\"(max-width: 267px) 100vw, 267px\" \/>Es una de las primeras dudas que surgen al ver su tren delantero y sus <strong>280 kg<\/strong>. Sin embargo, basta unos metros para comprobar que se mueve con una naturalidad sorprendente.<\/p>\n<p>El CV3 575 se siente mucho <strong>m\u00e1s ligero y estable<\/strong> de lo que aparenta gracias a tres elementos clave: chasis de aluminio ultraligero de solo 15,3 kg; reparto de pesos equilibrado (50\/50), que favorece la estabilidad; y sistema \u00fanico de suspensi\u00f3n e inclinaci\u00f3n (hasta 40\u00b0), acompa\u00f1ado por la geometr\u00eda Ackermann del tren delantero.<\/p>\n<p>El resultado es una direcci\u00f3n estable, intuitiva y predecible, incluso en giros cerrados, maniobras a baja velocidad o calles estrechas. \u00a1Te invitamos a probarlo <a href=\"https:\/\/www.kymco.es\/prueba\/concesionario\/cv3\">aqu\u00ed!<\/a><\/p>\n<p>&nbsp;<\/p>\n<p><strong>2 \u00bfEl cofre ofrece suficiente capacidad?<br \/>\n<\/strong>Para el d\u00eda a d\u00eda, s\u00ed. Es perfecto. Bajo el asiento cabe <strong>un casco integral<\/strong>, y el espacio cuenta con iluminaci\u00f3n y toma de 12V.<\/p>\n<p>Pero si un d\u00eda necesitas m\u00e1s espacio, puedes colocar el top case y las maletas laterales del CV3 575 que te permiten guardar de todo. Son <strong>133 litros adicionales<\/strong> (41 litros el ba\u00fal trasero; entre 38 y 46 litros cada maleta lateral extensible). Puedes adquirirlas <a href=\"https:\/\/www.kymco.es\/accesorios?type=productos-scooters\"><em>online<\/em><\/a> o en la <a href=\"https:\/\/www.kymco.es\/encuentranos\">red KYMCO.<\/a><\/p>\n<p>&nbsp;<\/p>\n<p><strong>3 \u00bfC\u00f3mo frena el KYMCO CV3 575?<br \/>\n<\/strong>La frenada es uno de los aspectos que m\u00e1s se comentan. La combinaci\u00f3n <strong>ABS-TCS de 3 canales<\/strong>, doble discos delanteros y frenada combinada por pedal marca la diferencia. Todo este conjunto hace que todo suceda con estabilidad, sin brusquedades, sin sorpresas, en un veh\u00edculo concebido para viajar y disfrutar de la carretera con seguridad.<\/p>\n<p>&nbsp;<\/p>\n<p><img class=\"wp-image-12491 size-medium alignleft\" src=\"https:\/\/www.kymco.es\/prensa\/wp-content\/uploads\/2025\/10\/kymco-cv3-575-025-300x200.jpg\" alt=\"\" width=\"300\" height=\"200\" srcset=\"https:\/\/www.kymco.es\/prensa\/wp-content\/uploads\/2025\/10\/kymco-cv3-575-025-200x133.jpg 200w, https:\/\/www.kymco.es\/prensa\/wp-content\/uploads\/2025\/10\/kymco-cv3-575-025-300x200.jpg 300w, https:\/\/www.kymco.es\/prensa\/wp-content\/uploads\/2025\/10\/kymco-cv3-575-025-370x247.jpg 370w, https:\/\/www.kymco.es\/prensa\/wp-content\/uploads\/2025\/10\/kymco-cv3-575-025-400x267.jpg 400w, https:\/\/www.kymco.es\/prensa\/wp-content\/uploads\/2025\/10\/kymco-cv3-575-025-600x400.jpg 600w, https:\/\/www.kymco.es\/prensa\/wp-content\/uploads\/2025\/10\/kymco-cv3-575-025-768x512.jpg 768w, https:\/\/www.kymco.es\/prensa\/wp-content\/uploads\/2025\/10\/kymco-cv3-575-025-800x533.jpg 800w, https:\/\/www.kymco.es\/prensa\/wp-content\/uploads\/2025\/10\/kymco-cv3-575-025-900x600.jpg 900w, https:\/\/www.kymco.es\/prensa\/wp-content\/uploads\/2025\/10\/kymco-cv3-575-025-1024x683.jpg 1024w, https:\/\/www.kymco.es\/prensa\/wp-content\/uploads\/2025\/10\/kymco-cv3-575-025-1200x800.jpg 1200w, https:\/\/www.kymco.es\/prensa\/wp-content\/uploads\/2025\/10\/kymco-cv3-575-025-1536x1024.jpg 1536w\" sizes=\"(max-width: 300px) 100vw, 300px\" \/><\/p>\n<p><strong>4 \u00bfPor qu\u00e9 un <\/strong><strong>veh\u00edculo tan avanzado incorpora equipamiento manual, como el cambio de modo de conducci\u00f3n o la regulaci\u00f3n de la c\u00fapula?<\/strong><br \/>\nKYMCO CV3 575 permite <strong>cambiar <\/strong>el modo de conducci\u00f3n y regular la c\u00fapula hasta 4 cent\u00edmetros, manualmente, es decir, <strong>siempre con el veh\u00edculo detenido. <\/strong><\/p>\n<p>Esta decisi\u00f3n no es casual: responde a criterios de <strong>seguridad, control y experiencia de uso. \u00a0<\/strong><\/p>\n<p>Al obligar a realizar estos ajustes en parado, se <strong>evitan cambios involuntarios<\/strong> que podr\u00edan afectar a la entrega de potencia o a la protecci\u00f3n aerodin\u00e1mica en plena marcha. El conductor mantiene as\u00ed un control total en cada situaci\u00f3n, algo especialmente valorado en veh\u00edculos de altas prestaciones y en potenciales usuarios con menos experiencia (los triciclos L5e, como el KYMCO CV3 575, pueden conducirse con <strong>carn\u00e9 B y con los 21 a\u00f1os cumplidos). <\/strong><\/p>\n<p>Con este tipo de decisiones, KYMCO abre la puerta a una<strong> experiencia segura y accesible.<\/strong><\/p>\n<p>&nbsp;<\/p>\n<p><strong>5 \u00bfSu deportividad es apropiada para conductores con carn\u00e9 B? \u00bfAlg\u00fan consejo?<br \/>\n<\/strong>Esta es, sin duda, la pregunta por excelencia m\u00e1s repetida. Y tiene sentido: significa que, por primera vez, muchos conductores de coche descubren la posibilidad real de sentir sensaciones de moto sin necesidad de un carn\u00e9 de moto espec\u00edfico.<\/p>\n<p>Teniendo en cuenta esto, <strong>KYMCO CV3 575<\/strong> ofrece por su dise\u00f1o sensaciones s\u00f3lidas, progresivas y controlables. El motor bicil\u00edndrico con calado a <strong>270\u00ba<\/strong> -herencia directa de la familia AK- aporta suavidad en la entrega; los modos <em>Power<\/em> y <em>Rain<\/em> ayudan a modular la potencia y la aceleraci\u00f3n; la doble rueda delantera aporta una estabilidad superior\u2026 \u00a0<\/p>\n<p>Aun as\u00ed, como en cualquier veh\u00edculo de altas prestaciones, recomendamos realizar<strong> un curso de formaci\u00f3n espec\u00edfico. <\/strong>Comprender la inclinaci\u00f3n, la gesti\u00f3n del peso o el comportamiento del tren delantero te ayudar\u00e1 a conducir con m\u00e1s seguridad y con toda la confianza desde el primer d\u00eda.<\/p>\n<p>&nbsp;<\/p>\n<div class='photonic-wp-stream photonic-stream ' id='photonic-wp-stream-1'>\n\t<div id='photonic-wp-stream-1-container' class='title-display-hover-slideup-show photonic-level-1-container photonic-masonry-layout photonic-thumbnail-effect-none sizes-present'  data-photonic-platform=\"wp\" data-photonic-query=\"order=ASC&amp;orderby=post__in&amp;id=12744&amp;itemtag=dl&amp;icontag=dt&amp;captiontag=dd&amp;size=thumbnail&amp;include=12755,12754,12753,12752,12751,12750,12749,12748,12747,12530,12514,12509,12503,12498,12489,12480,12439&amp;exclude=&amp;link=post&amp;layout=masonry&amp;more=&amp;display=in-page&amp;panel=&amp;filter=&amp;filter_type=include&amp;fx=slide&amp;timeout=4000&amp;speed=1000&amp;pause=1&amp;strip-style=thumbs&amp;controls=hide&amp;popup=hide&amp;custom_classes=&amp;alignment=&amp;caption=none&amp;page=1&amp;count=-1&amp;thumb_width=75&amp;thumb_height=75&amp;thumb_size=thumbnail&amp;slide_size=large&amp;slideshow_height=500&amp;type=default&amp;style=masonry&amp;main_size=full&amp;tile_size=full&amp;columns=3&amp;ids=12755,12754,12753,12752,12751,12750,12749,12748,12747,12530,12514,12509,12503,12498,12489,12480,12439\"  data-photonic-gallery-columns=\"3\" style='--tile-min-height: 200px'>\n<figure class='photonic-gallery-3c photonic-level-1 photonic-thumb'  style='--dw: 2160; --dh: 1440' >\n\t\t\t<a  class='photonic-launch-gallery launch-gallery-swipebox swipebox'  rel='lightbox-photonic-wp-stream-1'  href=\"https:\/\/www.kymco.es\/prensa\/wp-content\/uploads\/2025\/12\/kymco-cv3-575-057.jpg\" title=\"\" data-title=\"&lt;a href=&#039;https:\/\/www.kymco.es\/prensa\/movilidad\/kymco-cv3-575-respondemos-a-las-5-dudas-mas-frecuentes-tras-su-primer-mes-en-el-mercado\/attachment\/kymco-cv3-575_057\/&#039; &gt;Ver&lt;\/a&gt;\"   data-photonic-media-type=\"image\"   data-photonic-deep=\"gallery[photonic-wp-stream-1]\/12755\/\" >\n\t\t\t\t<img alt=\"Kymco CV3 575_057\" src=\"https:\/\/www.kymco.es\/prensa\/wp-content\/uploads\/2025\/12\/kymco-cv3-575-057.jpg\"  class='masonry'  loading='eager'  width='2160' height='1440' \/>\n\t\t\t\t\n\t\t\t<\/a>\n\t\t<\/figure>\n\t\t<figure class='photonic-gallery-3c photonic-level-1 photonic-thumb'  style='--dw: 2160; --dh: 1440' >\n\t\t\t<a  class='photonic-launch-gallery launch-gallery-swipebox swipebox'  rel='lightbox-photonic-wp-stream-1'  href=\"https:\/\/www.kymco.es\/prensa\/wp-content\/uploads\/2025\/12\/kymco-cv3-575-049.jpg\" title=\"\" data-title=\"&lt;a href=&#039;https:\/\/www.kymco.es\/prensa\/movilidad\/kymco-cv3-575-respondemos-a-las-5-dudas-mas-frecuentes-tras-su-primer-mes-en-el-mercado\/attachment\/kymco-cv3-575_049\/&#039; &gt;Ver&lt;\/a&gt;\"   data-photonic-media-type=\"image\"   data-photonic-deep=\"gallery[photonic-wp-stream-1]\/12754\/\" >\n\t\t\t\t<img alt=\"Kymco CV3 575_049\" src=\"https:\/\/www.kymco.es\/prensa\/wp-content\/uploads\/2025\/12\/kymco-cv3-575-049.jpg\"  class='masonry'  loading='eager'  width='2160' height='1440' \/>\n\t\t\t\t\n\t\t\t<\/a>\n\t\t<\/figure>\n\t\t<figure class='photonic-gallery-3c photonic-level-1 photonic-thumb'  style='--dw: 2160; --dh: 1440' >\n\t\t\t<a  class='photonic-launch-gallery launch-gallery-swipebox swipebox'  rel='lightbox-photonic-wp-stream-1'  href=\"https:\/\/www.kymco.es\/prensa\/wp-content\/uploads\/2025\/12\/kymco-cv3-575-145.jpg\" title=\"\" data-title=\"&lt;a href=&#039;https:\/\/www.kymco.es\/prensa\/movilidad\/kymco-cv3-575-respondemos-a-las-5-dudas-mas-frecuentes-tras-su-primer-mes-en-el-mercado\/attachment\/kymco-cv3-575_145\/&#039; &gt;Ver&lt;\/a&gt;\"   data-photonic-media-type=\"image\"   data-photonic-deep=\"gallery[photonic-wp-stream-1]\/12753\/\" >\n\t\t\t\t<img alt=\"Kymco CV3 575_145\" src=\"https:\/\/www.kymco.es\/prensa\/wp-content\/uploads\/2025\/12\/kymco-cv3-575-145.jpg\"  class='masonry'  loading='eager'  width='2160' height='1440' \/>\n\t\t\t\t\n\t\t\t<\/a>\n\t\t<\/figure>\n\t\t<figure class='photonic-gallery-3c photonic-level-1 photonic-thumb'  style='--dw: 2160; --dh: 1440' >\n\t\t\t<a  class='photonic-launch-gallery launch-gallery-swipebox swipebox'  rel='lightbox-photonic-wp-stream-1'  href=\"https:\/\/www.kymco.es\/prensa\/wp-content\/uploads\/2025\/12\/kymco-cv3-575-125.jpg\" title=\"\" data-title=\"&lt;a href=&#039;https:\/\/www.kymco.es\/prensa\/movilidad\/kymco-cv3-575-respondemos-a-las-5-dudas-mas-frecuentes-tras-su-primer-mes-en-el-mercado\/attachment\/kymco-cv3-575_125\/&#039; &gt;Ver&lt;\/a&gt;\"   data-photonic-media-type=\"image\"   data-photonic-deep=\"gallery[photonic-wp-stream-1]\/12752\/\" >\n\t\t\t\t<img alt=\"Kymco CV3 575_125\" src=\"https:\/\/www.kymco.es\/prensa\/wp-content\/uploads\/2025\/12\/kymco-cv3-575-125.jpg\"  class='masonry'  loading='eager'  width='2160' height='1440' \/>\n\t\t\t\t\n\t\t\t<\/a>\n\t\t<\/figure>\n\t\t<figure class='photonic-gallery-3c photonic-level-1 photonic-thumb'  style='--dw: 2160; --dh: 1440' >\n\t\t\t<a  class='photonic-launch-gallery launch-gallery-swipebox swipebox'  rel='lightbox-photonic-wp-stream-1'  href=\"https:\/\/www.kymco.es\/prensa\/wp-content\/uploads\/2025\/12\/kymco-cv3-575-111.jpg\" title=\"\" data-title=\"&lt;a href=&#039;https:\/\/www.kymco.es\/prensa\/movilidad\/kymco-cv3-575-respondemos-a-las-5-dudas-mas-frecuentes-tras-su-primer-mes-en-el-mercado\/attachment\/kymco-cv3-575_111\/&#039; &gt;Ver&lt;\/a&gt;\"   data-photonic-media-type=\"image\"   data-photonic-deep=\"gallery[photonic-wp-stream-1]\/12751\/\" >\n\t\t\t\t<img alt=\"Kymco CV3 575_111\" src=\"https:\/\/www.kymco.es\/prensa\/wp-content\/uploads\/2025\/12\/kymco-cv3-575-111.jpg\"  class='masonry'  loading='eager'  width='2160' height='1440' \/>\n\t\t\t\t\n\t\t\t<\/a>\n\t\t<\/figure>\n\t\t<figure class='photonic-gallery-3c photonic-level-1 photonic-thumb'  style='--dw: 2160; --dh: 1440' >\n\t\t\t<a  class='photonic-launch-gallery launch-gallery-swipebox swipebox'  rel='lightbox-photonic-wp-stream-1'  href=\"https:\/\/www.kymco.es\/prensa\/wp-content\/uploads\/2025\/12\/kymco-cv3-575-072.jpg\" title=\"\" data-title=\"&lt;a href=&#039;https:\/\/www.kymco.es\/prensa\/movilidad\/kymco-cv3-575-respondemos-a-las-5-dudas-mas-frecuentes-tras-su-primer-mes-en-el-mercado\/attachment\/kymco-cv3-575_072\/&#039; &gt;Ver&lt;\/a&gt;\"   data-photonic-media-type=\"image\"   data-photonic-deep=\"gallery[photonic-wp-stream-1]\/12750\/\" >\n\t\t\t\t<img alt=\"Kymco CV3 575_072\" src=\"https:\/\/www.kymco.es\/prensa\/wp-content\/uploads\/2025\/12\/kymco-cv3-575-072.jpg\"  class='masonry'  loading='eager'  width='2160' height='1440' \/>\n\t\t\t\t\n\t\t\t<\/a>\n\t\t<\/figure>\n\t\t<figure class='photonic-gallery-3c photonic-level-1 photonic-thumb'  style='--dw: 2160; --dh: 1440' >\n\t\t\t<a  class='photonic-launch-gallery launch-gallery-swipebox swipebox'  rel='lightbox-photonic-wp-stream-1'  href=\"https:\/\/www.kymco.es\/prensa\/wp-content\/uploads\/2025\/12\/kymco-cv3-575-047.jpg\" title=\"\" data-title=\"&lt;a href=&#039;https:\/\/www.kymco.es\/prensa\/movilidad\/kymco-cv3-575-respondemos-a-las-5-dudas-mas-frecuentes-tras-su-primer-mes-en-el-mercado\/attachment\/kymco-cv3-575_047\/&#039; &gt;Ver&lt;\/a&gt;\"   data-photonic-media-type=\"image\"   data-photonic-deep=\"gallery[photonic-wp-stream-1]\/12749\/\" >\n\t\t\t\t<img alt=\"Kymco CV3 575_047\" src=\"https:\/\/www.kymco.es\/prensa\/wp-content\/uploads\/2025\/12\/kymco-cv3-575-047.jpg\"  class='masonry'  loading='eager'  width='2160' height='1440' \/>\n\t\t\t\t\n\t\t\t<\/a>\n\t\t<\/figure>\n\t\t<figure class='photonic-gallery-3c photonic-level-1 photonic-thumb'  style='--dw: 960; --dh: 1440' >\n\t\t\t<a  class='photonic-launch-gallery launch-gallery-swipebox swipebox'  rel='lightbox-photonic-wp-stream-1'  href=\"https:\/\/www.kymco.es\/prensa\/wp-content\/uploads\/2025\/12\/kymco-cv3-575-007.jpg\" title=\"\" data-title=\"&lt;a href=&#039;https:\/\/www.kymco.es\/prensa\/movilidad\/kymco-cv3-575-respondemos-a-las-5-dudas-mas-frecuentes-tras-su-primer-mes-en-el-mercado\/attachment\/kymco-cv3-575_007-2\/&#039; &gt;Ver&lt;\/a&gt;\"   data-photonic-media-type=\"image\"   data-photonic-deep=\"gallery[photonic-wp-stream-1]\/12748\/\" >\n\t\t\t\t<img alt=\"Kymco CV3 575_007\" src=\"https:\/\/www.kymco.es\/prensa\/wp-content\/uploads\/2025\/12\/kymco-cv3-575-007.jpg\"  class='masonry'  loading='eager'  width='960' height='1440' \/>\n\t\t\t\t\n\t\t\t<\/a>\n\t\t<\/figure>\n\t\t<figure class='photonic-gallery-3c photonic-level-1 photonic-thumb'  style='--dw: 960; --dh: 1440' >\n\t\t\t<a  class='photonic-launch-gallery launch-gallery-swipebox swipebox'  rel='lightbox-photonic-wp-stream-1'  href=\"https:\/\/www.kymco.es\/prensa\/wp-content\/uploads\/2025\/12\/kymco-cv3-575-185.jpg\" title=\"\" data-title=\"&lt;a href=&#039;https:\/\/www.kymco.es\/prensa\/movilidad\/kymco-cv3-575-respondemos-a-las-5-dudas-mas-frecuentes-tras-su-primer-mes-en-el-mercado\/attachment\/kymco-cv3-575_185-2\/&#039; &gt;Ver&lt;\/a&gt;\"   data-photonic-media-type=\"image\"   data-photonic-deep=\"gallery[photonic-wp-stream-1]\/12747\/\" >\n\t\t\t\t<img alt=\"Kymco CV3 575_185\" src=\"https:\/\/www.kymco.es\/prensa\/wp-content\/uploads\/2025\/12\/kymco-cv3-575-185.jpg\"  class='masonry'  loading='eager'  width='960' height='1440' \/>\n\t\t\t\t\n\t\t\t<\/a>\n\t\t<\/figure>\n\t\t<figure class='photonic-gallery-3c photonic-level-1 photonic-thumb'  style='--dw: 2160; --dh: 1440' >\n\t\t\t<a  class='photonic-launch-gallery launch-gallery-swipebox swipebox'  rel='lightbox-photonic-wp-stream-1'  href=\"https:\/\/www.kymco.es\/prensa\/wp-content\/uploads\/2025\/10\/kymco-cv3-575-143.jpg\" title=\"\" data-title=\"&lt;a href=&#039;https:\/\/www.kymco.es\/prensa\/kymco-cv3-575_143\/&#039; &gt;Ver&lt;\/a&gt;\"   data-photonic-media-type=\"image\"   data-photonic-deep=\"gallery[photonic-wp-stream-1]\/12530\/\" >\n\t\t\t\t<img alt=\"Kymco CV3 575_143\" src=\"https:\/\/www.kymco.es\/prensa\/wp-content\/uploads\/2025\/10\/kymco-cv3-575-143.jpg\"  class='masonry'  loading='eager'  width='2160' height='1440' \/>\n\t\t\t\t\n\t\t\t<\/a>\n\t\t<\/figure>\n\t\t<figure class='photonic-gallery-3c photonic-level-1 photonic-thumb'  style='--dw: 2160; --dh: 1440' >\n\t\t\t<a  class='photonic-launch-gallery launch-gallery-swipebox swipebox'  rel='lightbox-photonic-wp-stream-1'  href=\"https:\/\/www.kymco.es\/prensa\/wp-content\/uploads\/2025\/10\/kymco-cv3-575-153.jpg\" title=\"\" data-title=\"&lt;a href=&#039;https:\/\/www.kymco.es\/prensa\/kymco-cv3-575_153\/&#039; &gt;Ver&lt;\/a&gt;\"   data-photonic-media-type=\"image\"   data-photonic-deep=\"gallery[photonic-wp-stream-1]\/12514\/\" >\n\t\t\t\t<img alt=\"Kymco CV3 575_153\" src=\"https:\/\/www.kymco.es\/prensa\/wp-content\/uploads\/2025\/10\/kymco-cv3-575-153.jpg\"  class='masonry'  loading='eager'  width='2160' height='1440' \/>\n\t\t\t\t\n\t\t\t<\/a>\n\t\t<\/figure>\n\t\t<figure class='photonic-gallery-3c photonic-level-1 photonic-thumb'  style='--dw: 2160; --dh: 1440' >\n\t\t\t<a  class='photonic-launch-gallery launch-gallery-swipebox swipebox'  rel='lightbox-photonic-wp-stream-1'  href=\"https:\/\/www.kymco.es\/prensa\/wp-content\/uploads\/2025\/10\/kymco-cv3-575-136.jpg\" title=\"\" data-title=\"&lt;a href=&#039;https:\/\/www.kymco.es\/prensa\/kymco-cv3-575_136\/&#039; &gt;Ver&lt;\/a&gt;\"   data-photonic-media-type=\"image\"   data-photonic-deep=\"gallery[photonic-wp-stream-1]\/12509\/\" >\n\t\t\t\t<img alt=\"Kymco CV3 575_136\" src=\"https:\/\/www.kymco.es\/prensa\/wp-content\/uploads\/2025\/10\/kymco-cv3-575-136.jpg\"  class='masonry'  loading='eager'  width='2160' height='1440' \/>\n\t\t\t\t\n\t\t\t<\/a>\n\t\t<\/figure>\n\t\t<figure class='photonic-gallery-3c photonic-level-1 photonic-thumb'  style='--dw: 2160; --dh: 1440' >\n\t\t\t<a  class='photonic-launch-gallery launch-gallery-swipebox swipebox'  rel='lightbox-photonic-wp-stream-1'  href=\"https:\/\/www.kymco.es\/prensa\/wp-content\/uploads\/2025\/10\/kymco-cv3-575-120.jpg\" title=\"\" data-title=\"&lt;a href=&#039;https:\/\/www.kymco.es\/prensa\/kymco-cv3-575_120\/&#039; &gt;Ver&lt;\/a&gt;\"   data-photonic-media-type=\"image\"   data-photonic-deep=\"gallery[photonic-wp-stream-1]\/12503\/\" >\n\t\t\t\t<img alt=\"Kymco CV3 575_120\" src=\"https:\/\/www.kymco.es\/prensa\/wp-content\/uploads\/2025\/10\/kymco-cv3-575-120.jpg\"  class='masonry'  loading='eager'  width='2160' height='1440' \/>\n\t\t\t\t\n\t\t\t<\/a>\n\t\t<\/figure>\n\t\t<figure class='photonic-gallery-3c photonic-level-1 photonic-thumb'  style='--dw: 2160; --dh: 1440' >\n\t\t\t<a  class='photonic-launch-gallery launch-gallery-swipebox swipebox'  rel='lightbox-photonic-wp-stream-1'  href=\"https:\/\/www.kymco.es\/prensa\/wp-content\/uploads\/2025\/10\/kymco-cv3-575-079.jpg\" title=\"\" data-title=\"&lt;a href=&#039;https:\/\/www.kymco.es\/prensa\/kymco-cv3-575_079\/&#039; &gt;Ver&lt;\/a&gt;\"   data-photonic-media-type=\"image\"   data-photonic-deep=\"gallery[photonic-wp-stream-1]\/12498\/\" >\n\t\t\t\t<img alt=\"Kymco CV3 575_079\" src=\"https:\/\/www.kymco.es\/prensa\/wp-content\/uploads\/2025\/10\/kymco-cv3-575-079.jpg\"  class='masonry'  loading='eager'  width='2160' height='1440' \/>\n\t\t\t\t\n\t\t\t<\/a>\n\t\t<\/figure>\n\t\t<figure class='photonic-gallery-3c photonic-level-1 photonic-thumb'  style='--dw: 2160; --dh: 1440' >\n\t\t\t<a  class='photonic-launch-gallery launch-gallery-swipebox swipebox'  rel='lightbox-photonic-wp-stream-1'  href=\"https:\/\/www.kymco.es\/prensa\/wp-content\/uploads\/2025\/10\/kymco-cv3-575-020.jpg\" title=\"\" data-title=\"&lt;a href=&#039;https:\/\/www.kymco.es\/prensa\/kymco-cv3-575_020\/&#039; &gt;Ver&lt;\/a&gt;\"   data-photonic-media-type=\"image\"   data-photonic-deep=\"gallery[photonic-wp-stream-1]\/12489\/\" >\n\t\t\t\t<img alt=\"Kymco CV3 575_020\" src=\"https:\/\/www.kymco.es\/prensa\/wp-content\/uploads\/2025\/10\/kymco-cv3-575-020.jpg\"  class='masonry'  loading='eager'  width='2160' height='1440' \/>\n\t\t\t\t\n\t\t\t<\/a>\n\t\t<\/figure>\n\t\t<figure class='photonic-gallery-3c photonic-level-1 photonic-thumb'  style='--dw: 2160; --dh: 1440' >\n\t\t\t<a  class='photonic-launch-gallery launch-gallery-swipebox swipebox'  rel='lightbox-photonic-wp-stream-1'  href=\"https:\/\/www.kymco.es\/prensa\/wp-content\/uploads\/2025\/10\/kymco-cv3-575-005.jpg\" title=\"\" data-title=\"&lt;a href=&#039;https:\/\/www.kymco.es\/prensa\/kymco-cv3-575_005\/&#039; &gt;Ver&lt;\/a&gt;\"   data-photonic-media-type=\"image\"   data-photonic-deep=\"gallery[photonic-wp-stream-1]\/12480\/\" >\n\t\t\t\t<img alt=\"Kymco CV3 575_005\" src=\"https:\/\/www.kymco.es\/prensa\/wp-content\/uploads\/2025\/10\/kymco-cv3-575-005.jpg\"  class='masonry'  loading='eager'  width='2160' height='1440' \/>\n\t\t\t\t\n\t\t\t<\/a>\n\t\t<\/figure>\n\t\t<figure class='photonic-gallery-3c photonic-level-1 photonic-thumb'  style='--dw: 1200; --dh: 800' >\n\t\t\t<a  class='photonic-launch-gallery launch-gallery-swipebox swipebox'  rel='lightbox-photonic-wp-stream-1'  href=\"https:\/\/www.kymco.es\/prensa\/wp-content\/uploads\/2025\/09\/kymco-cv3-575-detalle-5.jpg\" title=\"\" data-title=\"&lt;a href=&#039;https:\/\/www.kymco.es\/prensa\/kymco-cv3-575-detalle-5\/&#039; &gt;Ver&lt;\/a&gt;\"   data-photonic-media-type=\"image\"   data-photonic-deep=\"gallery[photonic-wp-stream-1]\/12439\/\" >\n\t\t\t\t<img alt=\"KYMCO CV3 575 Detalle 5\" src=\"https:\/\/www.kymco.es\/prensa\/wp-content\/uploads\/2025\/09\/kymco-cv3-575-detalle-5.jpg\"  class='masonry'  loading='eager'  width='1200' height='800' \/>\n\t\t\t\t\n\t\t\t<\/a>\n\t\t<\/figure>\n\t<\/div> <!-- .\/photonic-level-1-container -->\n<span id='photonic-wp-stream-1-container-end'><\/span>\n<\/div><!-- .photonic-stream or .photonic-panel -->\n\n","protected":false},"excerpt":{"rendered":"<p><span style=\"font-family: 'Arial',sans-serif;\"><strong>KYMCO CV3 575<\/strong> cumple su primer mes en Espa\u00f1a. En apenas unas semanas, este scooter de tres ruedas ha conseguido revolucionar un segmento discreto, y ha despertado una curiosidad inusual. Su dise\u00f1o, prestaciones y sus sensaciones de moto han generado mucho entusiasmo&#8230; y tambi\u00e9n un aluvi\u00f3n de preguntas. Aqu\u00ed resolvemos las 5 m\u00e1s frecuentes entre los usuarios.\u00a0\u00a0<\/span><\/p>\n","protected":false},"author":2,"featured_media":12478,"comment_status":"closed","ping_status":"closed","sticky":false,"template":"","format":"standard","meta":[],"categories":[517],"tags":[],"yoast_head":"<!-- This site is optimized with the Yoast SEO plugin v17.1 - https:\/\/yoast.com\/wordpress\/plugins\/seo\/ -->\n<title>KYMCO CV3 575: respondemos a las 5 dudas m\u00e1s frecuentes tras su primer mes en el mercado - KYMCO Espa\u00f1a<\/title>\n<meta name=\"robots\" content=\"index, follow, max-snippet:-1, max-image-preview:large, max-video-preview:-1\" \/>\n<link rel=\"canonical\" href=\"https:\/\/www.kymco.es\/prensa\/movilidad\/kymco-cv3-575-respondemos-a-las-5-dudas-mas-frecuentes-tras-su-primer-mes-en-el-mercado\/\" \/>\n<meta property=\"og:locale\" content=\"es_ES\" \/>\n<meta property=\"og:type\" content=\"article\" \/>\n<meta property=\"og:title\" content=\"KYMCO CV3 575: respondemos a las 5 dudas m\u00e1s frecuentes tras su primer mes en el mercado - KYMCO Espa\u00f1a\" \/>\n<meta property=\"og:description\" content=\"KYMCO CV3 575 cumple su primer mes en Espa\u00f1a. En apenas unas semanas, este scooter de tres ruedas ha conseguido revolucionar un segmento discreto, y ha despertado una curiosidad inusual. Su dise\u00f1o, prestaciones y sus sensaciones de moto han generado mucho entusiasmo... y tambi\u00e9n un aluvi\u00f3n de preguntas. Aqu\u00ed resolvemos las 5 m\u00e1s frecuentes entre los usuarios.\u00a0\u00a0\" \/>\n<meta property=\"og:url\" content=\"https:\/\/www.kymco.es\/prensa\/movilidad\/kymco-cv3-575-respondemos-a-las-5-dudas-mas-frecuentes-tras-su-primer-mes-en-el-mercado\/\" \/>\n<meta property=\"og:site_name\" content=\"KYMCO Espa\u00f1a\" \/>\n<meta property=\"article:published_time\" content=\"2025-12-04T16:48:17+00:00\" \/>\n<meta property=\"article:modified_time\" content=\"2025-12-04T17:13:37+00:00\" \/>\n<meta property=\"og:image\" content=\"https:\/\/www.kymco.es\/prensa\/wp-content\/uploads\/2025\/10\/kymco-cv3-575-001.jpg\" \/>\n\t<meta property=\"og:image:width\" content=\"2160\" \/>\n\t<meta property=\"og:image:height\" content=\"1440\" \/>\n<meta name=\"twitter:card\" content=\"summary_large_image\" \/>\n<meta name=\"twitter:label1\" content=\"Escrito por\" \/>\n\t<meta name=\"twitter:data1\" content=\"KYMCO Espa\u00f1a\" \/>\n\t<meta name=\"twitter:label2\" content=\"Tiempo de lectura\" \/>\n\t<meta name=\"twitter:data2\" content=\"4 minutos\" \/>\n<script type=\"application\/ld+json\" class=\"yoast-schema-graph\">{\"@context\":\"https:\/\/schema.org\",\"@graph\":[{\"@type\":\"WebSite\",\"@id\":\"https:\/\/www.kymco.es\/prensa\/#website\",\"url\":\"https:\/\/www.kymco.es\/prensa\/\",\"name\":\"KYMCO Espa\\u00f1a\",\"description\":\"Marca de movilidad personal\",\"potentialAction\":[{\"@type\":\"SearchAction\",\"target\":{\"@type\":\"EntryPoint\",\"urlTemplate\":\"https:\/\/www.kymco.es\/prensa\/?s={search_term_string}\"},\"query-input\":\"required name=search_term_string\"}],\"inLanguage\":\"es\"},{\"@type\":\"ImageObject\",\"@id\":\"https:\/\/www.kymco.es\/prensa\/movilidad\/kymco-cv3-575-respondemos-a-las-5-dudas-mas-frecuentes-tras-su-primer-mes-en-el-mercado\/#primaryimage\",\"inLanguage\":\"es\",\"url\":\"https:\/\/www.kymco.es\/prensa\/wp-content\/uploads\/2025\/10\/kymco-cv3-575-001.jpg\",\"contentUrl\":\"https:\/\/www.kymco.es\/prensa\/wp-content\/uploads\/2025\/10\/kymco-cv3-575-001.jpg\",\"width\":2160,\"height\":1440},{\"@type\":\"WebPage\",\"@id\":\"https:\/\/www.kymco.es\/prensa\/movilidad\/kymco-cv3-575-respondemos-a-las-5-dudas-mas-frecuentes-tras-su-primer-mes-en-el-mercado\/#webpage\",\"url\":\"https:\/\/www.kymco.es\/prensa\/movilidad\/kymco-cv3-575-respondemos-a-las-5-dudas-mas-frecuentes-tras-su-primer-mes-en-el-mercado\/\",\"name\":\"KYMCO CV3 575: respondemos a las 5 dudas m\\u00e1s frecuentes tras su primer mes en el mercado - KYMCO Espa\\u00f1a\",\"isPartOf\":{\"@id\":\"https:\/\/www.kymco.es\/prensa\/#website\"},\"primaryImageOfPage\":{\"@id\":\"https:\/\/www.kymco.es\/prensa\/movilidad\/kymco-cv3-575-respondemos-a-las-5-dudas-mas-frecuentes-tras-su-primer-mes-en-el-mercado\/#primaryimage\"},\"datePublished\":\"2025-12-04T16:48:17+00:00\",\"dateModified\":\"2025-12-04T17:13:37+00:00\",\"author\":{\"@id\":\"https:\/\/www.kymco.es\/prensa\/#\/schema\/person\/b315bb551f7fe40b3f8f1b4768f556c4\"},\"breadcrumb\":{\"@id\":\"https:\/\/www.kymco.es\/prensa\/movilidad\/kymco-cv3-575-respondemos-a-las-5-dudas-mas-frecuentes-tras-su-primer-mes-en-el-mercado\/#breadcrumb\"},\"inLanguage\":\"es\",\"potentialAction\":[{\"@type\":\"ReadAction\",\"target\":[\"https:\/\/www.kymco.es\/prensa\/movilidad\/kymco-cv3-575-respondemos-a-las-5-dudas-mas-frecuentes-tras-su-primer-mes-en-el-mercado\/\"]}]},{\"@type\":\"BreadcrumbList\",\"@id\":\"https:\/\/www.kymco.es\/prensa\/movilidad\/kymco-cv3-575-respondemos-a-las-5-dudas-mas-frecuentes-tras-su-primer-mes-en-el-mercado\/#breadcrumb\",\"itemListElement\":[{\"@type\":\"ListItem\",\"position\":1,\"name\":\"Portada\",\"item\":\"https:\/\/www.kymco.es\/prensa\/\"},{\"@type\":\"ListItem\",\"position\":2,\"name\":\"KYMCO CV3 575: respondemos a las 5 dudas m\\u00e1s frecuentes tras su primer mes en el mercado\"}]},{\"@type\":\"Person\",\"@id\":\"https:\/\/www.kymco.es\/prensa\/#\/schema\/person\/b315bb551f7fe40b3f8f1b4768f556c4\",\"name\":\"KYMCO Espa\\u00f1a\",\"url\":\"https:\/\/www.kymco.es\/prensa\/author\/vanessasaedrin\/\"}]}<\/script>\n<!-- \/ Yoast SEO plugin. -->","yoast_head_json":{"title":"KYMCO CV3 575: respondemos a las 5 dudas m\u00e1s frecuentes tras su primer mes en el mercado - KYMCO Espa\u00f1a","robots":{"index":"index","follow":"follow","max-snippet":"max-snippet:-1","max-image-preview":"max-image-preview:large","max-video-preview":"max-video-preview:-1"},"canonical":"https:\/\/www.kymco.es\/prensa\/movilidad\/kymco-cv3-575-respondemos-a-las-5-dudas-mas-frecuentes-tras-su-primer-mes-en-el-mercado\/","og_locale":"es_ES","og_type":"article","og_title":"KYMCO CV3 575: respondemos a las 5 dudas m\u00e1s frecuentes tras su primer mes en el mercado - KYMCO Espa\u00f1a","og_description":"KYMCO CV3 575 cumple su primer mes en Espa\u00f1a. En apenas unas semanas, este scooter de tres ruedas ha conseguido revolucionar un segmento discreto, y ha despertado una curiosidad inusual. Su dise\u00f1o, prestaciones y sus sensaciones de moto han generado mucho entusiasmo... y tambi\u00e9n un aluvi\u00f3n de preguntas. Aqu\u00ed resolvemos las 5 m\u00e1s frecuentes entre los usuarios.\u00a0\u00a0","og_url":"https:\/\/www.kymco.es\/prensa\/movilidad\/kymco-cv3-575-respondemos-a-las-5-dudas-mas-frecuentes-tras-su-primer-mes-en-el-mercado\/","og_site_name":"KYMCO Espa\u00f1a","article_published_time":"2025-12-04T16:48:17+00:00","article_modified_time":"2025-12-04T17:13:37+00:00","og_image":[{"width":2160,"height":1440,"url":"https:\/\/www.kymco.es\/prensa\/wp-content\/uploads\/2025\/10\/kymco-cv3-575-001.jpg","path":"\/var\/www\/html\/kymco.es\/prensa\/wp-content\/uploads\/2025\/10\/kymco-cv3-575-001.jpg","size":"full","id":12478,"alt":"","pixels":3110400,"type":"image\/jpeg"}],"twitter_card":"summary_large_image","twitter_misc":{"Escrito por":"KYMCO Espa\u00f1a","Tiempo de lectura":"4 minutos"},"schema":{"@context":"https:\/\/schema.org","@graph":[{"@type":"WebSite","@id":"https:\/\/www.kymco.es\/prensa\/#website","url":"https:\/\/www.kymco.es\/prensa\/","name":"KYMCO Espa\u00f1a","description":"Marca de movilidad personal","potentialAction":[{"@type":"SearchAction","target":{"@type":"EntryPoint","urlTemplate":"https:\/\/www.kymco.es\/prensa\/?s={search_term_string}"},"query-input":"required name=search_term_string"}],"inLanguage":"es"},{"@type":"ImageObject","@id":"https:\/\/www.kymco.es\/prensa\/movilidad\/kymco-cv3-575-respondemos-a-las-5-dudas-mas-frecuentes-tras-su-primer-mes-en-el-mercado\/#primaryimage","inLanguage":"es","url":"https:\/\/www.kymco.es\/prensa\/wp-content\/uploads\/2025\/10\/kymco-cv3-575-001.jpg","contentUrl":"https:\/\/www.kymco.es\/prensa\/wp-content\/uploads\/2025\/10\/kymco-cv3-575-001.jpg","width":2160,"height":1440},{"@type":"WebPage","@id":"https:\/\/www.kymco.es\/prensa\/movilidad\/kymco-cv3-575-respondemos-a-las-5-dudas-mas-frecuentes-tras-su-primer-mes-en-el-mercado\/#webpage","url":"https:\/\/www.kymco.es\/prensa\/movilidad\/kymco-cv3-575-respondemos-a-las-5-dudas-mas-frecuentes-tras-su-primer-mes-en-el-mercado\/","name":"KYMCO CV3 575: respondemos a las 5 dudas m\u00e1s frecuentes tras su primer mes en el mercado - KYMCO Espa\u00f1a","isPartOf":{"@id":"https:\/\/www.kymco.es\/prensa\/#website"},"primaryImageOfPage":{"@id":"https:\/\/www.kymco.es\/prensa\/movilidad\/kymco-cv3-575-respondemos-a-las-5-dudas-mas-frecuentes-tras-su-primer-mes-en-el-mercado\/#primaryimage"},"datePublished":"2025-12-04T16:48:17+00:00","dateModified":"2025-12-04T17:13:37+00:00","author":{"@id":"https:\/\/www.kymco.es\/prensa\/#\/schema\/person\/b315bb551f7fe40b3f8f1b4768f556c4"},"breadcrumb":{"@id":"https:\/\/www.kymco.es\/prensa\/movilidad\/kymco-cv3-575-respondemos-a-las-5-dudas-mas-frecuentes-tras-su-primer-mes-en-el-mercado\/#breadcrumb"},"inLanguage":"es","potentialAction":[{"@type":"ReadAction","target":["https:\/\/www.kymco.es\/prensa\/movilidad\/kymco-cv3-575-respondemos-a-las-5-dudas-mas-frecuentes-tras-su-primer-mes-en-el-mercado\/"]}]},{"@type":"BreadcrumbList","@id":"https:\/\/www.kymco.es\/prensa\/movilidad\/kymco-cv3-575-respondemos-a-las-5-dudas-mas-frecuentes-tras-su-primer-mes-en-el-mercado\/#breadcrumb","itemListElement":[{"@type":"ListItem","position":1,"name":"Portada","item":"https:\/\/www.kymco.es\/prensa\/"},{"@type":"ListItem","position":2,"name":"KYMCO CV3 575: respondemos a las 5 dudas m\u00e1s frecuentes tras su primer mes en el mercado"}]},{"@type":"Person","@id":"https:\/\/www.kymco.es\/prensa\/#\/schema\/person\/b315bb551f7fe40b3f8f1b4768f556c4","name":"KYMCO Espa\u00f1a","url":"https:\/\/www.kymco.es\/prensa\/author\/vanessasaedrin\/"}]}},"_links":{"self":[{"href":"https:\/\/www.kymco.es\/prensa\/wp-json\/wp\/v2\/posts\/12744"}],"collection":[{"href":"https:\/\/www.kymco.es\/prensa\/wp-json\/wp\/v2\/posts"}],"about":[{"href":"https:\/\/www.kymco.es\/prensa\/wp-json\/wp\/v2\/types\/post"}],"author":[{"embeddable":true,"href":"https:\/\/www.kymco.es\/prensa\/wp-json\/wp\/v2\/users\/2"}],"replies":[{"embeddable":true,"href":"https:\/\/www.kymco.es\/prensa\/wp-json\/wp\/v2\/comments?post=12744"}],"version-history":[{"count":6,"href":"https:\/\/www.kymco.es\/prensa\/wp-json\/wp\/v2\/posts\/12744\/revisions"}],"predecessor-version":[{"id":12779,"href":"https:\/\/www.kymco.es\/prensa\/wp-json\/wp\/v2\/posts\/12744\/revisions\/12779"}],"wp:featuredmedia":[{"embeddable":true,"href":"https:\/\/www.kymco.es\/prensa\/wp-json\/wp\/v2\/media\/12478"}],"wp:attachment":[{"href":"https:\/\/www.kymco.es\/prensa\/wp-json\/wp\/v2\/media?parent=12744"}],"wp:term":[{"taxonomy":"category","embeddable":true,"href":"https:\/\/www.kymco.es\/prensa\/wp-json\/wp\/v2\/categories?post=12744"},{"taxonomy":"post_tag","embeddable":true,"href":"https:\/\/www.kymco.es\/prensa\/wp-json\/wp\/v2\/tags?post=12744"}],"curies":[{"name":"wp","href":"https:\/\/api.w.org\/{rel}","templated":true}]}}