{"id":11585,"date":"2024-12-31T12:59:19","date_gmt":"2024-12-31T11:59:19","guid":{"rendered":"https:\/\/www.kymco.es\/prensa\/?p=11585"},"modified":"2024-12-31T13:09:21","modified_gmt":"2024-12-31T12:09:21","slug":"kymco-inicia-2025-con-bajada-de-precio-en-sky-town-125-el-scooter-mejor-valorado-en-seguridad-y-eficiencia","status":"publish","type":"post","link":"https:\/\/www.kymco.es\/prensa\/nota-de-prensa\/kymco-inicia-2025-con-bajada-de-precio-en-sky-town-125-el-scooter-mejor-valorado-en-seguridad-y-eficiencia\/","title":{"rendered":"KYMCO inicia 2025 con bajada  de precio en Sky Town 125, el scooter mejor valorado en seguridad y eficiencia"},"content":{"rendered":"<p>&nbsp;<\/p>\n<p><a href=\"https:\/\/www.kymco.es\/prensa\/wp-content\/uploads\/2024\/08\/skytown-125-abs-ambiente-6.jpg\"><img class=\"aligncenter size-full wp-image-11560\" src=\"https:\/\/www.kymco.es\/prensa\/wp-content\/uploads\/2024\/08\/skytown-125-abs-ambiente-6.jpg\" alt=\"\" width=\"1200\" height=\"800\" srcset=\"https:\/\/www.kymco.es\/prensa\/wp-content\/uploads\/2024\/08\/skytown-125-abs-ambiente-6-200x133.jpg 200w, https:\/\/www.kymco.es\/prensa\/wp-content\/uploads\/2024\/08\/skytown-125-abs-ambiente-6-300x200.jpg 300w, https:\/\/www.kymco.es\/prensa\/wp-content\/uploads\/2024\/08\/skytown-125-abs-ambiente-6-370x247.jpg 370w, https:\/\/www.kymco.es\/prensa\/wp-content\/uploads\/2024\/08\/skytown-125-abs-ambiente-6-400x267.jpg 400w, https:\/\/www.kymco.es\/prensa\/wp-content\/uploads\/2024\/08\/skytown-125-abs-ambiente-6-600x400.jpg 600w, https:\/\/www.kymco.es\/prensa\/wp-content\/uploads\/2024\/08\/skytown-125-abs-ambiente-6-768x512.jpg 768w, https:\/\/www.kymco.es\/prensa\/wp-content\/uploads\/2024\/08\/skytown-125-abs-ambiente-6-800x533.jpg 800w, https:\/\/www.kymco.es\/prensa\/wp-content\/uploads\/2024\/08\/skytown-125-abs-ambiente-6-900x600.jpg 900w, https:\/\/www.kymco.es\/prensa\/wp-content\/uploads\/2024\/08\/skytown-125-abs-ambiente-6-1024x683.jpg 1024w, https:\/\/www.kymco.es\/prensa\/wp-content\/uploads\/2024\/08\/skytown-125-abs-ambiente-6.jpg 1200w\" sizes=\"(max-width: 1200px) 100vw, 1200px\" \/><\/a><\/p>\n<ul>\n<li><strong>Rebaja de 249 euros para impulsar la movilidad eficiente con el modelo m\u00e1s avanzado y superior de la gama urbana<\/strong><\/li>\n<li><strong>Seguridad, almacenamiento, rendimiento, ligereza y sostenibilidad, sus 5 caracter\u00edsticas mejor valoradas<\/strong><\/li>\n<\/ul>\n<p><strong>Madrid, 31 de diciembre 2024. <\/strong>KYMCO Espa\u00f1a ha anunciado una reducci\u00f3n significativa del precio del innovador scooter urbano Sky Town 125 para 2025, el veh\u00edculo de la marca mejor valorado en seguridad y eficiencia por sus usuarios. Tras la matriculaci\u00f3n de las primeras 1.000 unidades en tiempo r\u00e9cord, su precio es ahora m\u00e1s accesible para llegar a un mayor n\u00famero de usuarios, dentro del compromiso de la marca con la movilidad segura, \u00e1gil y eficiente.<\/p>\n<p>\u00a0\u201cEstamos muy contentos de que Sky Town 125 est\u00e9 impulsando la movilidad eficiente. Este modelo no solo est\u00e1 atrayendo a los usuarios habituales de dos ruedas, sino tambi\u00e9n a quienes nunca antes hab\u00edan considerado esta alternativa para sus desplazamientos diarios. Nuestro objetivo es seguir fomentando la movilidad sostenible en las ciudades\u201d, ha comentado <strong>Carlos Wang<\/strong>, director General de KYMCO Espa\u00f1a.<\/p>\n<p>A partir de 2025, el <strong>Sky Town 125<\/strong> estar\u00e1 disponible por <strong>2.750 euros<\/strong>, lo que representa una reducci\u00f3n de <strong>249 euros<\/strong> respecto a su precio anterior.<\/p>\n<p><strong>Por qu\u00e9 Sky Town 125<\/strong><\/p>\n<p>Estas son las 5 caracter\u00edsticas de Sky Town 125 mejor valoradas por sus usuarios, por este orden, seg\u00fan los datos recogidos por la marca:<\/p>\n<p><strong>Seguridad:<\/strong><\/p>\n<ul>\n<li>Equipado con ABS de doble canal (Bosch).<\/li>\n<li>Sistema de frenado avanzado: disco delantero de 220 mm con pinza de doble pist\u00f3n y disco trasero de 200 mm.<\/li>\n<\/ul>\n<p><strong>Almacenamiento superior:<\/strong><\/p>\n<ul>\n<li>Ba\u00fal original KYMCO KY30 de serie, con capacidad para un casco integral o modular, y cofre bajo el asiento para un casco adicional.<\/li>\n<\/ul>\n<p><strong>Rendimiento excepcional y bajo consumo:<\/strong><\/p>\n<ul>\n<li>Nuevo motor de 11 CV y arranque suave (chasis un 20% m\u00e1s r\u00edgido, con soporte de motor inferior que mejora la estabilidad y el control).<\/li>\n<li>280 km de autonom\u00eda con un dep\u00f3sito de solo 7 litros.<\/li>\n<\/ul>\n<p><strong>Ligereza y comodidad:<\/strong><\/p>\n<ul>\n<li>Compacto y manejable, solo 126 kilos de peso y la altura del asiento es de 77 cm.<\/li>\n<\/ul>\n<p><strong>Sostenibilidad:<\/strong><\/p>\n<ul>\n<li>Primera moto en neutralizar su huella de carbono. KYMCO Espa\u00f1a, a trav\u00e9s de Human Mobility, es pionera en implementar voluntariamente la norma ISO 14064-1 y se compromete a neutralizar 14,1 kilos de CO\u2082 por cada unidad del Sky Town 125, compensando parcialmente las emisiones adicionales derivadas de las rutas mar\u00edtimas m\u00e1s largas debido al conflicto en el Mar Rojo.\n<p>&nbsp;<\/p>\n<p><a href=\"https:\/\/www.kymco.es\/prensa\/attachment_category\/sky-town-125-abs\/\">&gt;&gt; Ver GALER\u00cdA &gt;&gt;<\/a><\/li>\n<\/ul>\n","protected":false},"excerpt":{"rendered":"<p>Rebaja de 249 euros para impulsar la movilidad eficiente con el modelo m\u00e1s avanzado y superior de la gama urbana. Seguridad, almacenamiento, rendimiento, ligereza y sostenibilidad, sus 5 caracter\u00edsticas mejor valoradas.<\/p>\n","protected":false},"author":2,"featured_media":11560,"comment_status":"closed","ping_status":"closed","sticky":false,"template":"","format":"standard","meta":[],"categories":[520,449],"tags":[],"yoast_head":"<!-- This site is optimized with the Yoast SEO plugin v17.1 - https:\/\/yoast.com\/wordpress\/plugins\/seo\/ -->\n<title>KYMCO inicia 2025 con bajada de precio en Sky Town 125, el scooter mejor valorado en seguridad y eficiencia - KYMCO Espa\u00f1a<\/title>\n<meta name=\"robots\" content=\"index, follow, max-snippet:-1, max-image-preview:large, max-video-preview:-1\" \/>\n<link rel=\"canonical\" href=\"https:\/\/www.kymco.es\/prensa\/nota-de-prensa\/kymco-inicia-2025-con-bajada-de-precio-en-sky-town-125-el-scooter-mejor-valorado-en-seguridad-y-eficiencia\/\" \/>\n<meta property=\"og:locale\" content=\"es_ES\" \/>\n<meta property=\"og:type\" content=\"article\" \/>\n<meta property=\"og:title\" content=\"KYMCO inicia 2025 con bajada de precio en Sky Town 125, el scooter mejor valorado en seguridad y eficiencia - KYMCO Espa\u00f1a\" \/>\n<meta property=\"og:description\" content=\"Rebaja de 249 euros para impulsar la movilidad eficiente con el modelo m\u00e1s avanzado y superior de la gama urbana. Seguridad, almacenamiento, rendimiento, ligereza y sostenibilidad, sus 5 caracter\u00edsticas mejor valoradas.\" \/>\n<meta property=\"og:url\" content=\"https:\/\/www.kymco.es\/prensa\/nota-de-prensa\/kymco-inicia-2025-con-bajada-de-precio-en-sky-town-125-el-scooter-mejor-valorado-en-seguridad-y-eficiencia\/\" \/>\n<meta property=\"og:site_name\" content=\"KYMCO Espa\u00f1a\" \/>\n<meta property=\"article:published_time\" content=\"2024-12-31T11:59:19+00:00\" \/>\n<meta property=\"article:modified_time\" content=\"2024-12-31T12:09:21+00:00\" \/>\n<meta property=\"og:image\" content=\"https:\/\/www.kymco.es\/prensa\/wp-content\/uploads\/2024\/08\/skytown-125-abs-ambiente-6.jpg\" \/>\n\t<meta property=\"og:image:width\" content=\"1200\" \/>\n\t<meta property=\"og:image:height\" content=\"800\" \/>\n<meta name=\"twitter:card\" content=\"summary_large_image\" \/>\n<meta name=\"twitter:label1\" content=\"Escrito por\" \/>\n\t<meta name=\"twitter:data1\" content=\"KYMCO Espa\u00f1a\" \/>\n\t<meta name=\"twitter:label2\" content=\"Tiempo de lectura\" \/>\n\t<meta name=\"twitter:data2\" content=\"2 minutos\" \/>\n<script type=\"application\/ld+json\" class=\"yoast-schema-graph\">{\"@context\":\"https:\/\/schema.org\",\"@graph\":[{\"@type\":\"WebSite\",\"@id\":\"https:\/\/www.kymco.es\/prensa\/#website\",\"url\":\"https:\/\/www.kymco.es\/prensa\/\",\"name\":\"KYMCO Espa\\u00f1a\",\"description\":\"Marca de movilidad personal\",\"potentialAction\":[{\"@type\":\"SearchAction\",\"target\":{\"@type\":\"EntryPoint\",\"urlTemplate\":\"https:\/\/www.kymco.es\/prensa\/?s={search_term_string}\"},\"query-input\":\"required name=search_term_string\"}],\"inLanguage\":\"es\"},{\"@type\":\"ImageObject\",\"@id\":\"https:\/\/www.kymco.es\/prensa\/nota-de-prensa\/kymco-inicia-2025-con-bajada-de-precio-en-sky-town-125-el-scooter-mejor-valorado-en-seguridad-y-eficiencia\/#primaryimage\",\"inLanguage\":\"es\",\"url\":\"https:\/\/www.kymco.es\/prensa\/wp-content\/uploads\/2024\/08\/skytown-125-abs-ambiente-6.jpg\",\"contentUrl\":\"https:\/\/www.kymco.es\/prensa\/wp-content\/uploads\/2024\/08\/skytown-125-abs-ambiente-6.jpg\",\"width\":1200,\"height\":800},{\"@type\":\"WebPage\",\"@id\":\"https:\/\/www.kymco.es\/prensa\/nota-de-prensa\/kymco-inicia-2025-con-bajada-de-precio-en-sky-town-125-el-scooter-mejor-valorado-en-seguridad-y-eficiencia\/#webpage\",\"url\":\"https:\/\/www.kymco.es\/prensa\/nota-de-prensa\/kymco-inicia-2025-con-bajada-de-precio-en-sky-town-125-el-scooter-mejor-valorado-en-seguridad-y-eficiencia\/\",\"name\":\"KYMCO inicia 2025 con bajada de precio en Sky Town 125, el scooter mejor valorado en seguridad y eficiencia - KYMCO Espa\\u00f1a\",\"isPartOf\":{\"@id\":\"https:\/\/www.kymco.es\/prensa\/#website\"},\"primaryImageOfPage\":{\"@id\":\"https:\/\/www.kymco.es\/prensa\/nota-de-prensa\/kymco-inicia-2025-con-bajada-de-precio-en-sky-town-125-el-scooter-mejor-valorado-en-seguridad-y-eficiencia\/#primaryimage\"},\"datePublished\":\"2024-12-31T11:59:19+00:00\",\"dateModified\":\"2024-12-31T12:09:21+00:00\",\"author\":{\"@id\":\"https:\/\/www.kymco.es\/prensa\/#\/schema\/person\/b315bb551f7fe40b3f8f1b4768f556c4\"},\"breadcrumb\":{\"@id\":\"https:\/\/www.kymco.es\/prensa\/nota-de-prensa\/kymco-inicia-2025-con-bajada-de-precio-en-sky-town-125-el-scooter-mejor-valorado-en-seguridad-y-eficiencia\/#breadcrumb\"},\"inLanguage\":\"es\",\"potentialAction\":[{\"@type\":\"ReadAction\",\"target\":[\"https:\/\/www.kymco.es\/prensa\/nota-de-prensa\/kymco-inicia-2025-con-bajada-de-precio-en-sky-town-125-el-scooter-mejor-valorado-en-seguridad-y-eficiencia\/\"]}]},{\"@type\":\"BreadcrumbList\",\"@id\":\"https:\/\/www.kymco.es\/prensa\/nota-de-prensa\/kymco-inicia-2025-con-bajada-de-precio-en-sky-town-125-el-scooter-mejor-valorado-en-seguridad-y-eficiencia\/#breadcrumb\",\"itemListElement\":[{\"@type\":\"ListItem\",\"position\":1,\"name\":\"Portada\",\"item\":\"https:\/\/www.kymco.es\/prensa\/\"},{\"@type\":\"ListItem\",\"position\":2,\"name\":\"KYMCO inicia 2025 con bajada de precio en Sky Town 125, el scooter mejor valorado en seguridad y eficiencia\"}]},{\"@type\":\"Person\",\"@id\":\"https:\/\/www.kymco.es\/prensa\/#\/schema\/person\/b315bb551f7fe40b3f8f1b4768f556c4\",\"name\":\"KYMCO Espa\\u00f1a\",\"url\":\"https:\/\/www.kymco.es\/prensa\/author\/vanessasaedrin\/\"}]}<\/script>\n<!-- \/ Yoast SEO plugin. -->","yoast_head_json":{"title":"KYMCO inicia 2025 con bajada de precio en Sky Town 125, el scooter mejor valorado en seguridad y eficiencia - KYMCO Espa\u00f1a","robots":{"index":"index","follow":"follow","max-snippet":"max-snippet:-1","max-image-preview":"max-image-preview:large","max-video-preview":"max-video-preview:-1"},"canonical":"https:\/\/www.kymco.es\/prensa\/nota-de-prensa\/kymco-inicia-2025-con-bajada-de-precio-en-sky-town-125-el-scooter-mejor-valorado-en-seguridad-y-eficiencia\/","og_locale":"es_ES","og_type":"article","og_title":"KYMCO inicia 2025 con bajada de precio en Sky Town 125, el scooter mejor valorado en seguridad y eficiencia - KYMCO Espa\u00f1a","og_description":"Rebaja de 249 euros para impulsar la movilidad eficiente con el modelo m\u00e1s avanzado y superior de la gama urbana. Seguridad, almacenamiento, rendimiento, ligereza y sostenibilidad, sus 5 caracter\u00edsticas mejor valoradas.","og_url":"https:\/\/www.kymco.es\/prensa\/nota-de-prensa\/kymco-inicia-2025-con-bajada-de-precio-en-sky-town-125-el-scooter-mejor-valorado-en-seguridad-y-eficiencia\/","og_site_name":"KYMCO Espa\u00f1a","article_published_time":"2024-12-31T11:59:19+00:00","article_modified_time":"2024-12-31T12:09:21+00:00","og_image":[{"width":1200,"height":800,"url":"https:\/\/www.kymco.es\/prensa\/wp-content\/uploads\/2024\/08\/skytown-125-abs-ambiente-6.jpg","path":"\/var\/www\/html\/kymco.es\/prensa\/wp-content\/uploads\/2024\/08\/skytown-125-abs-ambiente-6.jpg","size":"full","id":11560,"alt":"","pixels":960000,"type":"image\/jpeg"}],"twitter_card":"summary_large_image","twitter_misc":{"Escrito por":"KYMCO Espa\u00f1a","Tiempo de lectura":"2 minutos"},"schema":{"@context":"https:\/\/schema.org","@graph":[{"@type":"WebSite","@id":"https:\/\/www.kymco.es\/prensa\/#website","url":"https:\/\/www.kymco.es\/prensa\/","name":"KYMCO Espa\u00f1a","description":"Marca de movilidad personal","potentialAction":[{"@type":"SearchAction","target":{"@type":"EntryPoint","urlTemplate":"https:\/\/www.kymco.es\/prensa\/?s={search_term_string}"},"query-input":"required name=search_term_string"}],"inLanguage":"es"},{"@type":"ImageObject","@id":"https:\/\/www.kymco.es\/prensa\/nota-de-prensa\/kymco-inicia-2025-con-bajada-de-precio-en-sky-town-125-el-scooter-mejor-valorado-en-seguridad-y-eficiencia\/#primaryimage","inLanguage":"es","url":"https:\/\/www.kymco.es\/prensa\/wp-content\/uploads\/2024\/08\/skytown-125-abs-ambiente-6.jpg","contentUrl":"https:\/\/www.kymco.es\/prensa\/wp-content\/uploads\/2024\/08\/skytown-125-abs-ambiente-6.jpg","width":1200,"height":800},{"@type":"WebPage","@id":"https:\/\/www.kymco.es\/prensa\/nota-de-prensa\/kymco-inicia-2025-con-bajada-de-precio-en-sky-town-125-el-scooter-mejor-valorado-en-seguridad-y-eficiencia\/#webpage","url":"https:\/\/www.kymco.es\/prensa\/nota-de-prensa\/kymco-inicia-2025-con-bajada-de-precio-en-sky-town-125-el-scooter-mejor-valorado-en-seguridad-y-eficiencia\/","name":"KYMCO inicia 2025 con bajada de precio en Sky Town 125, el scooter mejor valorado en seguridad y eficiencia - KYMCO Espa\u00f1a","isPartOf":{"@id":"https:\/\/www.kymco.es\/prensa\/#website"},"primaryImageOfPage":{"@id":"https:\/\/www.kymco.es\/prensa\/nota-de-prensa\/kymco-inicia-2025-con-bajada-de-precio-en-sky-town-125-el-scooter-mejor-valorado-en-seguridad-y-eficiencia\/#primaryimage"},"datePublished":"2024-12-31T11:59:19+00:00","dateModified":"2024-12-31T12:09:21+00:00","author":{"@id":"https:\/\/www.kymco.es\/prensa\/#\/schema\/person\/b315bb551f7fe40b3f8f1b4768f556c4"},"breadcrumb":{"@id":"https:\/\/www.kymco.es\/prensa\/nota-de-prensa\/kymco-inicia-2025-con-bajada-de-precio-en-sky-town-125-el-scooter-mejor-valorado-en-seguridad-y-eficiencia\/#breadcrumb"},"inLanguage":"es","potentialAction":[{"@type":"ReadAction","target":["https:\/\/www.kymco.es\/prensa\/nota-de-prensa\/kymco-inicia-2025-con-bajada-de-precio-en-sky-town-125-el-scooter-mejor-valorado-en-seguridad-y-eficiencia\/"]}]},{"@type":"BreadcrumbList","@id":"https:\/\/www.kymco.es\/prensa\/nota-de-prensa\/kymco-inicia-2025-con-bajada-de-precio-en-sky-town-125-el-scooter-mejor-valorado-en-seguridad-y-eficiencia\/#breadcrumb","itemListElement":[{"@type":"ListItem","position":1,"name":"Portada","item":"https:\/\/www.kymco.es\/prensa\/"},{"@type":"ListItem","position":2,"name":"KYMCO inicia 2025 con bajada de precio en Sky Town 125, el scooter mejor valorado en seguridad y eficiencia"}]},{"@type":"Person","@id":"https:\/\/www.kymco.es\/prensa\/#\/schema\/person\/b315bb551f7fe40b3f8f1b4768f556c4","name":"KYMCO Espa\u00f1a","url":"https:\/\/www.kymco.es\/prensa\/author\/vanessasaedrin\/"}]}},"_links":{"self":[{"href":"https:\/\/www.kymco.es\/prensa\/wp-json\/wp\/v2\/posts\/11585"}],"collection":[{"href":"https:\/\/www.kymco.es\/prensa\/wp-json\/wp\/v2\/posts"}],"about":[{"href":"https:\/\/www.kymco.es\/prensa\/wp-json\/wp\/v2\/types\/post"}],"author":[{"embeddable":true,"href":"https:\/\/www.kymco.es\/prensa\/wp-json\/wp\/v2\/users\/2"}],"replies":[{"embeddable":true,"href":"https:\/\/www.kymco.es\/prensa\/wp-json\/wp\/v2\/comments?post=11585"}],"version-history":[{"count":3,"href":"https:\/\/www.kymco.es\/prensa\/wp-json\/wp\/v2\/posts\/11585\/revisions"}],"predecessor-version":[{"id":11589,"href":"https:\/\/www.kymco.es\/prensa\/wp-json\/wp\/v2\/posts\/11585\/revisions\/11589"}],"wp:featuredmedia":[{"embeddable":true,"href":"https:\/\/www.kymco.es\/prensa\/wp-json\/wp\/v2\/media\/11560"}],"wp:attachment":[{"href":"https:\/\/www.kymco.es\/prensa\/wp-json\/wp\/v2\/media?parent=11585"}],"wp:term":[{"taxonomy":"category","embeddable":true,"href":"https:\/\/www.kymco.es\/prensa\/wp-json\/wp\/v2\/categories?post=11585"},{"taxonomy":"post_tag","embeddable":true,"href":"https:\/\/www.kymco.es\/prensa\/wp-json\/wp\/v2\/tags?post=11585"}],"curies":[{"name":"wp","href":"https:\/\/api.w.org\/{rel}","templated":true}]}}