{"id":11480,"date":"2024-06-26T09:14:28","date_gmt":"2024-06-26T07:14:28","guid":{"rendered":"https:\/\/www.kymco.es\/prensa\/?p=11480"},"modified":"2024-08-06T12:29:58","modified_gmt":"2024-08-06T10:29:58","slug":"kymco-espana-anuncia-sky-town-125-abs","status":"publish","type":"post","link":"https:\/\/www.kymco.es\/prensa\/nota-de-prensa\/kymco-espana-anuncia-sky-town-125-abs\/","title":{"rendered":"KYMCO Espa\u00f1a anuncia Sky Town 125 ABS"},"content":{"rendered":"<p>&nbsp;<\/p>\n<p><a href=\"https:\/\/www.kymco.es\/prensa\/wp-content\/uploads\/2024\/06\/skytown125abs-1.jpg\"><img class=\"aligncenter size-full wp-image-11496\" src=\"https:\/\/www.kymco.es\/prensa\/wp-content\/uploads\/2024\/06\/skytown125abs-1.jpg\" alt=\"\" width=\"1200\" height=\"800\" srcset=\"https:\/\/www.kymco.es\/prensa\/wp-content\/uploads\/2024\/06\/skytown125abs-1-200x133.jpg 200w, https:\/\/www.kymco.es\/prensa\/wp-content\/uploads\/2024\/06\/skytown125abs-1-300x200.jpg 300w, https:\/\/www.kymco.es\/prensa\/wp-content\/uploads\/2024\/06\/skytown125abs-1-370x247.jpg 370w, https:\/\/www.kymco.es\/prensa\/wp-content\/uploads\/2024\/06\/skytown125abs-1-400x267.jpg 400w, https:\/\/www.kymco.es\/prensa\/wp-content\/uploads\/2024\/06\/skytown125abs-1-600x400.jpg 600w, https:\/\/www.kymco.es\/prensa\/wp-content\/uploads\/2024\/06\/skytown125abs-1-768x512.jpg 768w, https:\/\/www.kymco.es\/prensa\/wp-content\/uploads\/2024\/06\/skytown125abs-1-800x533.jpg 800w, https:\/\/www.kymco.es\/prensa\/wp-content\/uploads\/2024\/06\/skytown125abs-1-900x600.jpg 900w, https:\/\/www.kymco.es\/prensa\/wp-content\/uploads\/2024\/06\/skytown125abs-1-1024x683.jpg 1024w, https:\/\/www.kymco.es\/prensa\/wp-content\/uploads\/2024\/06\/skytown125abs-1.jpg 1200w\" sizes=\"(max-width: 1200px) 100vw, 1200px\" \/><\/a><\/p>\n<ul>\n<li><strong>Nuevo urbano superior al superventas KYMCO: mejora en respuesta y sostenibilidad, y es m\u00e1s \u00e1gil, ligero, compacto, estable y con exclusivo ba\u00fal a juego de serie<\/strong><\/li>\n<li><strong>Primera moto del mercado que neutraliza huella de carbono derivada del conflicto del Mar Rojo<\/strong><\/li>\n<li><strong>Espa\u00f1a ser\u00e1 su primer mercado mundial y estar\u00e1 disponible en septiembre por 2.999 euros con matr\u00edcula gratis<\/strong><\/li>\n<\/ul>\n<p><strong>Madrid, 25 de junio 2024. <\/strong>KYMCO Espa\u00f1a ha anunciado una propuesta urbana KYMCO con un modelo de scooter totalmente nuevo que supera al superventas KYMCO que ha liderado el ranking de veh\u00edculos de dos ruedas de todas las categor\u00edas del mercado durante varios ejercicios. El nuevo modelo Sky Town 125 ABS supera ampliamente al exitoso y scooter urbano Agility que acumula, en sus diferentes versiones de 125 cc, 90.000 unidades vendidas en los \u00faltimos 15 a\u00f1os.<\/p>\n<p>Sky Town 125 ABS, cuyo <em>concept<\/em> se present\u00f3 en el Sal\u00f3n de Mil\u00e1n del a\u00f1o pasado, ha entrado ya en producci\u00f3n y su primer destino europeo ser\u00e1 el mercado espa\u00f1ol. Estar\u00e1 disponible en septiembre en dos colores exclusivos para Espa\u00f1a (gris brillo y blanco brillo) a un precio de 2.999 euros con matr\u00edcula gratis y ba\u00fal KYMCO de serie. Adem\u00e1s, el veh\u00edculo ser\u00e1 la primera moto en neutralizar huella de carbono. Human Mobility, que controla KYMCO en Espa\u00f1a, es la \u00fanica compa\u00f1\u00eda de las dos ruedas que de forma voluntaria cuenta con ISO 14064-1 de huella de carbono y dentro de su compromiso con la sostenibilidad la compa\u00f1\u00eda ha decidido neutralizar la mitad de las emisiones extras derivadas del mayor recorrido que realizan las navieras ante el conflicto del Mar Rojo que persiste desde enero.<\/p>\n<p><em>\u201cNuestro compromiso es neutralizar en 14,1 Kg de CO2 por unidad de moto. La nueva ruta de los buques, por Cabo de Nueva Esperanza, con un 56% m\u00e1s de recorrido, nos ha originado un reto de sostenibilidad adicional al conocido incremento de costes y tiempos. La nueva ruta nos incrementa en 1,6 veces la huella de carbono en la ruta mar\u00edtima que es la responsable del 75% de nuestra huella total\u201d, <\/em>ha explicado Carlos Wang, director General de KYMCO Espa\u00f1a.<\/p>\n<p><a href=\"https:\/\/www.kymco.es\/prensa\/wp-content\/uploads\/2024\/06\/skytown125abs-5.jpg\"><img class=\"aligncenter size-full wp-image-11500\" src=\"https:\/\/www.kymco.es\/prensa\/wp-content\/uploads\/2024\/06\/skytown125abs-5.jpg\" alt=\"\" width=\"1200\" height=\"800\" srcset=\"https:\/\/www.kymco.es\/prensa\/wp-content\/uploads\/2024\/06\/skytown125abs-5-200x133.jpg 200w, https:\/\/www.kymco.es\/prensa\/wp-content\/uploads\/2024\/06\/skytown125abs-5-300x200.jpg 300w, https:\/\/www.kymco.es\/prensa\/wp-content\/uploads\/2024\/06\/skytown125abs-5-370x247.jpg 370w, https:\/\/www.kymco.es\/prensa\/wp-content\/uploads\/2024\/06\/skytown125abs-5-400x267.jpg 400w, https:\/\/www.kymco.es\/prensa\/wp-content\/uploads\/2024\/06\/skytown125abs-5-600x400.jpg 600w, https:\/\/www.kymco.es\/prensa\/wp-content\/uploads\/2024\/06\/skytown125abs-5-768x512.jpg 768w, https:\/\/www.kymco.es\/prensa\/wp-content\/uploads\/2024\/06\/skytown125abs-5-800x533.jpg 800w, https:\/\/www.kymco.es\/prensa\/wp-content\/uploads\/2024\/06\/skytown125abs-5-900x600.jpg 900w, https:\/\/www.kymco.es\/prensa\/wp-content\/uploads\/2024\/06\/skytown125abs-5-1024x683.jpg 1024w, https:\/\/www.kymco.es\/prensa\/wp-content\/uploads\/2024\/06\/skytown125abs-5.jpg 1200w\" sizes=\"(max-width: 1200px) 100vw, 1200px\" \/><\/a><\/p>\n<p><strong>Totalmente nuevo y superior<\/strong><\/p>\n<p>Motor, chasis, dise\u00f1o, medidas\u2026 Es un veh\u00edculo totalmente nuevo en la gama KYMCO: de los 427 elementos que forman el veh\u00edculo, solo 61 de ellos se utilizan ya en otros veh\u00edculos KYMCO y son principalmente torniller\u00eda y peque\u00f1o material.<\/p>\n<ul>\n<li>Es un veh\u00edculo urbano, y destaca por ser m\u00e1s ligero, m\u00e1s compacto y m\u00e1s bajo. Pesa solo 126 kilos, su distancia entre ejes es de solo 132 cm y su distancia al suelo desde el asiento es solo de 77 cm.<\/li>\n<li>Destaca por tener una mejor respuesta, con un motor (11 CV) pensado para reducir al m\u00ednimo las emisiones. Estas se encuentran muy lejos de los l\u00edmites permitidos de la normativa Euro 5 + que ser\u00e1 obligatoria para todas las motos nuevas en 2025 (los niveles en \u00d3xido de Nitr\u00f3geno se sit\u00faan al 36% de lo permitido; en Hidrocarburos emite la mitad de lo exigido; y en Mon\u00f3xido de Carbono emite solo el 17,3%). Es notable la suavidad de su arranque que est\u00e1 directamente vinculada con el nuevo chasis, que adem\u00e1s de ser un 20% m\u00e1s r\u00edgido, cuenta con un nuevo soporte de motor Ofrece gran estabilidad y control.<\/li>\n<li>Es m\u00e1s seguro, al equipar la centralita de ABS y es adem\u00e1s de doble canal (Bosch); cuenta con disco de freno (delantero de 220 mm con pinza de doble pist\u00f3n de 25 mm; y disco trasero de 200 mm).<\/li>\n<li>Ba\u00fal exclusivo de serie. El veh\u00edculo cuenta con un cofre bajo el asiento con capacidad de un casco integral, pero adem\u00e1s equipa de serie el ba\u00fal original KYMCO, con capacidad para guardar otro casco integral o modular. Es un cofre del mismo color que la moto, elegante, y ultracompacto.<\/li>\n<li>Cuenta con otros elementos interesantes que aumentan la comodidad en los trayectos urbanos, como doble toma USB, doble guantera, pantalla LCD de alto contraste, etc.<\/li>\n<li>Permite realizar 280 km con su dep\u00f3sito de 7 litros.\u00a0<\/li>\n<\/ul>\n<p>&nbsp;<\/p>\n<p><a href=\"https:\/\/www.kymco.es\/prensa\/wp-content\/uploads\/2024\/06\/skytown125abs-10.jpg\"><img class=\"aligncenter size-full wp-image-11495\" src=\"https:\/\/www.kymco.es\/prensa\/wp-content\/uploads\/2024\/06\/skytown125abs-10.jpg\" alt=\"\" width=\"1200\" height=\"800\" srcset=\"https:\/\/www.kymco.es\/prensa\/wp-content\/uploads\/2024\/06\/skytown125abs-10-200x133.jpg 200w, https:\/\/www.kymco.es\/prensa\/wp-content\/uploads\/2024\/06\/skytown125abs-10-300x200.jpg 300w, https:\/\/www.kymco.es\/prensa\/wp-content\/uploads\/2024\/06\/skytown125abs-10-370x247.jpg 370w, https:\/\/www.kymco.es\/prensa\/wp-content\/uploads\/2024\/06\/skytown125abs-10-400x267.jpg 400w, https:\/\/www.kymco.es\/prensa\/wp-content\/uploads\/2024\/06\/skytown125abs-10-600x400.jpg 600w, https:\/\/www.kymco.es\/prensa\/wp-content\/uploads\/2024\/06\/skytown125abs-10-768x512.jpg 768w, https:\/\/www.kymco.es\/prensa\/wp-content\/uploads\/2024\/06\/skytown125abs-10-800x533.jpg 800w, https:\/\/www.kymco.es\/prensa\/wp-content\/uploads\/2024\/06\/skytown125abs-10-900x600.jpg 900w, https:\/\/www.kymco.es\/prensa\/wp-content\/uploads\/2024\/06\/skytown125abs-10-1024x683.jpg 1024w, https:\/\/www.kymco.es\/prensa\/wp-content\/uploads\/2024\/06\/skytown125abs-10.jpg 1200w\" sizes=\"(max-width: 1200px) 100vw, 1200px\" \/><\/a><\/p>\n<ul>\n<li>&gt;&gt;<a href=\"https:\/\/www.kymco.es\/prensa\/attachment_category\/gama\/\"> VER GALER\u00cdA Todas las fotos oficiales #SkyTown125ABS<\/a><\/li>\n<\/ul>\n<p>&nbsp;<\/p>\n<h3 style=\"text-align: center;\"><a class=\"fb-icon-element-1 fb-icon-element fontawesome-icon fa-file-alt far circle-yes fusion-text-flow fusion-link\" style=\"font-size:28.16px;line-height:54.32px;height:56.32px;width:56.32px;border-width:1px;margin-right:16px;\" href=\"https:\/\/www.kymco.es\/prensa\/wp-content\/uploads\/2020\/06\/sondeo-kymco-impactocovid19.pdf\" aria-label=\"Link to https:\/\/www.kymco.es\/prensa\/wp-content\/uploads\/2020\/06\/sondeo-kymco-impactocovid19.pdf\" target=\"_blank\" rel=\"noopener noreferrer\"><\/a><style>a.fb-icon-element.fontawesome-icon.fb-icon-element-1{ color: #ffffff; background-color: #333338; border-color: #333338;}a.fb-icon-element.fontawesome-icon.fb-icon-element-1:hover { color: #ffffff; background-color: #333338; border-color: #333338;}<\/style>\u00a0<a href=\"https:\/\/www.kymco.es\/prensa\/wp-content\/uploads\/2024\/06\/2024-ft-skytown-125-abs.pdf\"><strong><span style=\"font-size: 20px;\"> Ficha T\u00e9cnica Sky Town 125 ABS<\/span><\/strong><\/a><\/h3>\n<p>&nbsp;<\/p>\n<p>&nbsp;<\/p>\n","protected":false},"excerpt":{"rendered":"<p>Scooter totalmente nuevo que supera al superventas KYMCO que ha liderado el ranking de veh\u00edculos de dos ruedas de todas las categor\u00edas del mercado durante varios ejercicios. Acaba de entrar en la fase de\u00a0producci\u00f3n y su primer destino europeo ser\u00e1 el mercado espa\u00f1ol. Estar\u00e1 disponible en septiembre en dos colores exclusivos para Espa\u00f1a (gris brillo y blanco brillo) a un precio de 2.999 euros con matr\u00edcula gratis y ba\u00fal KYMCO de serie. Adem\u00e1s, el veh\u00edculo ser\u00e1 la primera moto en<strong> neutralizar huella de carbono<\/strong>.\u00a0<\/p>\n","protected":false},"author":2,"featured_media":11496,"comment_status":"closed","ping_status":"closed","sticky":false,"template":"","format":"standard","meta":[],"categories":[520,449],"tags":[],"yoast_head":"<!-- This site is optimized with the Yoast SEO plugin v17.1 - https:\/\/yoast.com\/wordpress\/plugins\/seo\/ -->\n<title>KYMCO Espa\u00f1a anuncia Sky Town 125 ABS - KYMCO Espa\u00f1a<\/title>\n<meta name=\"robots\" content=\"index, follow, max-snippet:-1, max-image-preview:large, max-video-preview:-1\" \/>\n<link rel=\"canonical\" href=\"https:\/\/www.kymco.es\/prensa\/nota-de-prensa\/kymco-espana-anuncia-sky-town-125-abs\/\" \/>\n<meta property=\"og:locale\" content=\"es_ES\" \/>\n<meta property=\"og:type\" content=\"article\" \/>\n<meta property=\"og:title\" content=\"KYMCO Espa\u00f1a anuncia Sky Town 125 ABS - KYMCO Espa\u00f1a\" \/>\n<meta property=\"og:description\" content=\"Scooter totalmente nuevo que supera al superventas KYMCO que ha liderado el ranking de veh\u00edculos de dos ruedas de todas las categor\u00edas del mercado durante varios ejercicios. Acaba de entrar en la fase de\u00a0producci\u00f3n y su primer destino europeo ser\u00e1 el mercado espa\u00f1ol. Estar\u00e1 disponible en septiembre en dos colores exclusivos para Espa\u00f1a (gris brillo y blanco brillo) a un precio de 2.999 euros con matr\u00edcula gratis y ba\u00fal KYMCO de serie. Adem\u00e1s, el veh\u00edculo ser\u00e1 la primera moto en neutralizar huella de carbono.\u00a0\" \/>\n<meta property=\"og:url\" content=\"https:\/\/www.kymco.es\/prensa\/nota-de-prensa\/kymco-espana-anuncia-sky-town-125-abs\/\" \/>\n<meta property=\"og:site_name\" content=\"KYMCO Espa\u00f1a\" \/>\n<meta property=\"article:published_time\" content=\"2024-06-26T07:14:28+00:00\" \/>\n<meta property=\"article:modified_time\" content=\"2024-08-06T10:29:58+00:00\" \/>\n<meta property=\"og:image\" content=\"https:\/\/www.kymco.es\/prensa\/wp-content\/uploads\/2024\/06\/skytown125abs-1.jpg\" \/>\n\t<meta property=\"og:image:width\" content=\"1200\" \/>\n\t<meta property=\"og:image:height\" content=\"800\" \/>\n<meta name=\"twitter:card\" content=\"summary_large_image\" \/>\n<meta name=\"twitter:label1\" content=\"Escrito por\" \/>\n\t<meta name=\"twitter:data1\" content=\"KYMCO Espa\u00f1a\" \/>\n\t<meta name=\"twitter:label2\" content=\"Tiempo de lectura\" \/>\n\t<meta name=\"twitter:data2\" content=\"4 minutos\" \/>\n<script type=\"application\/ld+json\" class=\"yoast-schema-graph\">{\"@context\":\"https:\/\/schema.org\",\"@graph\":[{\"@type\":\"WebSite\",\"@id\":\"https:\/\/www.kymco.es\/prensa\/#website\",\"url\":\"https:\/\/www.kymco.es\/prensa\/\",\"name\":\"KYMCO Espa\\u00f1a\",\"description\":\"Marca de movilidad personal\",\"potentialAction\":[{\"@type\":\"SearchAction\",\"target\":{\"@type\":\"EntryPoint\",\"urlTemplate\":\"https:\/\/www.kymco.es\/prensa\/?s={search_term_string}\"},\"query-input\":\"required name=search_term_string\"}],\"inLanguage\":\"es\"},{\"@type\":\"ImageObject\",\"@id\":\"https:\/\/www.kymco.es\/prensa\/nota-de-prensa\/kymco-espana-anuncia-sky-town-125-abs\/#primaryimage\",\"inLanguage\":\"es\",\"url\":\"https:\/\/www.kymco.es\/prensa\/wp-content\/uploads\/2024\/06\/skytown125abs-1.jpg\",\"contentUrl\":\"https:\/\/www.kymco.es\/prensa\/wp-content\/uploads\/2024\/06\/skytown125abs-1.jpg\",\"width\":1200,\"height\":800},{\"@type\":\"WebPage\",\"@id\":\"https:\/\/www.kymco.es\/prensa\/nota-de-prensa\/kymco-espana-anuncia-sky-town-125-abs\/#webpage\",\"url\":\"https:\/\/www.kymco.es\/prensa\/nota-de-prensa\/kymco-espana-anuncia-sky-town-125-abs\/\",\"name\":\"KYMCO Espa\\u00f1a anuncia Sky Town 125 ABS - KYMCO Espa\\u00f1a\",\"isPartOf\":{\"@id\":\"https:\/\/www.kymco.es\/prensa\/#website\"},\"primaryImageOfPage\":{\"@id\":\"https:\/\/www.kymco.es\/prensa\/nota-de-prensa\/kymco-espana-anuncia-sky-town-125-abs\/#primaryimage\"},\"datePublished\":\"2024-06-26T07:14:28+00:00\",\"dateModified\":\"2024-08-06T10:29:58+00:00\",\"author\":{\"@id\":\"https:\/\/www.kymco.es\/prensa\/#\/schema\/person\/b315bb551f7fe40b3f8f1b4768f556c4\"},\"breadcrumb\":{\"@id\":\"https:\/\/www.kymco.es\/prensa\/nota-de-prensa\/kymco-espana-anuncia-sky-town-125-abs\/#breadcrumb\"},\"inLanguage\":\"es\",\"potentialAction\":[{\"@type\":\"ReadAction\",\"target\":[\"https:\/\/www.kymco.es\/prensa\/nota-de-prensa\/kymco-espana-anuncia-sky-town-125-abs\/\"]}]},{\"@type\":\"BreadcrumbList\",\"@id\":\"https:\/\/www.kymco.es\/prensa\/nota-de-prensa\/kymco-espana-anuncia-sky-town-125-abs\/#breadcrumb\",\"itemListElement\":[{\"@type\":\"ListItem\",\"position\":1,\"name\":\"Portada\",\"item\":\"https:\/\/www.kymco.es\/prensa\/\"},{\"@type\":\"ListItem\",\"position\":2,\"name\":\"KYMCO Espa\\u00f1a anuncia Sky Town 125 ABS\"}]},{\"@type\":\"Person\",\"@id\":\"https:\/\/www.kymco.es\/prensa\/#\/schema\/person\/b315bb551f7fe40b3f8f1b4768f556c4\",\"name\":\"KYMCO Espa\\u00f1a\",\"url\":\"https:\/\/www.kymco.es\/prensa\/author\/vanessasaedrin\/\"}]}<\/script>\n<!-- \/ Yoast SEO plugin. -->","yoast_head_json":{"title":"KYMCO Espa\u00f1a anuncia Sky Town 125 ABS - KYMCO Espa\u00f1a","robots":{"index":"index","follow":"follow","max-snippet":"max-snippet:-1","max-image-preview":"max-image-preview:large","max-video-preview":"max-video-preview:-1"},"canonical":"https:\/\/www.kymco.es\/prensa\/nota-de-prensa\/kymco-espana-anuncia-sky-town-125-abs\/","og_locale":"es_ES","og_type":"article","og_title":"KYMCO Espa\u00f1a anuncia Sky Town 125 ABS - KYMCO Espa\u00f1a","og_description":"Scooter totalmente nuevo que supera al superventas KYMCO que ha liderado el ranking de veh\u00edculos de dos ruedas de todas las categor\u00edas del mercado durante varios ejercicios. Acaba de entrar en la fase de\u00a0producci\u00f3n y su primer destino europeo ser\u00e1 el mercado espa\u00f1ol. Estar\u00e1 disponible en septiembre en dos colores exclusivos para Espa\u00f1a (gris brillo y blanco brillo) a un precio de 2.999 euros con matr\u00edcula gratis y ba\u00fal KYMCO de serie. Adem\u00e1s, el veh\u00edculo ser\u00e1 la primera moto en neutralizar huella de carbono.\u00a0","og_url":"https:\/\/www.kymco.es\/prensa\/nota-de-prensa\/kymco-espana-anuncia-sky-town-125-abs\/","og_site_name":"KYMCO Espa\u00f1a","article_published_time":"2024-06-26T07:14:28+00:00","article_modified_time":"2024-08-06T10:29:58+00:00","og_image":[{"width":1200,"height":800,"url":"https:\/\/www.kymco.es\/prensa\/wp-content\/uploads\/2024\/06\/skytown125abs-1.jpg","path":"\/var\/www\/html\/kymco.es\/prensa\/wp-content\/uploads\/2024\/06\/skytown125abs-1.jpg","size":"full","id":11496,"alt":"","pixels":960000,"type":"image\/jpeg"}],"twitter_card":"summary_large_image","twitter_misc":{"Escrito por":"KYMCO Espa\u00f1a","Tiempo de lectura":"4 minutos"},"schema":{"@context":"https:\/\/schema.org","@graph":[{"@type":"WebSite","@id":"https:\/\/www.kymco.es\/prensa\/#website","url":"https:\/\/www.kymco.es\/prensa\/","name":"KYMCO Espa\u00f1a","description":"Marca de movilidad personal","potentialAction":[{"@type":"SearchAction","target":{"@type":"EntryPoint","urlTemplate":"https:\/\/www.kymco.es\/prensa\/?s={search_term_string}"},"query-input":"required name=search_term_string"}],"inLanguage":"es"},{"@type":"ImageObject","@id":"https:\/\/www.kymco.es\/prensa\/nota-de-prensa\/kymco-espana-anuncia-sky-town-125-abs\/#primaryimage","inLanguage":"es","url":"https:\/\/www.kymco.es\/prensa\/wp-content\/uploads\/2024\/06\/skytown125abs-1.jpg","contentUrl":"https:\/\/www.kymco.es\/prensa\/wp-content\/uploads\/2024\/06\/skytown125abs-1.jpg","width":1200,"height":800},{"@type":"WebPage","@id":"https:\/\/www.kymco.es\/prensa\/nota-de-prensa\/kymco-espana-anuncia-sky-town-125-abs\/#webpage","url":"https:\/\/www.kymco.es\/prensa\/nota-de-prensa\/kymco-espana-anuncia-sky-town-125-abs\/","name":"KYMCO Espa\u00f1a anuncia Sky Town 125 ABS - KYMCO Espa\u00f1a","isPartOf":{"@id":"https:\/\/www.kymco.es\/prensa\/#website"},"primaryImageOfPage":{"@id":"https:\/\/www.kymco.es\/prensa\/nota-de-prensa\/kymco-espana-anuncia-sky-town-125-abs\/#primaryimage"},"datePublished":"2024-06-26T07:14:28+00:00","dateModified":"2024-08-06T10:29:58+00:00","author":{"@id":"https:\/\/www.kymco.es\/prensa\/#\/schema\/person\/b315bb551f7fe40b3f8f1b4768f556c4"},"breadcrumb":{"@id":"https:\/\/www.kymco.es\/prensa\/nota-de-prensa\/kymco-espana-anuncia-sky-town-125-abs\/#breadcrumb"},"inLanguage":"es","potentialAction":[{"@type":"ReadAction","target":["https:\/\/www.kymco.es\/prensa\/nota-de-prensa\/kymco-espana-anuncia-sky-town-125-abs\/"]}]},{"@type":"BreadcrumbList","@id":"https:\/\/www.kymco.es\/prensa\/nota-de-prensa\/kymco-espana-anuncia-sky-town-125-abs\/#breadcrumb","itemListElement":[{"@type":"ListItem","position":1,"name":"Portada","item":"https:\/\/www.kymco.es\/prensa\/"},{"@type":"ListItem","position":2,"name":"KYMCO Espa\u00f1a anuncia Sky Town 125 ABS"}]},{"@type":"Person","@id":"https:\/\/www.kymco.es\/prensa\/#\/schema\/person\/b315bb551f7fe40b3f8f1b4768f556c4","name":"KYMCO Espa\u00f1a","url":"https:\/\/www.kymco.es\/prensa\/author\/vanessasaedrin\/"}]}},"_links":{"self":[{"href":"https:\/\/www.kymco.es\/prensa\/wp-json\/wp\/v2\/posts\/11480"}],"collection":[{"href":"https:\/\/www.kymco.es\/prensa\/wp-json\/wp\/v2\/posts"}],"about":[{"href":"https:\/\/www.kymco.es\/prensa\/wp-json\/wp\/v2\/types\/post"}],"author":[{"embeddable":true,"href":"https:\/\/www.kymco.es\/prensa\/wp-json\/wp\/v2\/users\/2"}],"replies":[{"embeddable":true,"href":"https:\/\/www.kymco.es\/prensa\/wp-json\/wp\/v2\/comments?post=11480"}],"version-history":[{"count":5,"href":"https:\/\/www.kymco.es\/prensa\/wp-json\/wp\/v2\/posts\/11480\/revisions"}],"predecessor-version":[{"id":11510,"href":"https:\/\/www.kymco.es\/prensa\/wp-json\/wp\/v2\/posts\/11480\/revisions\/11510"}],"wp:featuredmedia":[{"embeddable":true,"href":"https:\/\/www.kymco.es\/prensa\/wp-json\/wp\/v2\/media\/11496"}],"wp:attachment":[{"href":"https:\/\/www.kymco.es\/prensa\/wp-json\/wp\/v2\/media?parent=11480"}],"wp:term":[{"taxonomy":"category","embeddable":true,"href":"https:\/\/www.kymco.es\/prensa\/wp-json\/wp\/v2\/categories?post=11480"},{"taxonomy":"post_tag","embeddable":true,"href":"https:\/\/www.kymco.es\/prensa\/wp-json\/wp\/v2\/tags?post=11480"}],"curies":[{"name":"wp","href":"https:\/\/api.w.org\/{rel}","templated":true}]}}