{"id":11389,"date":"2024-02-01T13:32:51","date_gmt":"2024-02-01T12:32:51","guid":{"rendered":"https:\/\/www.kymco.es\/prensa\/?p=11389"},"modified":"2024-04-01T15:34:53","modified_gmt":"2024-04-01T13:34:53","slug":"kymco-sube-un-216-sus-ventas-y-anuncia-descuentos-de-hasta-500-euros-y-matricula-gratis","status":"publish","type":"post","link":"https:\/\/www.kymco.es\/prensa\/nota-de-prensa\/kymco-sube-un-216-sus-ventas-y-anuncia-descuentos-de-hasta-500-euros-y-matricula-gratis\/","title":{"rendered":"KYMCO sube un 21,6 % sus ventas y anuncia descuentos de hasta 500 euros y matr\u00edcula gratis"},"content":{"rendered":"<p><a href=\"https:\/\/www.kymco.es\/prensa\/wp-content\/uploads\/2024\/01\/agility-s-125-abs-exterior-39-.jpg\"><img class=\"size-full wp-image-11390\" src=\"https:\/\/www.kymco.es\/prensa\/wp-content\/uploads\/2024\/01\/agility-s-125-abs-exterior-39-.jpg\" alt=\"\" width=\"1200\" height=\"900\" srcset=\"https:\/\/www.kymco.es\/prensa\/wp-content\/uploads\/2024\/01\/agility-s-125-abs-exterior-39--200x150.jpg 200w, https:\/\/www.kymco.es\/prensa\/wp-content\/uploads\/2024\/01\/agility-s-125-abs-exterior-39--300x225.jpg 300w, https:\/\/www.kymco.es\/prensa\/wp-content\/uploads\/2024\/01\/agility-s-125-abs-exterior-39--370x278.jpg 370w, https:\/\/www.kymco.es\/prensa\/wp-content\/uploads\/2024\/01\/agility-s-125-abs-exterior-39--400x300.jpg 400w, https:\/\/www.kymco.es\/prensa\/wp-content\/uploads\/2024\/01\/agility-s-125-abs-exterior-39--533x400.jpg 533w, https:\/\/www.kymco.es\/prensa\/wp-content\/uploads\/2024\/01\/agility-s-125-abs-exterior-39--600x450.jpg 600w, https:\/\/www.kymco.es\/prensa\/wp-content\/uploads\/2024\/01\/agility-s-125-abs-exterior-39--768x576.jpg 768w, https:\/\/www.kymco.es\/prensa\/wp-content\/uploads\/2024\/01\/agility-s-125-abs-exterior-39--800x600.jpg 800w, https:\/\/www.kymco.es\/prensa\/wp-content\/uploads\/2024\/01\/agility-s-125-abs-exterior-39--1024x768.jpg 1024w, https:\/\/www.kymco.es\/prensa\/wp-content\/uploads\/2024\/01\/agility-s-125-abs-exterior-39-.jpg 1200w\" sizes=\"(max-width: 1200px) 100vw, 1200px\" \/><\/a><\/p>\n<ul>\n<li><strong>Prev\u00e9 acercar a\u00fan m\u00e1s la movilidad dos ruedas a los usuarios y pone en marcha una campa\u00f1a de bajada de precios desde el 5 de febrero hasta el 31 de marzo, ambos inclusive<\/strong><\/li>\n<li><strong>KYMCO posee una posici\u00f3n de liderazgo en movilidad urbana y en particular en \u2018Scooters\u2019, el veh\u00edculo que prefiere la mayor\u00eda de los usuarios de motos (55,6 % en 2023)<\/strong><\/li>\n<\/ul>\n<p><strong>Madrid, 1 de febrero. \u00a0<\/strong>KYMCO, en el <em>top<\/em> 3 de las marcas de motos de mayor volumen de ventas en Espa\u00f1a, ha anunciado una rebaja significativa de los precios de toda su gama de scooters de hasta 500 euros (PVPR) y matr\u00edcula gratis, tras incrementar sus ventas un 21,6 % en 2023 y sumar 15.805 unidades matriculadas.<\/p>\n<p>\u201cHa sido un ejercicio en el que hemos superado grandes retos. Desdoblamos el superventas \u2018Agility\u2019 de 125 cc; y sus dos versiones, <a href=\"https:\/\/www.kymco.es\/prensa\/nota-de-prensa\/kymco-espana-anuncia-agility-city-plus\/\">Agility City Plus<\/a> (6.681 unidades) y <a href=\"https:\/\/www.kymco.es\/prensa\/nota-de-prensa\/kymco-espana-anuncia-agility-s-125-abs\/\">Agility S 125 ABS<\/a> (2.186 unidades), han logrado r\u00e9cord de matriculaciones del mercado \u20182 Ruedas\u2019, 8.867 unidades en 2023. Hemos estado as\u00ed m\u00e1s cerca de los usuarios y seguiremos trabajando para llegar mejor a ellos, en el actual periodo de necesidad de movilidad \u00e1gil y eficiente\u201d, ha explicado Carlos Wang, director General de KYMCO Espa\u00f1a.<\/p>\n<p>Los usuarios particulares de motos prefieren mayoritariamente los scooters (el 55,6 % ha elegido esta opci\u00f3n el a\u00f1o pasado), sobre todo aquellos de uso espec\u00edficamente urbano (3 de cada 4 scooters matriculados son de cilindradas de 50 cc y 125 cc). KYMCO, segunda marca m\u00e1s demandada de scooter, increment\u00f3 las ventas de este tipo de veh\u00edculos un 32,3 % en 2023, con una cuota del 17,33 %. La marca ha continuado esta tendencia alcista y, en enero de 2024, ha registrado un incremento del 12,80 % de las ventas de scooters urbanos, es decir, crece a doble velocidad que el sector (5,57 %).\u00a0<\/p>\n<p><strong>\u00a0\u2018Outlet Sale\u2019<\/strong><\/p>\n<p>Desde esta posici\u00f3n de liderazgo y con este deseo de seguir estando junto a los usuarios particulares, la marca aplicar\u00e1 <strong>descuentos<\/strong> importantes e incluir\u00e1 la <strong>matr\u00edcula gratis<\/strong> en <strong>todas las motocicletas<\/strong> a partir de la semana pr\u00f3xima. La campa\u00f1a, de nombre<em> \u2018Outlet Sale<\/em>\u2019, se extiende desde el pr\u00f3ximo 5 de febrero hasta el 31 de marzo, ambos incluidos.<\/p>\n<p>Los superventas mencionados, <strong>Aglity City Plus y Agility S 125 ABS<\/strong>, se comercializar\u00e1n por solo 2.249 euros y 2.649 euros, respectivamente (ahorros de 150 euros). El mayor descuento de la campa\u00f1a es de 500 euros y se aplicar\u00e1 al buque insignia KYMCO, <a href=\"https:\/\/www.kymco.es\/prensa\/nota-de-prensa\/el-nuevo-xciting-vs-400-mas-seguro-y-comodo-disponible-en-espana\/\">Xciting VS 400<\/a>, cuyo precio recomendado baja hasta los 6.499 euros; y al <em>crossover adventure<\/em><strong> DTX 350<\/strong>, que se comercializar\u00e1 por solo 5.199 euros. \u00a0<\/p>\n<p>El scooter de rueda alta por excelencia, <strong>People S 125<\/strong>, se situar\u00e1 en los 3.199 euros, con un descuento de 300 euros. Por su parte, el <strong>X-Town CT 125<\/strong> tendr\u00e1 un precio de solo 3.799 euros (descuento de 400 euros) y de solo 4.299 euros (descuento de 400 euros) su versi\u00f3n en 300 cc.<\/p>\n<p>La versi\u00f3n <em>crossover adventure <\/em>de 125 cc<em>,<\/em> <strong>DTX 125<\/strong>, tendr\u00e1 un precio de 4.049 euros (450 euros menos) y de 4.399 euros (400 euros menos) en la versi\u00f3n que equipa <strong>control de tracci\u00f3n TCS.<\/strong><\/p>\n<p>&nbsp;<\/p>\n<p><em><strong>Sobre KYMCO Espa\u00f1a<\/strong><\/em><\/p>\n<p><em>Primera marca de movilidad urbana, especializada en la comercializaci\u00f3n de scooters urbanos en el canal Particular (cuota del 17,33 %, 2023). Se fund\u00f3 en 1994 en Madrid bajo la directriz de un plan de crecimiento a largo plazo basado fundamentalmente en la creaci\u00f3n de una red de distribuci\u00f3n s\u00f3lida, eficiente y rentable, y en la comercializaci\u00f3n de una gama de gran calidad, innovadora, muy competitiva y de valor para el cliente final. El principal baluarte de la marca es el servicio de posventa, que ha consolidado un sistema in\u00e9dito de gesti\u00f3n de recambios con una plataforma electr\u00f3nica propia que permite ofrecer un servicio directo e inmediato (24 h<span style=\"text-decoration: line-through;\">)<\/span> de suministro de repuestos a m\u00e1s de 800 puntos de venta en Espa\u00f1a. KYMCO Espa\u00f1a se encuentra en constante evoluci\u00f3n y desarrollo de nuevos productos y negocios que aportan soluciones de movilidad urbana y de valor a todos sus clientes, en el centro de todas sus decisiones.\u00a0<\/em><\/p>\n<p><em>KYMCO Espa\u00f1a es parte del <strong>Grupo KYMCO<\/strong> (Kwang Yang Motor Company) fundado en 1963 en Kaohsiung, la segunda ciudad m\u00e1s grande de Taiw\u00e1n. KYMCO desarrolla y fabrica motores, chasis y componentes y est\u00e1 presente en el mercado de ciclomotores, motocicletas, scooters, ATV\u2019S, veh\u00edculos propulsados por gas, scooters el\u00e9ctricos, sillas de ruedas motorizas y bicicletas el\u00e9ctricas. El grupo comercializa sus veh\u00edculos a 102 pa\u00edses de los cinco continentes y lleva m\u00e1s de 35 a\u00f1os export\u00e1ndolos fuera de Asia. En Taiw\u00e1n, KYMCO lidera el mercado desde hace m\u00e1s de 17 a\u00f1os con 3.600 concesionarios. En Europa, KYMCO disfruta de una posici\u00f3n de mercado significativa cuyos ingresos representan m\u00e1s del 50 % de las ventas totales del grupo en el exterior. KYMCO es l\u00edder en el mercado de scooters en Espa\u00f1a<span style=\"text-decoration: line-through;\">.<\/span> Su presidente Allen Ko ha puesto en marcha un plan de crecimiento basado en producir veh\u00edculos capaces de ganarse el coraz\u00f3n de todos los usuarios (Win My Heart) y para ello conf\u00eda en los valores de la compa\u00f1\u00eda (Distinci\u00f3n, Orgullo y Perseverancia).<\/em><\/p>\n<p>&nbsp;<\/p>\n","protected":false},"excerpt":{"rendered":"<p>\u201cHa sido un ejercicio en el que hemos superado grandes retos. Desdoblamos el superventas \u2018Agility\u2019 de 125 cc y alcanzamos la cifra r\u00e9cord de matriculaciones del mercado 2 Ruedas, 8.867 unidades en 2023. Hemos estado as\u00ed m\u00e1s cerca de los usuarios y seguiremos trabajando para llegar mejor a ellos, en el actual periodo de necesidad de movilidad \u00e1gil y eficiente\u201d, ha explicado <strong>Carlos Wang<\/strong>, director General de KYMCO Espa\u00f1a.<\/p>\n","protected":false},"author":2,"featured_media":11390,"comment_status":"closed","ping_status":"closed","sticky":false,"template":"","format":"standard","meta":[],"categories":[520],"tags":[],"yoast_head":"<!-- This site is optimized with the Yoast SEO plugin v17.1 - https:\/\/yoast.com\/wordpress\/plugins\/seo\/ -->\n<title>KYMCO sube un 21,6 % sus ventas y anuncia descuentos de hasta 500 euros y matr\u00edcula gratis - KYMCO Espa\u00f1a<\/title>\n<meta name=\"robots\" content=\"index, follow, max-snippet:-1, max-image-preview:large, max-video-preview:-1\" \/>\n<link rel=\"canonical\" href=\"https:\/\/www.kymco.es\/prensa\/nota-de-prensa\/kymco-sube-un-216-sus-ventas-y-anuncia-descuentos-de-hasta-500-euros-y-matricula-gratis\/\" \/>\n<meta property=\"og:locale\" content=\"es_ES\" \/>\n<meta property=\"og:type\" content=\"article\" \/>\n<meta property=\"og:title\" content=\"KYMCO sube un 21,6 % sus ventas y anuncia descuentos de hasta 500 euros y matr\u00edcula gratis - KYMCO Espa\u00f1a\" \/>\n<meta property=\"og:description\" content=\"\u201cHa sido un ejercicio en el que hemos superado grandes retos. Desdoblamos el superventas \u2018Agility\u2019 de 125 cc y alcanzamos la cifra r\u00e9cord de matriculaciones del mercado 2 Ruedas, 8.867 unidades en 2023. Hemos estado as\u00ed m\u00e1s cerca de los usuarios y seguiremos trabajando para llegar mejor a ellos, en el actual periodo de necesidad de movilidad \u00e1gil y eficiente\u201d, ha explicado Carlos Wang, director General de KYMCO Espa\u00f1a.\" \/>\n<meta property=\"og:url\" content=\"https:\/\/www.kymco.es\/prensa\/nota-de-prensa\/kymco-sube-un-216-sus-ventas-y-anuncia-descuentos-de-hasta-500-euros-y-matricula-gratis\/\" \/>\n<meta property=\"og:site_name\" content=\"KYMCO Espa\u00f1a\" \/>\n<meta property=\"article:published_time\" content=\"2024-02-01T12:32:51+00:00\" \/>\n<meta property=\"article:modified_time\" content=\"2024-04-01T13:34:53+00:00\" \/>\n<meta property=\"og:image\" content=\"https:\/\/www.kymco.es\/prensa\/wp-content\/uploads\/2024\/01\/agility-s-125-abs-exterior-39-.jpg\" \/>\n\t<meta property=\"og:image:width\" content=\"1200\" \/>\n\t<meta property=\"og:image:height\" content=\"900\" \/>\n<meta name=\"twitter:card\" content=\"summary_large_image\" \/>\n<meta name=\"twitter:label1\" content=\"Escrito por\" \/>\n\t<meta name=\"twitter:data1\" content=\"KYMCO Espa\u00f1a\" \/>\n\t<meta name=\"twitter:label2\" content=\"Tiempo de lectura\" \/>\n\t<meta name=\"twitter:data2\" content=\"4 minutos\" \/>\n<script type=\"application\/ld+json\" class=\"yoast-schema-graph\">{\"@context\":\"https:\/\/schema.org\",\"@graph\":[{\"@type\":\"WebSite\",\"@id\":\"https:\/\/www.kymco.es\/prensa\/#website\",\"url\":\"https:\/\/www.kymco.es\/prensa\/\",\"name\":\"KYMCO Espa\\u00f1a\",\"description\":\"Marca de movilidad personal\",\"potentialAction\":[{\"@type\":\"SearchAction\",\"target\":{\"@type\":\"EntryPoint\",\"urlTemplate\":\"https:\/\/www.kymco.es\/prensa\/?s={search_term_string}\"},\"query-input\":\"required name=search_term_string\"}],\"inLanguage\":\"es\"},{\"@type\":\"ImageObject\",\"@id\":\"https:\/\/www.kymco.es\/prensa\/nota-de-prensa\/kymco-sube-un-216-sus-ventas-y-anuncia-descuentos-de-hasta-500-euros-y-matricula-gratis\/#primaryimage\",\"inLanguage\":\"es\",\"url\":\"https:\/\/www.kymco.es\/prensa\/wp-content\/uploads\/2024\/01\/agility-s-125-abs-exterior-39-.jpg\",\"contentUrl\":\"https:\/\/www.kymco.es\/prensa\/wp-content\/uploads\/2024\/01\/agility-s-125-abs-exterior-39-.jpg\",\"width\":1200,\"height\":900,\"caption\":\"Photo: Christian Colmenero Mart\\u00edn \/ Zona IV Producciones\"},{\"@type\":\"WebPage\",\"@id\":\"https:\/\/www.kymco.es\/prensa\/nota-de-prensa\/kymco-sube-un-216-sus-ventas-y-anuncia-descuentos-de-hasta-500-euros-y-matricula-gratis\/#webpage\",\"url\":\"https:\/\/www.kymco.es\/prensa\/nota-de-prensa\/kymco-sube-un-216-sus-ventas-y-anuncia-descuentos-de-hasta-500-euros-y-matricula-gratis\/\",\"name\":\"KYMCO sube un 21,6 % sus ventas y anuncia descuentos de hasta 500 euros y matr\\u00edcula gratis - KYMCO Espa\\u00f1a\",\"isPartOf\":{\"@id\":\"https:\/\/www.kymco.es\/prensa\/#website\"},\"primaryImageOfPage\":{\"@id\":\"https:\/\/www.kymco.es\/prensa\/nota-de-prensa\/kymco-sube-un-216-sus-ventas-y-anuncia-descuentos-de-hasta-500-euros-y-matricula-gratis\/#primaryimage\"},\"datePublished\":\"2024-02-01T12:32:51+00:00\",\"dateModified\":\"2024-04-01T13:34:53+00:00\",\"author\":{\"@id\":\"https:\/\/www.kymco.es\/prensa\/#\/schema\/person\/b315bb551f7fe40b3f8f1b4768f556c4\"},\"breadcrumb\":{\"@id\":\"https:\/\/www.kymco.es\/prensa\/nota-de-prensa\/kymco-sube-un-216-sus-ventas-y-anuncia-descuentos-de-hasta-500-euros-y-matricula-gratis\/#breadcrumb\"},\"inLanguage\":\"es\",\"potentialAction\":[{\"@type\":\"ReadAction\",\"target\":[\"https:\/\/www.kymco.es\/prensa\/nota-de-prensa\/kymco-sube-un-216-sus-ventas-y-anuncia-descuentos-de-hasta-500-euros-y-matricula-gratis\/\"]}]},{\"@type\":\"BreadcrumbList\",\"@id\":\"https:\/\/www.kymco.es\/prensa\/nota-de-prensa\/kymco-sube-un-216-sus-ventas-y-anuncia-descuentos-de-hasta-500-euros-y-matricula-gratis\/#breadcrumb\",\"itemListElement\":[{\"@type\":\"ListItem\",\"position\":1,\"name\":\"Portada\",\"item\":\"https:\/\/www.kymco.es\/prensa\/\"},{\"@type\":\"ListItem\",\"position\":2,\"name\":\"KYMCO sube un 21,6 % sus ventas y anuncia descuentos de hasta 500 euros y matr\\u00edcula gratis\"}]},{\"@type\":\"Person\",\"@id\":\"https:\/\/www.kymco.es\/prensa\/#\/schema\/person\/b315bb551f7fe40b3f8f1b4768f556c4\",\"name\":\"KYMCO Espa\\u00f1a\",\"url\":\"https:\/\/www.kymco.es\/prensa\/author\/vanessasaedrin\/\"}]}<\/script>\n<!-- \/ Yoast SEO plugin. -->","yoast_head_json":{"title":"KYMCO sube un 21,6 % sus ventas y anuncia descuentos de hasta 500 euros y matr\u00edcula gratis - KYMCO Espa\u00f1a","robots":{"index":"index","follow":"follow","max-snippet":"max-snippet:-1","max-image-preview":"max-image-preview:large","max-video-preview":"max-video-preview:-1"},"canonical":"https:\/\/www.kymco.es\/prensa\/nota-de-prensa\/kymco-sube-un-216-sus-ventas-y-anuncia-descuentos-de-hasta-500-euros-y-matricula-gratis\/","og_locale":"es_ES","og_type":"article","og_title":"KYMCO sube un 21,6 % sus ventas y anuncia descuentos de hasta 500 euros y matr\u00edcula gratis - KYMCO Espa\u00f1a","og_description":"\u201cHa sido un ejercicio en el que hemos superado grandes retos. Desdoblamos el superventas \u2018Agility\u2019 de 125 cc y alcanzamos la cifra r\u00e9cord de matriculaciones del mercado 2 Ruedas, 8.867 unidades en 2023. Hemos estado as\u00ed m\u00e1s cerca de los usuarios y seguiremos trabajando para llegar mejor a ellos, en el actual periodo de necesidad de movilidad \u00e1gil y eficiente\u201d, ha explicado Carlos Wang, director General de KYMCO Espa\u00f1a.","og_url":"https:\/\/www.kymco.es\/prensa\/nota-de-prensa\/kymco-sube-un-216-sus-ventas-y-anuncia-descuentos-de-hasta-500-euros-y-matricula-gratis\/","og_site_name":"KYMCO Espa\u00f1a","article_published_time":"2024-02-01T12:32:51+00:00","article_modified_time":"2024-04-01T13:34:53+00:00","og_image":[{"width":1200,"height":900,"url":"https:\/\/www.kymco.es\/prensa\/wp-content\/uploads\/2024\/01\/agility-s-125-abs-exterior-39-.jpg","path":"\/var\/www\/html\/kymco.es\/prensa\/wp-content\/uploads\/2024\/01\/agility-s-125-abs-exterior-39-.jpg","size":"full","id":11390,"alt":"","pixels":1080000,"type":"image\/jpeg"}],"twitter_card":"summary_large_image","twitter_misc":{"Escrito por":"KYMCO Espa\u00f1a","Tiempo de lectura":"4 minutos"},"schema":{"@context":"https:\/\/schema.org","@graph":[{"@type":"WebSite","@id":"https:\/\/www.kymco.es\/prensa\/#website","url":"https:\/\/www.kymco.es\/prensa\/","name":"KYMCO Espa\u00f1a","description":"Marca de movilidad personal","potentialAction":[{"@type":"SearchAction","target":{"@type":"EntryPoint","urlTemplate":"https:\/\/www.kymco.es\/prensa\/?s={search_term_string}"},"query-input":"required name=search_term_string"}],"inLanguage":"es"},{"@type":"ImageObject","@id":"https:\/\/www.kymco.es\/prensa\/nota-de-prensa\/kymco-sube-un-216-sus-ventas-y-anuncia-descuentos-de-hasta-500-euros-y-matricula-gratis\/#primaryimage","inLanguage":"es","url":"https:\/\/www.kymco.es\/prensa\/wp-content\/uploads\/2024\/01\/agility-s-125-abs-exterior-39-.jpg","contentUrl":"https:\/\/www.kymco.es\/prensa\/wp-content\/uploads\/2024\/01\/agility-s-125-abs-exterior-39-.jpg","width":1200,"height":900,"caption":"Photo: Christian Colmenero Mart\u00edn \/ Zona IV Producciones"},{"@type":"WebPage","@id":"https:\/\/www.kymco.es\/prensa\/nota-de-prensa\/kymco-sube-un-216-sus-ventas-y-anuncia-descuentos-de-hasta-500-euros-y-matricula-gratis\/#webpage","url":"https:\/\/www.kymco.es\/prensa\/nota-de-prensa\/kymco-sube-un-216-sus-ventas-y-anuncia-descuentos-de-hasta-500-euros-y-matricula-gratis\/","name":"KYMCO sube un 21,6 % sus ventas y anuncia descuentos de hasta 500 euros y matr\u00edcula gratis - KYMCO Espa\u00f1a","isPartOf":{"@id":"https:\/\/www.kymco.es\/prensa\/#website"},"primaryImageOfPage":{"@id":"https:\/\/www.kymco.es\/prensa\/nota-de-prensa\/kymco-sube-un-216-sus-ventas-y-anuncia-descuentos-de-hasta-500-euros-y-matricula-gratis\/#primaryimage"},"datePublished":"2024-02-01T12:32:51+00:00","dateModified":"2024-04-01T13:34:53+00:00","author":{"@id":"https:\/\/www.kymco.es\/prensa\/#\/schema\/person\/b315bb551f7fe40b3f8f1b4768f556c4"},"breadcrumb":{"@id":"https:\/\/www.kymco.es\/prensa\/nota-de-prensa\/kymco-sube-un-216-sus-ventas-y-anuncia-descuentos-de-hasta-500-euros-y-matricula-gratis\/#breadcrumb"},"inLanguage":"es","potentialAction":[{"@type":"ReadAction","target":["https:\/\/www.kymco.es\/prensa\/nota-de-prensa\/kymco-sube-un-216-sus-ventas-y-anuncia-descuentos-de-hasta-500-euros-y-matricula-gratis\/"]}]},{"@type":"BreadcrumbList","@id":"https:\/\/www.kymco.es\/prensa\/nota-de-prensa\/kymco-sube-un-216-sus-ventas-y-anuncia-descuentos-de-hasta-500-euros-y-matricula-gratis\/#breadcrumb","itemListElement":[{"@type":"ListItem","position":1,"name":"Portada","item":"https:\/\/www.kymco.es\/prensa\/"},{"@type":"ListItem","position":2,"name":"KYMCO sube un 21,6 % sus ventas y anuncia descuentos de hasta 500 euros y matr\u00edcula gratis"}]},{"@type":"Person","@id":"https:\/\/www.kymco.es\/prensa\/#\/schema\/person\/b315bb551f7fe40b3f8f1b4768f556c4","name":"KYMCO Espa\u00f1a","url":"https:\/\/www.kymco.es\/prensa\/author\/vanessasaedrin\/"}]}},"_links":{"self":[{"href":"https:\/\/www.kymco.es\/prensa\/wp-json\/wp\/v2\/posts\/11389"}],"collection":[{"href":"https:\/\/www.kymco.es\/prensa\/wp-json\/wp\/v2\/posts"}],"about":[{"href":"https:\/\/www.kymco.es\/prensa\/wp-json\/wp\/v2\/types\/post"}],"author":[{"embeddable":true,"href":"https:\/\/www.kymco.es\/prensa\/wp-json\/wp\/v2\/users\/2"}],"replies":[{"embeddable":true,"href":"https:\/\/www.kymco.es\/prensa\/wp-json\/wp\/v2\/comments?post=11389"}],"version-history":[{"count":5,"href":"https:\/\/www.kymco.es\/prensa\/wp-json\/wp\/v2\/posts\/11389\/revisions"}],"predecessor-version":[{"id":11447,"href":"https:\/\/www.kymco.es\/prensa\/wp-json\/wp\/v2\/posts\/11389\/revisions\/11447"}],"wp:featuredmedia":[{"embeddable":true,"href":"https:\/\/www.kymco.es\/prensa\/wp-json\/wp\/v2\/media\/11390"}],"wp:attachment":[{"href":"https:\/\/www.kymco.es\/prensa\/wp-json\/wp\/v2\/media?parent=11389"}],"wp:term":[{"taxonomy":"category","embeddable":true,"href":"https:\/\/www.kymco.es\/prensa\/wp-json\/wp\/v2\/categories?post=11389"},{"taxonomy":"post_tag","embeddable":true,"href":"https:\/\/www.kymco.es\/prensa\/wp-json\/wp\/v2\/tags?post=11389"}],"curies":[{"name":"wp","href":"https:\/\/api.w.org\/{rel}","templated":true}]}}